{"id":917,"date":"2009-06-30T08:54:32","date_gmt":"2009-06-30T08:54:32","guid":{"rendered":"http:\/\/blogs.diariovasco.com\/eljukebox\/?p=917"},"modified":"2009-06-30T08:54:32","modified_gmt":"2009-06-30T08:54:32","slug":"el_pueblo_contra_irwin_la_sentencia","status":"publish","type":"post","link":"https:\/\/blogs.diariovasco.com\/eljukebox\/2009\/06\/30\/el_pueblo_contra_irwin_la_sentencia\/","title":{"rendered":"El pueblo contra Irwin: la sentencia"},"content":{"rendered":"<p><P>La sucesi\u00f3n de acontecimientos de calado hist\u00f3rico que vivimos -en la que el cambio del mapa del tiempo de ETB ser\u00eda el \u00faltimo episodio- amenaza con hacer que pasen desapercibidos otros hechos noticiables, no por cotidianos menos interesantes.<\/P><br \/>\n<P>Es el caso de la sentencia conocida ayer que condena al ciclista nudista y ahora tambi\u00e9n exhiBICIonista Irwin a un a\u00f1o de c\u00e1rcel por un delito vulgo conocido como circular en pelotas.<\/P><br \/>\n<P>Los hechos tuvieron lugar el 30 de mayo de 2009, a eso de las 14.40 horas, cuando coincidieron en la donostiarra Plaza de la Brecha el citado deportista, un grupo de ni\u00f1os, otro de disminuidos ps\u00edquicos y dos polic\u00edas municipales. Alguien pensar\u00e1: &#8220;Ya es casualidad&#8221; y efectivamente, lo es.<\/P><br \/>\n<P>La sentencia, por encima de otras consideraciones, es ante todo y en primer t\u00e9rmino, una pieza inmortal de literatura del est\u00edo que rezuma tinto de verano. <\/P><br \/>\n<P>As\u00ed, en ella se relata c\u00f3mo Irwin, tras ser instado a vestirse por los agentes, &#8220;aprovech\u00f3&#8221; el tumulto originado para -\u00bfhuir? \u00bfescaquearse? \u00bfagredir a los agentes? \u00bfechar la culpa al calor? No-, adoptar &#8220;distintas posturas y poses&#8221; y &#8220;mostrar su cuerpo desnudo, realzando la zona de las nalgas y de los \u00f3rganos genitales&#8221;. <\/P><br \/>\n<P>C\u00f3mo consigui\u00f3 el ciudadano franc\u00e9s semejante proeza gimn\u00e1stica es algo que seguramente los peritos habr\u00e1n aclarado en el curso de la vista oral, por mucho que en principio se antoje un ejercicio imposible, dadas las limitaciones del cuerpo humano en materia de contorsi\u00f3n.<\/P><br \/>\n<P>La sentencia reconoce que este tipo de acciones &#8220;pueden resultar incluso rid\u00edculas&#8221; para los adultos -ya que lo menciona, quiz\u00e1s un poco, s\u00ed-, pero pudieron resultar perjudiciales para el grupo de disminuidos ps\u00edquicos presentes en la escena, habituados, por otra parte, a nuestras miradas huidizas, indiferencia y, en \u00faltimo caso, conmiseraci\u00f3n, pero por lo visto tremendamente vulnerables al nudismo inopinado del tal Irwin.<\/P><br \/>\n<P>Por supuesto, en el texto judicial tambi\u00e9n se alude a la infancia, cuyos &#8220;equilibrio ps\u00edquico, par\u00e1metros valorativos, y adecuados desarrollo y maduraci\u00f3n&#8221; se ponen en juego con este tipo de actuaciones.<\/P><br \/>\n<P>Y aqu\u00ed hay que decir que el argumento es inatacable. Porque el impacto psicol\u00f3gico que la desnudez puede causar en unas mentes a\u00fan sin profanar y apenas familiarizadas con el cuerpo humano en todo su esplendor, eso, eso no se borra ni viendo la televisi\u00f3n todo el verano. As\u00ed que doce meses de c\u00e1rcel.<\/P><br \/>\n<P>Caso cerrado. Que pase el siguiente.&nbsp;<\/P><br \/>\n<P>&nbsp;<\/P><\/p>\n<!-- AddThis Advanced Settings generic via filter on the_content --><!-- AddThis Share Buttons generic via filter on the_content -->","protected":false},"excerpt":{"rendered":"<p>La sucesi\u00f3n de acontecimientos de calado hist\u00f3rico que vivimos -en la que el cambio del mapa del tiempo de ETB ser\u00eda el \u00faltimo episodio- amenaza con hacer que pasen desapercibidos otros hechos noticiables, no por cotidianos menos interesantes. Es el caso de la sentencia conocida ayer que condena al ciclista nudista y ahora tambi\u00e9n exhiBICIonista [&hellip;]<!-- AddThis Advanced Settings generic via filter on get_the_excerpt --><!-- AddThis Share Buttons generic via filter on get_the_excerpt --><\/p>\n","protected":false},"author":37,"featured_media":0,"comment_status":"open","ping_status":"closed","sticky":false,"template":"","format":"standard","meta":[],"categories":[2],"tags":[5],"_links":{"self":[{"href":"https:\/\/blogs.diariovasco.com\/eljukebox\/wp-json\/wp\/v2\/posts\/917"}],"collection":[{"href":"https:\/\/blogs.diariovasco.com\/eljukebox\/wp-json\/wp\/v2\/posts"}],"about":[{"href":"https:\/\/blogs.diariovasco.com\/eljukebox\/wp-json\/wp\/v2\/types\/post"}],"author":[{"embeddable":true,"href":"https:\/\/blogs.diariovasco.com\/eljukebox\/wp-json\/wp\/v2\/users\/37"}],"replies":[{"embeddable":true,"href":"https:\/\/blogs.diariovasco.com\/eljukebox\/wp-json\/wp\/v2\/comments?post=917"}],"version-history":[{"count":0,"href":"https:\/\/blogs.diariovasco.com\/eljukebox\/wp-json\/wp\/v2\/posts\/917\/revisions"}],"wp:attachment":[{"href":"https:\/\/blogs.diariovasco.com\/eljukebox\/wp-json\/wp\/v2\/media?parent=917"}],"wp:term":[{"taxonomy":"category","embeddable":true,"href":"https:\/\/blogs.diariovasco.com\/eljukebox\/wp-json\/wp\/v2\/categories?post=917"},{"taxonomy":"post_tag","embeddable":true,"href":"https:\/\/blogs.diariovasco.com\/eljukebox\/wp-json\/wp\/v2\/tags?post=917"}],"curies":[{"name":"wp","href":"https:\/\/api.w.org\/{rel}","templated":true}]}}