{"id":918,"date":"2009-06-30T17:10:23","date_gmt":"2009-06-30T17:10:23","guid":{"rendered":"http:\/\/blogs.diariovasco.com\/eljukebox\/?p=918"},"modified":"2009-06-30T17:10:23","modified_gmt":"2009-06-30T17:10:23","slug":"todo_sobre_mi_mapa","status":"publish","type":"post","link":"https:\/\/blogs.diariovasco.com\/eljukebox\/2009\/06\/30\/todo_sobre_mi_mapa\/","title":{"rendered":"Todo sobre mi mapa"},"content":{"rendered":"<p>Debe ser que el mapa del tiempo es s\u00f3lo otro estado de \u00e1nimo. Como el f\u00fatbol, como la salud, como la econom\u00eda&#8230; En definitiva, como todos los asuntos realmente cruciales en este v\u00eddeo-juego que llamamos vida. Debe ser el signo de los tiempos o quiz\u00e1s tan s\u00f3lo una moda.<\/p>\n<p>Si hablamos del que ahora ha adoptado la ETB para su informaci\u00f3n meteorol\u00f3gica, hay que reconocer que, al menos desde un punto de vista puramente est\u00e9tico, el anterior era bastante superior. Frente al acabado perfecto que luc\u00eda antes, ahora tenemos una especie de dibujo borroso en el que los territorios se incluyen o excluyen arbitrariamente, mientras sus l\u00edmites se difuminan, sin que Navarra deje de ocupar el centro de la imagen.<\/p>\n<p>En cuanto a los aspectos pol\u00edticos, hay una doble dicotom\u00eda: si bien es cierto que el anterior era identificado por la mayor\u00eda de los contribuyentes que sostienen la ETB como el mapa de su pa\u00eds, tambi\u00e9n lo es que para la mayor parte de los habitantes de los territorios representados en el mapa aquello era un acertijo equivalente a cualquier test de Rorschach.<\/p>\n<p>Por alguna raz\u00f3n, se impuesto al l\u00ednea de pensamiento que tiende a considerar el mapa del tiempo m\u00e1s acertado cuanto m\u00e1s se asemeja al g\u00e9nero del autorretrato. Mejor, cuanto m\u00e1s se parece a lo que somos, o al menos, a eso que creemos ser. <\/p>\n<p>Cabe se\u00f1alar en este punto&nbsp; que aunque el cambio del mapa se anunciaba como una liposucci\u00f3n dirigida a menguar el territorio, ha terminado siendo un implante de silicona vinculado a su expansi\u00f3n.&nbsp; El deseo de no parecer demasiado nacionalista e insuficientemente transversal debe ser el motivo. <\/p>\n<p>Todo este debate -una lecci\u00f3n de periodismo sobre las diferencias entre importante e interesante- solapa los aut\u00e9nticos d\u00e9ficits de cualquier informaci\u00f3n meteorol\u00f3gica, una cuesti\u00f3n que estriba en la conveniencia de que se acierte, no ya el tiempo que va a hacer, sino al menos el que est\u00e1 haciendo, que a veces -muchas veces-, ni eso.<\/p>\n<p><\/p>\n<!-- AddThis Advanced Settings generic via filter on the_content --><!-- AddThis Share Buttons generic via filter on the_content -->","protected":false},"excerpt":{"rendered":"<p>Debe ser que el mapa del tiempo es s\u00f3lo otro estado de \u00e1nimo. Como el f\u00fatbol, como la salud, como la econom\u00eda&#8230; En definitiva, como todos los asuntos realmente cruciales en este v\u00eddeo-juego que llamamos vida. Debe ser el signo de los tiempos o quiz\u00e1s tan s\u00f3lo una moda. Si hablamos del que ahora ha [&hellip;]<!-- AddThis Advanced Settings generic via filter on get_the_excerpt --><!-- AddThis Share Buttons generic via filter on get_the_excerpt --><\/p>\n","protected":false},"author":37,"featured_media":0,"comment_status":"open","ping_status":"closed","sticky":false,"template":"","format":"standard","meta":[],"categories":[2],"tags":[5],"_links":{"self":[{"href":"https:\/\/blogs.diariovasco.com\/eljukebox\/wp-json\/wp\/v2\/posts\/918"}],"collection":[{"href":"https:\/\/blogs.diariovasco.com\/eljukebox\/wp-json\/wp\/v2\/posts"}],"about":[{"href":"https:\/\/blogs.diariovasco.com\/eljukebox\/wp-json\/wp\/v2\/types\/post"}],"author":[{"embeddable":true,"href":"https:\/\/blogs.diariovasco.com\/eljukebox\/wp-json\/wp\/v2\/users\/37"}],"replies":[{"embeddable":true,"href":"https:\/\/blogs.diariovasco.com\/eljukebox\/wp-json\/wp\/v2\/comments?post=918"}],"version-history":[{"count":0,"href":"https:\/\/blogs.diariovasco.com\/eljukebox\/wp-json\/wp\/v2\/posts\/918\/revisions"}],"wp:attachment":[{"href":"https:\/\/blogs.diariovasco.com\/eljukebox\/wp-json\/wp\/v2\/media?parent=918"}],"wp:term":[{"taxonomy":"category","embeddable":true,"href":"https:\/\/blogs.diariovasco.com\/eljukebox\/wp-json\/wp\/v2\/categories?post=918"},{"taxonomy":"post_tag","embeddable":true,"href":"https:\/\/blogs.diariovasco.com\/eljukebox\/wp-json\/wp\/v2\/tags?post=918"}],"curies":[{"name":"wp","href":"https:\/\/api.w.org\/{rel}","templated":true}]}}