{"id":978,"date":"2009-09-04T09:11:09","date_gmt":"2009-09-04T09:11:09","guid":{"rendered":"http:\/\/blogs.diariovasco.com\/eljukebox\/?p=978"},"modified":"2009-09-04T09:11:09","modified_gmt":"2009-09-04T09:11:09","slug":"patxilo_en_la_introspeccion","status":"publish","type":"post","link":"https:\/\/blogs.diariovasco.com\/eljukebox\/2009\/09\/04\/patxilo_en_la_introspeccion\/","title":{"rendered":"PatxiLo en la introspecci\u00f3n"},"content":{"rendered":"<p><P>En la imagen, aparece una persona repanchingada sobre un butac\u00f3n. Tiene la pierna derecha cruzada sobre el muslo de la izquierda y la cabeza ligeramente ladeada e inclinada hacia atr\u00e1s. Se acaricia distra\u00eddamente el ment\u00f3n. La mirada se adivina enso\u00f1adora y&nbsp;el cuerpo parece relajado pese a que el conjunto transmite una leve sensaci\u00f3n de forzado contorsionismo. <\/P><br \/>\n<P>Lleva un iPod, por cuyos auriculares suena &#8216;Sad After Sex&#8217;, de Elliott Murphy, o puede que cualquier otro cl\u00e1sico del postcoitum.&nbsp;Est\u00e1 en una enmoquetada y rancia habitaci\u00f3n, junto a una chimenea apagada. El conjunto evoca el inolvidable cartel de &#8216;Emmanuelle negra en Oriente&#8217;.<\/P><br \/>\n<P>Y, sin embargo, se trata de Patxi L\u00f3pez, el lehendakari, de vuelta a Ajuria-Enea, inmortalizado por las c\u00e1maras de la revista &#8216;Vanity Fair&#8217;, dentro de una serie dedicada a la veintena de espa\u00f1oles m\u00e1s influyentes. <\/P><br \/>\n<P>Los cr\u00edticos ya se han apresurado a se\u00f1alar la afrenta que supone el laxo posado de L\u00f3pez, en plena recesi\u00f3n econ\u00f3mica y consiguiente ca\u00edda de la recaudaci\u00f3n. Al fin y al cabo, puestos en semejante encrucijada, los presidentes estadounidenses aparecen invariablemente con las piernas encima de la mesa del Despacho Oval, eso s\u00ed, mientras mantienen cruciales conversaciones telef\u00f3nicas.<\/P><br \/>\n<P>Patxi, sin embargo, es v\u00edctima de una mala interpretaci\u00f3n, fruto de una lectura equ\u00edvoca&nbsp;desde el punto de vista semi\u00f3tico. Porque el lehendakari no se encuentra en pleno asueto en el momento de ser inmortalizado, sino que est\u00e1 meditando o puede que incluso pensando, en cualquier caso, sumido en la actividad&nbsp;m\u00e1s desprestigiada hoy en d\u00eda.<\/P><br \/>\n<P>Es m\u00e1s: algo en el posado permite al ojo entrenado adivinar que todo esto no es sino un peaje que L\u00f3pez se ha visto obligado a pagar para neutralizar la publicaci\u00f3n de unas crudas im\u00e1genes suyas en &#8216;top less&#8217; robadas durante sus recientes vacaciones en las playas del sur.<\/P><br \/>\n<P>En cualquier caso, sirva la an\u00e9cdota para contemplar por segunda vez en apenas un mes los interiores de Ajuria-Enea y certificar definitivamente cu\u00e1n alejados se encuentran de cualquier concepto de contemporaneidad. En cuanto florezcan los &#8216;brotes verdes&#8217;, urge emprender en palacio una reforma much\u00edsimo m\u00e1s profunda e intensa que la sufrida, pongamos el caso, por&nbsp;el mapa del tiempo.<\/P><\/p>\n<!-- AddThis Advanced Settings generic via filter on the_content --><!-- AddThis Share Buttons generic via filter on the_content -->","protected":false},"excerpt":{"rendered":"<p>En la imagen, aparece una persona repanchingada sobre un butac\u00f3n. Tiene la pierna derecha cruzada sobre el muslo de la izquierda y la cabeza ligeramente ladeada e inclinada hacia atr\u00e1s. Se acaricia distra\u00eddamente el ment\u00f3n. La mirada se adivina enso\u00f1adora y&nbsp;el cuerpo parece relajado pese a que el conjunto transmite una leve sensaci\u00f3n de forzado [&hellip;]<!-- AddThis Advanced Settings generic via filter on get_the_excerpt --><!-- AddThis Share Buttons generic via filter on get_the_excerpt --><\/p>\n","protected":false},"author":37,"featured_media":0,"comment_status":"open","ping_status":"closed","sticky":false,"template":"","format":"standard","meta":[],"categories":[2],"tags":[5],"_links":{"self":[{"href":"https:\/\/blogs.diariovasco.com\/eljukebox\/wp-json\/wp\/v2\/posts\/978"}],"collection":[{"href":"https:\/\/blogs.diariovasco.com\/eljukebox\/wp-json\/wp\/v2\/posts"}],"about":[{"href":"https:\/\/blogs.diariovasco.com\/eljukebox\/wp-json\/wp\/v2\/types\/post"}],"author":[{"embeddable":true,"href":"https:\/\/blogs.diariovasco.com\/eljukebox\/wp-json\/wp\/v2\/users\/37"}],"replies":[{"embeddable":true,"href":"https:\/\/blogs.diariovasco.com\/eljukebox\/wp-json\/wp\/v2\/comments?post=978"}],"version-history":[{"count":0,"href":"https:\/\/blogs.diariovasco.com\/eljukebox\/wp-json\/wp\/v2\/posts\/978\/revisions"}],"wp:attachment":[{"href":"https:\/\/blogs.diariovasco.com\/eljukebox\/wp-json\/wp\/v2\/media?parent=978"}],"wp:term":[{"taxonomy":"category","embeddable":true,"href":"https:\/\/blogs.diariovasco.com\/eljukebox\/wp-json\/wp\/v2\/categories?post=978"},{"taxonomy":"post_tag","embeddable":true,"href":"https:\/\/blogs.diariovasco.com\/eljukebox\/wp-json\/wp\/v2\/tags?post=978"}],"curies":[{"name":"wp","href":"https:\/\/api.w.org\/{rel}","templated":true}]}}