{"id":985,"date":"2009-09-10T10:09:31","date_gmt":"2009-09-10T10:09:31","guid":{"rendered":"http:\/\/blogs.diariovasco.com\/eljukebox\/?p=985"},"modified":"2009-09-10T10:09:31","modified_gmt":"2009-09-10T10:09:31","slug":"la_internacional_como_politono","status":"publish","type":"post","link":"https:\/\/blogs.diariovasco.com\/eljukebox\/2009\/09\/10\/la_internacional_como_politono\/","title":{"rendered":"&#039;La Internacional&#039; como politono"},"content":{"rendered":"<p><P>Si la comparsa de Caldereros entona aquello de &#8216;&#8230;venimos de la Hungr\u00eda&#8217;, a nadie se le ocurre pedir a sus miembros el permiso de trabajo, lo mismo que tampoco se reclama un examen ginecol\u00f3gico a Madonna cada vez que canta lo de&nbsp;&#8216;Like a Virgin&#8217;. Basta, sin embargo, que los dirigentes socialistas se lancen a interpretar &#8216;La Internacional&#8217; pu\u00f1o en alto para que se les afee la conducta, esgrimiendo como prueba&nbsp;la desorbitada n\u00f3mina de Paj\u00edn. Toda una injusticia, am\u00e9n de un agravio comparativo.<\/P><br \/>\n<P>El mitin socialista del pasado domingo en Rodiezmo (Le\u00f3n) dio para eso y para mucho m\u00e1s. Ah\u00ed aparec\u00eda, entre otros, Alfonso Guerra, con pintas de Mill\u00e1n Astray y cuya &#8220;lucha final&#8221; se lleva prolongando ya un sinf\u00edn de legislaturas. Los m\u00e1s torticeros ya han se\u00f1alado que ni la citada Paj\u00edn, ni A\u00eddo, ni Guerra y ni el propio ZP figuran entre &#8220;los pobres del mundo&#8221;, ni conforman la &#8220;fam\u00e9lica legi\u00f3n&#8221;. Tonter\u00edas, fruto sin duda&nbsp;de una maldisimulada envidia. Lo que pasa es que el centro-derecha carece de patrimonio \u00e9pico-musical, si exceptuamos la inmortal &#8220;Me col\u00e9 en una fiesta&#8221;, de Mecano.<\/P><br \/>\n<P>&#8216;El Mundo&#8217; fue uno de los muchos los que encontraron grotesca la imagen, aunque en su caso, no lo suficiente. Por eso, se sinti\u00f3 obligado a fundir dos fotos distintas de socialistas pu\u00f1o en alto en una sola. En el resultado final, se dir\u00eda que todos ellos est\u00e1n viajando en Metro, bien agarrados a las correas que cuelgan del techo, salvo ZP, que estar\u00eda gritando aquello de &#8220;\u00a1pr\u00f3xima parada&#8230;&#8221;.<\/P><br \/>\n<P>Del montaje fotogr\u00e1fico se podr\u00e1n decir muchas cosas, pero no que vaya en contra del signo de los tiempos. Si esto hubiese ocurrido en la legislatura anterior, &#8216;El Mundo&#8217; hubiera conseguido que los psocialistas aparecieran cantando el &#8216;Eusko Gudariak&#8217;. Hoy, sin embargo, el tema es otro y, l\u00f3gicamente,&nbsp;la audacia period\u00edstica, tambi\u00e9n.<\/P><br \/>\n<P>La agencia Reuters, que suministr\u00f3 las dos fotograf\u00edas, no lo ha entendido as\u00ed y ha denunciado el montaje, demostrando que algunos siguen anclados en el pasado, obviando que vivimos una revoluci\u00f3n tecnol\u00f3gica. Peor para ellos. Aqu\u00ed la realidad es s\u00f3lo una opini\u00f3n m\u00e1s. Pronto el mismo diario nos informar\u00e1 del nuevo galard\u00f3n internacional que le ha otorgado la profesi\u00f3n period\u00edstica.<\/P><\/p>\n<!-- AddThis Advanced Settings generic via filter on the_content --><!-- AddThis Share Buttons generic via filter on the_content -->","protected":false},"excerpt":{"rendered":"<p>Si la comparsa de Caldereros entona aquello de &#8216;&#8230;venimos de la Hungr\u00eda&#8217;, a nadie se le ocurre pedir a sus miembros el permiso de trabajo, lo mismo que tampoco se reclama un examen ginecol\u00f3gico a Madonna cada vez que canta lo de&nbsp;&#8216;Like a Virgin&#8217;. Basta, sin embargo, que los dirigentes socialistas se lancen a interpretar [&hellip;]<!-- AddThis Advanced Settings generic via filter on get_the_excerpt --><!-- AddThis Share Buttons generic via filter on get_the_excerpt --><\/p>\n","protected":false},"author":37,"featured_media":0,"comment_status":"open","ping_status":"closed","sticky":false,"template":"","format":"standard","meta":[],"categories":[2],"tags":[5],"_links":{"self":[{"href":"https:\/\/blogs.diariovasco.com\/eljukebox\/wp-json\/wp\/v2\/posts\/985"}],"collection":[{"href":"https:\/\/blogs.diariovasco.com\/eljukebox\/wp-json\/wp\/v2\/posts"}],"about":[{"href":"https:\/\/blogs.diariovasco.com\/eljukebox\/wp-json\/wp\/v2\/types\/post"}],"author":[{"embeddable":true,"href":"https:\/\/blogs.diariovasco.com\/eljukebox\/wp-json\/wp\/v2\/users\/37"}],"replies":[{"embeddable":true,"href":"https:\/\/blogs.diariovasco.com\/eljukebox\/wp-json\/wp\/v2\/comments?post=985"}],"version-history":[{"count":0,"href":"https:\/\/blogs.diariovasco.com\/eljukebox\/wp-json\/wp\/v2\/posts\/985\/revisions"}],"wp:attachment":[{"href":"https:\/\/blogs.diariovasco.com\/eljukebox\/wp-json\/wp\/v2\/media?parent=985"}],"wp:term":[{"taxonomy":"category","embeddable":true,"href":"https:\/\/blogs.diariovasco.com\/eljukebox\/wp-json\/wp\/v2\/categories?post=985"},{"taxonomy":"post_tag","embeddable":true,"href":"https:\/\/blogs.diariovasco.com\/eljukebox\/wp-json\/wp\/v2\/tags?post=985"}],"curies":[{"name":"wp","href":"https:\/\/api.w.org\/{rel}","templated":true}]}}