{"id":988,"date":"2009-09-14T17:29:07","date_gmt":"2009-09-14T17:29:07","guid":{"rendered":"http:\/\/blogs.diariovasco.com\/eljukebox\/?p=988"},"modified":"2009-09-14T17:29:07","modified_gmt":"2009-09-14T17:29:07","slug":"azucar","status":"publish","type":"post","link":"https:\/\/blogs.diariovasco.com\/eljukebox\/2009\/09\/14\/azucar\/","title":{"rendered":"Az\u00facar"},"content":{"rendered":"<p><P>De la misma forma que si uno pone la tele y aparecen los Simpson sabe que est\u00e1 viendo Antena 3, si la que aparece en pantalla es Bel\u00e9n Esteban puede tener la completa seguridad de que ha sintonizado Tele 5.<\/P><br \/>\n<P>Un breve par\u00e9ntesis para aclarar, en previsi\u00f3n de que alg\u00fan intelectural lea esto, que Bel\u00e9n Esteban es una cuyo rostro parece obra de un sism\u00f3grafo fuera de control y que se disput\u00f3 con Letizia el t\u00edtulo de &#8220;princesa -marca de bragas- del pueblo&#8221; -suma de individuos que s\u00f3lo se manifiesta como tal en los campos de f\u00fatbol-. No hace falta se\u00f1alar cu\u00e1l de las dos se coron\u00f3.<\/P><br \/>\n<P>Ambas tienen en com\u00fan el hecho de deber su fama al padre de sus hijos, as\u00ed como que no se les entiende nada cuando hablan, en el caso de la segunda, quiz\u00e1s debido a que siempre lo hace gesticulando, a unos&nbsp;treinta metros de los micr\u00f3fonos, mientras se\u00f1ala una y otra vez a la peque\u00f1a Leonor, queriendo decir algo que nunca alcanzaremos a adivinar, as\u00ed le lean alg\u00fan d\u00eda&nbsp;los labios.<\/P><br \/>\n<P>El manoseado &#8216;efecto mariposa&#8217; no s\u00f3lo sirve para ilustrar los fen\u00f3menos de mayor hondura po\u00e9tica, sino tambi\u00e9n los de raigambre &#8216;choni&#8217;. Veamos: siete ciudadanos instan al Defensor del Menor a interesarse por la utilizaci\u00f3n que Esteban hace de su hija -y del torero-, circunstancia que se filtra a la cadena rival, provocando un gran disgusto de la interfecta, la cual horas despu\u00e9s, se persona en plat\u00f3 al borde del coma diab\u00e9tico y pulveriza todos&nbsp;los records de audiencia de la cadena.<\/P><br \/>\n<P>En contra de lo que sostienen los soci\u00f3logos postmodernos, el hecho de que a estas horas&nbsp;de la tarde del lunes&nbsp;las acciones de Tele 5 sean las que m\u00e1s suben de todas las del Ibex-35, triplicando a la&nbsp;siguiente -Repsol YPF-&nbsp;no&nbsp;demuestra en absoluto&nbsp;la importancia del personaje, sino todo lo contrario: este pa\u00eds es una broma.<\/P><br \/>\n<P>Qui\u00e9n sabe, la econom\u00eda es un estado de \u00e1nimo. Bien, quiz\u00e1s los &#8216;brotes verdes&#8217; se fumigan con el az\u00facar de Bel\u00e9n Esteban, de&nbsp;tal forma que&nbsp;cuando el uno sube, los otros florecen.&nbsp;Es m\u00e1s: la mera posibilidad de que Andre\u00edta no quiera cenar pollo puede provocar en el sector de la alimentaci\u00f3n un cataclismo econ\u00f3mico de magnitud, duraci\u00f3n y consecuencias imprevisibles.<\/P><br \/>\n<P>Si finalmente -Al\u00e1 no lo quiera- el Defensor del Menor le retira la custodia de la ni\u00f1a, la econom\u00eda espa\u00f1ola experimentar\u00e1 una recuperaci\u00f3n que ninguna inyecci\u00f3n de liquidez en los mercados hubiera podido alcanzar. Es m\u00e1s, si esto ha de suceder, ojal\u00e1 coincida con la presidencia de turno espa\u00f1ola de la UE.<\/P><br \/>\n<P>&nbsp;<\/P><br \/>\n<P>&nbsp;<\/P><br \/>\n<P>&nbsp;<\/P><br \/>\n<P>&nbsp;<\/P><\/p>\n<!-- AddThis Advanced Settings generic via filter on the_content --><!-- AddThis Share Buttons generic via filter on the_content -->","protected":false},"excerpt":{"rendered":"<p>De la misma forma que si uno pone la tele y aparecen los Simpson sabe que est\u00e1 viendo Antena 3, si la que aparece en pantalla es Bel\u00e9n Esteban puede tener la completa seguridad de que ha sintonizado Tele 5. Un breve par\u00e9ntesis para aclarar, en previsi\u00f3n de que alg\u00fan intelectural lea esto, que Bel\u00e9n [&hellip;]<!-- AddThis Advanced Settings generic via filter on get_the_excerpt --><!-- AddThis Share Buttons generic via filter on get_the_excerpt --><\/p>\n","protected":false},"author":37,"featured_media":0,"comment_status":"open","ping_status":"closed","sticky":false,"template":"","format":"standard","meta":[],"categories":[2],"tags":[5],"_links":{"self":[{"href":"https:\/\/blogs.diariovasco.com\/eljukebox\/wp-json\/wp\/v2\/posts\/988"}],"collection":[{"href":"https:\/\/blogs.diariovasco.com\/eljukebox\/wp-json\/wp\/v2\/posts"}],"about":[{"href":"https:\/\/blogs.diariovasco.com\/eljukebox\/wp-json\/wp\/v2\/types\/post"}],"author":[{"embeddable":true,"href":"https:\/\/blogs.diariovasco.com\/eljukebox\/wp-json\/wp\/v2\/users\/37"}],"replies":[{"embeddable":true,"href":"https:\/\/blogs.diariovasco.com\/eljukebox\/wp-json\/wp\/v2\/comments?post=988"}],"version-history":[{"count":0,"href":"https:\/\/blogs.diariovasco.com\/eljukebox\/wp-json\/wp\/v2\/posts\/988\/revisions"}],"wp:attachment":[{"href":"https:\/\/blogs.diariovasco.com\/eljukebox\/wp-json\/wp\/v2\/media?parent=988"}],"wp:term":[{"taxonomy":"category","embeddable":true,"href":"https:\/\/blogs.diariovasco.com\/eljukebox\/wp-json\/wp\/v2\/categories?post=988"},{"taxonomy":"post_tag","embeddable":true,"href":"https:\/\/blogs.diariovasco.com\/eljukebox\/wp-json\/wp\/v2\/tags?post=988"}],"curies":[{"name":"wp","href":"https:\/\/api.w.org\/{rel}","templated":true}]}}