{"id":990,"date":"2009-09-16T10:30:10","date_gmt":"2009-09-16T10:30:10","guid":{"rendered":"http:\/\/blogs.diariovasco.com\/eljukebox\/?p=990"},"modified":"2009-09-16T10:30:10","modified_gmt":"2009-09-16T10:30:10","slug":"france_telecom_permanezca_a_la_espera","status":"publish","type":"post","link":"https:\/\/blogs.diariovasco.com\/eljukebox\/2009\/09\/16\/france_telecom_permanezca_a_la_espera\/","title":{"rendered":"France T\u00e9l\u00e9com: permanezca a la espera"},"content":{"rendered":"<p>Francia, y especialmente su gobierno, andan revueltos estos d\u00edas ante los 23 suicidios que la compa\u00f1\u00eda France T\u00e9l\u00e9com ha registrado en su plantilla en el \u00faltimo a\u00f1o y medio, unas cifras que ni la m\u00e1s activa c\u00e9lula de Al Quaeda est\u00e1 en condiciones de exhibir.<\/p>\n<p>M\u00e1s all\u00e1 del efecto mim\u00e9tico que se dibujaba en &#8216;Las v\u00edrgenes suicidas&#8217;, los motivos que han empujado a estos 23 empleados del operador de telecomunicaciones a quitarse la vida y a unos cuantos m\u00e1s a autolesionarse permanecen en el vaporoso mundo de lo inaprehensible. Se&nbsp; ha dicho que una de las \u00faltimas suicidas se lanz\u00f3 por la ventana de su oficina tras comunic\u00e1rsele que se le iba a cambiar de jefe, como si eso lo explicara todo.<\/p>\n<p>Todo parece indicar que la presi\u00f3n sobre la plantilla mediante ese tipo de medidas que Arantza Quiroga ha bautizado con el imaginativo eufemismo de &#8220;creatividad empresarial&#8221; ha tenido algo que ver con la concienzuda demolici\u00f3n an\u00edmica de los trabajadores. Por si acaso, la direcci\u00f3n de la empresa ha decidido paralizarlas todas.<\/p>\n<p>En todo caso, la compa\u00f1\u00eda -2.559 millones de euros de beneficio en el primer semestre del a\u00f1o- puede darse por aliviada a la vista de que ninguno de los suicidas ha intentado hasta ahora llevarse por delante a alguno de los ingeniosos gestores que planifica todo esto, bien por falta de cultura yihadista, bien porque \u00e9stos rara vez se ponen a tiro.<\/p>\n<p>La pregunta es si, en situaciones como \u00e9sta, vale la pena culpar a alquien. Vivimos en un sistema perverso que nos hace cada d\u00eda a su imagen y semejanza. Nada dispara tanto el valor de una empresa como el anuncio de despidos inminentes, mejor cuanto m\u00e1s masivos. <\/p>\n<p>De hecho, es mejor no plantearse cuestiones como cu\u00e1nto tiempo resistir\u00edamos si nos dijeran que nuestra casa aumentar\u00eda su cotizaci\u00f3n con tan s\u00f3lo despedir a la empleada de hogar.<\/p>\n<p><\/p>\n<!-- AddThis Advanced Settings generic via filter on the_content --><!-- AddThis Share Buttons generic via filter on the_content -->","protected":false},"excerpt":{"rendered":"<p>Francia, y especialmente su gobierno, andan revueltos estos d\u00edas ante los 23 suicidios que la compa\u00f1\u00eda France T\u00e9l\u00e9com ha registrado en su plantilla en el \u00faltimo a\u00f1o y medio, unas cifras que ni la m\u00e1s activa c\u00e9lula de Al Quaeda est\u00e1 en condiciones de exhibir. M\u00e1s all\u00e1 del efecto mim\u00e9tico que se dibujaba en &#8216;Las [&hellip;]<!-- AddThis Advanced Settings generic via filter on get_the_excerpt --><!-- AddThis Share Buttons generic via filter on get_the_excerpt --><\/p>\n","protected":false},"author":37,"featured_media":0,"comment_status":"open","ping_status":"closed","sticky":false,"template":"","format":"standard","meta":[],"categories":[2],"tags":[5],"_links":{"self":[{"href":"https:\/\/blogs.diariovasco.com\/eljukebox\/wp-json\/wp\/v2\/posts\/990"}],"collection":[{"href":"https:\/\/blogs.diariovasco.com\/eljukebox\/wp-json\/wp\/v2\/posts"}],"about":[{"href":"https:\/\/blogs.diariovasco.com\/eljukebox\/wp-json\/wp\/v2\/types\/post"}],"author":[{"embeddable":true,"href":"https:\/\/blogs.diariovasco.com\/eljukebox\/wp-json\/wp\/v2\/users\/37"}],"replies":[{"embeddable":true,"href":"https:\/\/blogs.diariovasco.com\/eljukebox\/wp-json\/wp\/v2\/comments?post=990"}],"version-history":[{"count":0,"href":"https:\/\/blogs.diariovasco.com\/eljukebox\/wp-json\/wp\/v2\/posts\/990\/revisions"}],"wp:attachment":[{"href":"https:\/\/blogs.diariovasco.com\/eljukebox\/wp-json\/wp\/v2\/media?parent=990"}],"wp:term":[{"taxonomy":"category","embeddable":true,"href":"https:\/\/blogs.diariovasco.com\/eljukebox\/wp-json\/wp\/v2\/categories?post=990"},{"taxonomy":"post_tag","embeddable":true,"href":"https:\/\/blogs.diariovasco.com\/eljukebox\/wp-json\/wp\/v2\/tags?post=990"}],"curies":[{"name":"wp","href":"https:\/\/api.w.org\/{rel}","templated":true}]}}