{"id":993,"date":"2009-09-18T15:34:57","date_gmt":"2009-09-18T15:34:57","guid":{"rendered":"http:\/\/blogs.diariovasco.com\/eljukebox\/?p=993"},"modified":"2009-09-18T15:34:57","modified_gmt":"2009-09-18T15:34:57","slug":"empotrados_en_el_zinemaldia_ii_la_rueda","status":"publish","type":"post","link":"https:\/\/blogs.diariovasco.com\/eljukebox\/2009\/09\/18\/empotrados_en_el_zinemaldia_ii_la_rueda\/","title":{"rendered":"Empotrados en el Zinemaldia (II): la rueda"},"content":{"rendered":"<p>1) Sea porque el reparto lo merece, sea porque era la pel\u00edcula inaugural del Festival, los asistentes a la rueda de prensa de Atom Egoyan han honrado su presencia con todos los tics de las grandes ocasiones. Egoyan presentaba &#8216;Chloe&#8217;, una interesante cinta -que s\u00f3lo patina hacia el final- en forma de triangulo amoroso sobre ese saltimbanqui que llamamos &#8216;deseo sexual&#8217;.<\/p>\n<p>2) Protagonizada por Julianne Moore y Liam Neeson, la cinta era objeto de la habitual controversia postproyecci\u00f3n. Algunos comentaban cu\u00e1n poco les hab\u00eda gustado, se\u00f1all inequ\u00edvoca de que ya han conseguido olvidar &#8216;The other man&#8217;, cinta que inaugur\u00f3 el pasado a\u00f1o el certamen, curiosamente, tambi\u00e9n protagonizada por Liam Neeson, curiosamente, tambi\u00e9n sobre el tema de la infidelidad matrimonial.<\/p>\n<p>3) En cuanto a la rueda de prensa, lo dicho: todos los honores, entendidos \u00e9stos como la dedicaci\u00f3n que exige llevar a cabo previamente un minucioso estudio de las influencias, antecedentes y pormenores de la pel\u00edcula en cuesti\u00f3n. <\/p>\n<p>4) As\u00ed, hubo ocasi\u00f3n de rememorar, equiparar y ponderar no s\u00f3lo &#8216;Nathalie X&#8217;, pel\u00edcula que ha inspirado \u00e9sta, sino tambi\u00e9n &#8216;Teorema&#8217; de Pier Paolo Pasolini e incluso la filmograf\u00eda completa de Egoyan. Un servidor se ha ido cuando el tema a tratar era el papel jugado por los espejos en la pel\u00edcula.<\/p>\n<p>5) Con un ligero retraso sobre el horario anunciado y con lo que en ETB han calificado como todo un detalle por parte de la lluvia -su cese temporal-, ha llegado Brad Pitt, bendito sea el cielo. El advenimiento de la estrella se ha producido en un ambiente como de regatas y si la expectaci\u00f3n no ha alcanzado los niveles de hace dos a\u00f1os con Richard Gere, tampoco la actitud del artista ha sido exactamente la misma. Firma de unos cuantos aut\u00f3grafos y puerta a todos.<\/p>\n<!-- AddThis Advanced Settings generic via filter on the_content --><!-- AddThis Share Buttons generic via filter on the_content -->","protected":false},"excerpt":{"rendered":"<p>1) Sea porque el reparto lo merece, sea porque era la pel\u00edcula inaugural del Festival, los asistentes a la rueda de prensa de Atom Egoyan han honrado su presencia con todos los tics de las grandes ocasiones. Egoyan presentaba &#8216;Chloe&#8217;, una interesante cinta -que s\u00f3lo patina hacia el final- en forma de triangulo amoroso sobre [&hellip;]<!-- AddThis Advanced Settings generic via filter on get_the_excerpt --><!-- AddThis Share Buttons generic via filter on get_the_excerpt --><\/p>\n","protected":false},"author":37,"featured_media":0,"comment_status":"open","ping_status":"closed","sticky":false,"template":"","format":"standard","meta":[],"categories":[2],"tags":[5],"_links":{"self":[{"href":"https:\/\/blogs.diariovasco.com\/eljukebox\/wp-json\/wp\/v2\/posts\/993"}],"collection":[{"href":"https:\/\/blogs.diariovasco.com\/eljukebox\/wp-json\/wp\/v2\/posts"}],"about":[{"href":"https:\/\/blogs.diariovasco.com\/eljukebox\/wp-json\/wp\/v2\/types\/post"}],"author":[{"embeddable":true,"href":"https:\/\/blogs.diariovasco.com\/eljukebox\/wp-json\/wp\/v2\/users\/37"}],"replies":[{"embeddable":true,"href":"https:\/\/blogs.diariovasco.com\/eljukebox\/wp-json\/wp\/v2\/comments?post=993"}],"version-history":[{"count":0,"href":"https:\/\/blogs.diariovasco.com\/eljukebox\/wp-json\/wp\/v2\/posts\/993\/revisions"}],"wp:attachment":[{"href":"https:\/\/blogs.diariovasco.com\/eljukebox\/wp-json\/wp\/v2\/media?parent=993"}],"wp:term":[{"taxonomy":"category","embeddable":true,"href":"https:\/\/blogs.diariovasco.com\/eljukebox\/wp-json\/wp\/v2\/categories?post=993"},{"taxonomy":"post_tag","embeddable":true,"href":"https:\/\/blogs.diariovasco.com\/eljukebox\/wp-json\/wp\/v2\/tags?post=993"}],"curies":[{"name":"wp","href":"https:\/\/api.w.org\/{rel}","templated":true}]}}