{"id":994,"date":"2009-09-19T15:13:53","date_gmt":"2009-09-19T15:13:53","guid":{"rendered":"http:\/\/blogs.diariovasco.com\/eljukebox\/?p=994"},"modified":"2009-09-19T15:13:53","modified_gmt":"2009-09-19T15:13:53","slug":"empotrados_en_el_zinemaldia_iii_accident","status":"publish","type":"post","link":"https:\/\/blogs.diariovasco.com\/eljukebox\/2009\/09\/19\/empotrados_en_el_zinemaldia_iii_accident\/","title":{"rendered":"Empotrados en el Zinemaldia (III): accidentadas proyecciones"},"content":{"rendered":"<p>1) La proyecci\u00f3n de &#8216;El baile de la Victoria&#8217;, de Fernando Trueba, arranc\u00f3 hoy por la ma\u00f1ana sin sonido, aunque a los pocos segundos, se detuvo. Apenas unos minutos despu\u00e9s, la cinta ya estaba de nuevo en marcha. <\/p>\n<p>2) Basada en una novela hom\u00f3nima del temible Antonio Sk\u00e1rmeta, la pelicula es una decepcionante colecci\u00f3n de lugares comunes y personajes clich\u00e9: el entusiasta incombustible, la &#8216;mudita&#8217; que arrastra un trauma, el delincuente que quiere ajustar las \u00faltimas cuentas antes de iniciar una nueva vida y hasta la prostituta de -seguro- noble coraz\u00f3n. Interminable es lo mejor que se puede decir de ella -de la pel\u00edcula, no de la prostituta-.<\/p>\n<p>3) Segunda a concurso: &#8216;Le refuge&#8217;, de Fran\u00e7ois Ozon. Al cuarto de hora de empezar la proyecci\u00f3n, alguien empieza a vomitar. Como quiera que resulta demasiado prematura como para ser una forma de cr\u00edtica cinematogr\u00e1fica, alguien pregunta a gritos si, por casual, hay alg\u00fann m\u00e9dico en la sala. Afortunadamente, hay varios. Comienzan a atender al enfermo.<\/p>\n<p>4) Mientras, en la pantalla prosigue la pel\u00edcula. De nuevo, se alzan voces, esta vez, para pedir que se enciendan las luces y detenga la proyecci\u00f3n, cosa que finalmente sucede. Al cabo de un rato, el paciente se sobrepone y abandona la sala saludando al p\u00fablico y entre los aplausos.<\/p>\n<p>5) Antes de partir hacia nuevos premios y m\u00e1s aventuras, Brad Pitt ha pasado por Chillida-Leku, probablemente, para recordar que &#8216;Lo profundo es el aire&#8217; y no el descomunal consolador que un programa de televisi\u00f3n intent\u00f3 regalarle ayer durante la rueda de prensa.<\/p>\n<p><\/p>\n<!-- AddThis Advanced Settings generic via filter on the_content --><!-- AddThis Share Buttons generic via filter on the_content -->","protected":false},"excerpt":{"rendered":"<p>1) La proyecci\u00f3n de &#8216;El baile de la Victoria&#8217;, de Fernando Trueba, arranc\u00f3 hoy por la ma\u00f1ana sin sonido, aunque a los pocos segundos, se detuvo. Apenas unos minutos despu\u00e9s, la cinta ya estaba de nuevo en marcha. 2) Basada en una novela hom\u00f3nima del temible Antonio Sk\u00e1rmeta, la pelicula es una decepcionante colecci\u00f3n de [&hellip;]<!-- AddThis Advanced Settings generic via filter on get_the_excerpt --><!-- AddThis Share Buttons generic via filter on get_the_excerpt --><\/p>\n","protected":false},"author":37,"featured_media":0,"comment_status":"open","ping_status":"closed","sticky":false,"template":"","format":"standard","meta":[],"categories":[2],"tags":[5],"_links":{"self":[{"href":"https:\/\/blogs.diariovasco.com\/eljukebox\/wp-json\/wp\/v2\/posts\/994"}],"collection":[{"href":"https:\/\/blogs.diariovasco.com\/eljukebox\/wp-json\/wp\/v2\/posts"}],"about":[{"href":"https:\/\/blogs.diariovasco.com\/eljukebox\/wp-json\/wp\/v2\/types\/post"}],"author":[{"embeddable":true,"href":"https:\/\/blogs.diariovasco.com\/eljukebox\/wp-json\/wp\/v2\/users\/37"}],"replies":[{"embeddable":true,"href":"https:\/\/blogs.diariovasco.com\/eljukebox\/wp-json\/wp\/v2\/comments?post=994"}],"version-history":[{"count":0,"href":"https:\/\/blogs.diariovasco.com\/eljukebox\/wp-json\/wp\/v2\/posts\/994\/revisions"}],"wp:attachment":[{"href":"https:\/\/blogs.diariovasco.com\/eljukebox\/wp-json\/wp\/v2\/media?parent=994"}],"wp:term":[{"taxonomy":"category","embeddable":true,"href":"https:\/\/blogs.diariovasco.com\/eljukebox\/wp-json\/wp\/v2\/categories?post=994"},{"taxonomy":"post_tag","embeddable":true,"href":"https:\/\/blogs.diariovasco.com\/eljukebox\/wp-json\/wp\/v2\/tags?post=994"}],"curies":[{"name":"wp","href":"https:\/\/api.w.org\/{rel}","templated":true}]}}