{"id":996,"date":"2009-09-21T15:30:30","date_gmt":"2009-09-21T15:30:30","guid":{"rendered":"http:\/\/blogs.diariovasco.com\/eljukebox\/?p=996"},"modified":"2009-09-21T15:30:30","modified_gmt":"2009-09-21T15:30:30","slug":"empotrados_en_el_zinemaldia_v_no_soy_car","status":"publish","type":"post","link":"https:\/\/blogs.diariovasco.com\/eljukebox\/2009\/09\/21\/empotrados_en_el_zinemaldia_v_no_soy_car\/","title":{"rendered":"Empotrados en el Zinemaldia (V): No soy &#039;cari&#039;"},"content":{"rendered":"<p>1) El influjo del habla madrile\u00f1o sobre el castellano es algo m\u00e1s que t\u00f3xico. El Festival suele ser reflejo de las \u00faltimas innovaciones en la materia. Sin embargo, en el a\u00f1o de la crisis hay que saludar la pr\u00e1ctica desaparici\u00f3n de unaexpresi\u00f3n funesta: &#8220;Cari&#8221;. <\/p>\n<p>2) &#8220;Ahora te toca a ti, &#8216;cari'&#8221;, &#8220;luego te llamo, &#8216;cari'&#8221; o incluso &#8220;perdona, que me suena el m\u00f3vil, &#8216;cari&#8221;. El personal de las productores, distribuidoras, oficinas de prensa y management -o como se diga-, disparaba a discreci\u00f3n la dichosa palabrita, el equivalente socio-laboral a la hogare\u00f1a &#8216;churri&#8217; e igual de inaceptable. Por cierto, junto con &#8216;cari&#8217;, el viento se ha llevado tambi\u00e9n la odiosa costumbre de preguntar: &#8220;\u00bfTe ha gustado la peli?&#8221;. Loado sea el cielo.<\/p>\n<p>3) El esquema de la Secci\u00f3n Oficial, \u00bfse repite a\u00f1o tras a\u00f1o o es tan s\u00f3lo una sensaci\u00f3n fruto del cansancio? \u00bfEstaba escrito en alguna parte que tras el champagne de ayer a cargo de &#8216;El secreto de sus ojos&#8217; llegar\u00eda hoy la resaca de la mano de &#8216;Making plans for Lena&#8217;?<\/p>\n<p>4) El pobre Ang Lee lleva meses explicando por qu\u00e9 su pel\u00edcula sobre el concierto de Woodstock resulta tan sumamente epid\u00e9rmica. Quiz\u00e1s habr\u00eda que observar tal circunstancia como un ejercicio de coherencia: a tal movimiento, tal pel\u00edcula. Dicen que los &#8216;hippies&#8217; cambiaron elmundo. Sin duda. Luego habr\u00e1 que preguntarse en qu\u00e9 sentido. Como cantaban los Cracker: \u00abNo me jodas con paz y amor cuando ni siquiera los tengo dentro de m\u00ed\u00bb.<\/p>\n<p><\/p>\n<!-- AddThis Advanced Settings generic via filter on the_content --><!-- AddThis Share Buttons generic via filter on the_content -->","protected":false},"excerpt":{"rendered":"<p>1) El influjo del habla madrile\u00f1o sobre el castellano es algo m\u00e1s que t\u00f3xico. El Festival suele ser reflejo de las \u00faltimas innovaciones en la materia. Sin embargo, en el a\u00f1o de la crisis hay que saludar la pr\u00e1ctica desaparici\u00f3n de unaexpresi\u00f3n funesta: &#8220;Cari&#8221;. 2) &#8220;Ahora te toca a ti, &#8216;cari&#8217;&#8221;, &#8220;luego te llamo, &#8216;cari&#8217;&#8221; [&hellip;]<!-- AddThis Advanced Settings generic via filter on get_the_excerpt --><!-- AddThis Share Buttons generic via filter on get_the_excerpt --><\/p>\n","protected":false},"author":37,"featured_media":0,"comment_status":"open","ping_status":"closed","sticky":false,"template":"","format":"standard","meta":[],"categories":[2],"tags":[5],"_links":{"self":[{"href":"https:\/\/blogs.diariovasco.com\/eljukebox\/wp-json\/wp\/v2\/posts\/996"}],"collection":[{"href":"https:\/\/blogs.diariovasco.com\/eljukebox\/wp-json\/wp\/v2\/posts"}],"about":[{"href":"https:\/\/blogs.diariovasco.com\/eljukebox\/wp-json\/wp\/v2\/types\/post"}],"author":[{"embeddable":true,"href":"https:\/\/blogs.diariovasco.com\/eljukebox\/wp-json\/wp\/v2\/users\/37"}],"replies":[{"embeddable":true,"href":"https:\/\/blogs.diariovasco.com\/eljukebox\/wp-json\/wp\/v2\/comments?post=996"}],"version-history":[{"count":0,"href":"https:\/\/blogs.diariovasco.com\/eljukebox\/wp-json\/wp\/v2\/posts\/996\/revisions"}],"wp:attachment":[{"href":"https:\/\/blogs.diariovasco.com\/eljukebox\/wp-json\/wp\/v2\/media?parent=996"}],"wp:term":[{"taxonomy":"category","embeddable":true,"href":"https:\/\/blogs.diariovasco.com\/eljukebox\/wp-json\/wp\/v2\/categories?post=996"},{"taxonomy":"post_tag","embeddable":true,"href":"https:\/\/blogs.diariovasco.com\/eljukebox\/wp-json\/wp\/v2\/tags?post=996"}],"curies":[{"name":"wp","href":"https:\/\/api.w.org\/{rel}","templated":true}]}}