{"id":207,"date":"2015-05-15T13:27:13","date_gmt":"2015-05-15T11:27:13","guid":{"rendered":"http:\/\/blogs.diariovasco.com\/eskueking\/?p=207"},"modified":"2015-05-15T13:27:13","modified_gmt":"2015-05-15T11:27:13","slug":"vaquero-para-que-te-quiero","status":"publish","type":"post","link":"https:\/\/blogs.diariovasco.com\/eskueking\/2015\/05\/15\/vaquero-para-que-te-quiero\/","title":{"rendered":"Vaquero para que te quiero"},"content":{"rendered":"<p>Vaquero, tejano, jeans, da igual como le llames a estos pantalones la cuesti\u00f3n es que est\u00e1n hechos con una tela muy resistente y se pueden reutilizar de mil maneras. Hoy traigo ideas para reciclar esos pantalones que guardas como oro en pa\u00f1o. Ya va siendo hora de ser realista y aceptar que por mucho que los guardes no vas a volver a pon\u00e9rtelos, as\u00ed que a darle al coco para hacer algo con ellos y darle un buen uso. A ver que os parece este cesto hecho con tiras de tela vaquera que encontr\u00e9 en <span style=\"text-decoration: underline;\"><strong><a title=\"Ohoh Blog\" href=\"http:\/\/www.ohohblog.com\/2014\/01\/diy-recycled-denim-basket.html\" target=\"_blank\">Ohoh blog<\/a><\/strong><\/span>. La verdad es que tiene bastante curro pero merece la pena.<\/p>\n<p style=\"text-align: center;\">\u00a0<img loading=\"lazy\" class=\"aligncenter\" title=\"Cesto vaquero hecho con poco dinero\" src=\"https:\/\/s-media-cache-ak0.pinimg.com\/736x\/fb\/b5\/19\/fbb5195fec8f285d20b351a8e55c85f1.jpg\" alt=\"\" width=\"589\" height=\"3743\" \/><\/p>\n<p style=\"text-align: left;\">Las mochilas est\u00e1n muy de moda desde hace unos a\u00f1os, son s\u00faper c\u00f3modas y pegan con casi todo. El paso a paso de esta mochila lo encontr\u00e9 en <span style=\"text-decoration: underline;\"><strong><a title=\"Manualidades Infantiles\" href=\"http:\/\/www.manualidadesinfantiles.org\/hacer-una-mochila-de-pantalones-vaqueros\" target=\"_blank\">Manualidades Infantiles<\/a><\/strong><\/span>, parece f\u00e1cil as\u00ed que mis tijeras est\u00e1n ya temblando del trote que les voy a dar.<\/p>\n<p style=\"text-align: left;\"><img loading=\"lazy\" class=\"aligncenter\" title=\"Mochila de vaqueros reciclados\" src=\"\/\/www.manualidadesinfantiles.org\/wp-content\/uploads\/7590285fd895_10A9B\/Hacer-una-Mochila-de-pantalones-vaqueros_thumb.jpg\" alt=\"\" width=\"550\" height=\"420\" \/><\/p>\n<p style=\"text-align: left;\"><img loading=\"lazy\" class=\"aligncenter\" src=\"\/\/3.bp.blogspot.com\/-bjSPJyZx1FY\/UfZRn6USMWI\/AAAAAAAAAy8\/yfPK8mkVPrQ\/s1600\/Back+to+School+DIY+-+Backpack+from+Jeans+-+instruction+1.jpg\" alt=\"\" width=\"640\" height=\"480\" \/><\/p>\n<p style=\"text-align: center;\"><img loading=\"lazy\" class=\"alignnone\" src=\"\/\/3.bp.blogspot.com\/-KEuIdj2zgOs\/UfZRqYyTmfI\/AAAAAAAAAzk\/OVgDNrWResI\/s1600\/Back+to+School+DIY+-+Backpack+from+Jeans+-+instruction+6.jpg\" alt=\"\" width=\"640\" height=\"723\" \/><\/p>\n<p style=\"text-align: center;\"><img loading=\"lazy\" class=\"aligncenter\" src=\"\/\/4.bp.blogspot.com\/-IQrliTCwoyY\/UfZRtl4pnTI\/AAAAAAAAAzw\/AfaX1eHaFSM\/s1600\/Back+to+School+DIY+-+Backpack+from+Jeans+-+instruction+8.jpg\" alt=\"\" width=\"640\" height=\"481\" \/><\/p>\n<p style=\"text-align: center;\">Y con la tela que nos ha sobrado de la mochila podemos hacer un neceser tan mono como el de <span style=\"text-decoration: underline;\"><strong><a title=\"Jessica Rebelo\" href=\"http:\/\/www.jessicarebelo.com\/recycled-denim-pouch-bag-diy\/\" target=\"_blank\">Jessica Rebelo<\/a><\/strong><\/span>.\u00a0<img loading=\"lazy\" class=\"aligncenter\" title=\"Neceser con la pierna de un vaquero reciclado\" src=\"\/\/www.jessicarebelo.com\/wp-content\/uploads\/2013\/08\/denim-pouch-DIY.jpg\" alt=\"\" width=\"529\" height=\"355\" \/><\/p>\n<p style=\"text-align: center;\"><img loading=\"lazy\" class=\"aligncenter\" title=\"Todo lo que necesitas\" src=\"\/\/www.jessicarebelo.com\/wp-content\/uploads\/2013\/08\/denim-pouch-DIY-0.jpg\" alt=\"\" width=\"529\" height=\"704\" \/><img loading=\"lazy\" class=\"aligncenter\" title=\"Unas puntadas para cerrar el neceser\" src=\"\/\/www.jessicarebelo.com\/wp-content\/uploads\/2013\/08\/denim-pouch-DIY-2.jpg\" alt=\"\" width=\"529\" height=\"540\" \/><img loading=\"lazy\" class=\"aligncenter\" title=\"Hora de colocar la goma \" src=\"\/\/www.jessicarebelo.com\/wp-content\/uploads\/2013\/08\/denim-pouch-DIY-3.jpg\" alt=\"\" width=\"529\" height=\"719\" \/><img loading=\"lazy\" class=\"aligncenter\" title=\"Cosemos la goma y el bot\u00f3n\" src=\"\/\/www.jessicarebelo.com\/wp-content\/uploads\/2013\/08\/denim-clutch-4.jpg\" alt=\"\" width=\"529\" height=\"1082\" \/><img loading=\"lazy\" class=\"aligncenter\" title=\"Terminada la costura toca la pintura\" src=\"\/\/www.jessicarebelo.com\/wp-content\/uploads\/2013\/08\/denim-pouch-DIY-5.jpg\" alt=\"\" width=\"529\" height=\"1083\" \/><\/p>\n<p style=\"text-align: center;\">Pues con estas ideas os dejo hasta la pr\u00f3xima.<\/p>\n<p style=\"text-align: center;\">\u00a1\u00a1Ser felices!!<\/p>\n<!-- AddThis Advanced Settings generic via filter on the_content --><!-- AddThis Share Buttons generic via filter on the_content -->","protected":false},"excerpt":{"rendered":"<p>Vaquero, tejano, jeans, da igual como le llames a estos pantalones la cuesti\u00f3n es que est\u00e1n hechos con una tela muy resistente y se pueden reutilizar de mil maneras. Hoy traigo ideas para reciclar esos pantalones que guardas como oro en pa\u00f1o. Ya va siendo hora de ser realista y aceptar que por mucho que [&hellip;]<!-- AddThis Advanced Settings generic via filter on get_the_excerpt --><!-- AddThis Share Buttons generic via filter on get_the_excerpt --><\/p>\n","protected":false},"author":83,"featured_media":0,"comment_status":"open","ping_status":"closed","sticky":false,"template":"","format":"standard","meta":[],"categories":[2],"tags":[73,167,206,221,249,271,284,303,308,320],"_links":{"self":[{"href":"https:\/\/blogs.diariovasco.com\/eskueking\/wp-json\/wp\/v2\/posts\/207"}],"collection":[{"href":"https:\/\/blogs.diariovasco.com\/eskueking\/wp-json\/wp\/v2\/posts"}],"about":[{"href":"https:\/\/blogs.diariovasco.com\/eskueking\/wp-json\/wp\/v2\/types\/post"}],"author":[{"embeddable":true,"href":"https:\/\/blogs.diariovasco.com\/eskueking\/wp-json\/wp\/v2\/users\/83"}],"replies":[{"embeddable":true,"href":"https:\/\/blogs.diariovasco.com\/eskueking\/wp-json\/wp\/v2\/comments?post=207"}],"version-history":[{"count":0,"href":"https:\/\/blogs.diariovasco.com\/eskueking\/wp-json\/wp\/v2\/posts\/207\/revisions"}],"wp:attachment":[{"href":"https:\/\/blogs.diariovasco.com\/eskueking\/wp-json\/wp\/v2\/media?parent=207"}],"wp:term":[{"taxonomy":"category","embeddable":true,"href":"https:\/\/blogs.diariovasco.com\/eskueking\/wp-json\/wp\/v2\/categories?post=207"},{"taxonomy":"post_tag","embeddable":true,"href":"https:\/\/blogs.diariovasco.com\/eskueking\/wp-json\/wp\/v2\/tags?post=207"}],"curies":[{"name":"wp","href":"https:\/\/api.w.org\/{rel}","templated":true}]}}