{"id":263,"date":"2019-02-13T15:11:14","date_gmt":"2019-02-13T14:11:14","guid":{"rendered":"https:\/\/blogs.diariovasco.com\/fernando-becerril\/?p=263"},"modified":"2019-02-13T15:11:14","modified_gmt":"2019-02-13T14:11:14","slug":"copa-acb-2","status":"publish","type":"post","link":"https:\/\/blogs.diariovasco.com\/fernando-becerril\/2019\/02\/13\/copa-acb-2\/","title":{"rendered":"Otra Copa ACB para el f\u00fatbol\u2026 O no"},"content":{"rendered":"<p><img loading=\"lazy\" class=\"size-large wp-image-264\" src=\"https:\/\/static-blogs.diariovasco.com\/wp-content\/uploads\/sites\/5\/2019\/02\/rm-basket-628x418.jpg\" alt=\"El estadounidense Darrun Hilliard (d), del Baskonia, entra a canasta ante Edy Tavares (i) y Jaycee Carroll (c), ambos del Real Madrid, durante el partido de la jornada 20\u00aa de Liga ACB. EFE\/Juanjo Martin\" width=\"628\" height=\"418\" srcset=\"https:\/\/static-blogs.diariovasco.com\/wp-content\/uploads\/sites\/5\/2019\/02\/rm-basket-628x418.jpg 628w, https:\/\/static-blogs.diariovasco.com\/wp-content\/uploads\/sites\/5\/2019\/02\/rm-basket-300x200.jpg 300w, https:\/\/static-blogs.diariovasco.com\/wp-content\/uploads\/sites\/5\/2019\/02\/rm-basket-768x512.jpg 768w, https:\/\/static-blogs.diariovasco.com\/wp-content\/uploads\/sites\/5\/2019\/02\/rm-basket.jpg 800w\" sizes=\"(max-width: 628px) 100vw, 628px\" \/><\/p>\n<p>Estamos a mediados de febrero. Este jueves es el d\u00eda de San Valent\u00edn y los enamorados del <strong>baloncesto<\/strong> estamos ya en Madrid o cerrando las maletas en las seis ciudades que visitan esta semana el antiguo Palacio de los Deportes rebautizado como WiZink Center. Real Madrid y Estudiantes ejercen de anfitriones para los siete mil seguidores de Vitoria, Valencia, M\u00e1laga, La Laguna, Barcelona y Badalona. La afici\u00f3n viajera m\u00e1s numerosa ser\u00e1 de nuevo la de Baskonia que llega con el sue\u00f1o inextinguible de recuperar la Copa que no levanta desde hace diez a\u00f1os precisamente en este escenario.<\/p>\n<p>Tendr\u00eda doble m\u00e9rito porque esta <strong>Copa ACB<\/strong> parece destinada para uno de los dos clubes de f\u00fatbol porque no s\u00f3lo tienen las plantillas m\u00e1s caras y mejor equilibradas, es que adem\u00e1s cuentan con m\u00e1s jugadores y mayores medios para afrontar tres partidos en tres d\u00edas o cuatro. Ser\u00e1 seguramente otra copa futbolera como las nueve anteriores\u2026 O no. Porque esto es la Copa. Un partido detr\u00e1s de otro. A vida o muerte. Y a veces pasan cosas.<\/p>\n<p>Si yo tuviera que adelantar un pron\u00f3stico <strong>apostar\u00eda por un Barcelona que llega l\u00edder<\/strong> y que tiene menos problemas que cualquiera de los otros. Empiezan jugando contra un Valencia que parece haber perdido el norte y con buena parte de su afici\u00f3n suspirando por recuperar al entrenador que les hizo ganar la Liga hace bien poco mientras miran a un viejo conocido nuestro, Jaume Ponsarnau, como un bulto sospechoso. Es lo que tiene el deporte cuando no ganas o lo haces con menos frecuencia de la esperada.<\/p>\n<p>El R<strong>eal Madrid<\/strong> se ha guardado estas \u00faltimas semanas a un maltrecho Sergio Llull. Si puede jugar a un nivel aceptable tendr\u00e1n argumentos en caso de que lleguen a cruzarse en la final con el Barcelona. Si todo queda en manos de Campazzo, ser\u00e1 m\u00e1s dif\u00edcil. La semifinal entre los blancos y <strong>Baskonia<\/strong> ser\u00eda uno de los acontecimientos de esta Copa pero los alaveses s\u00f3lo tienen a nueve jugadores y mucho, mucho car\u00e1cter. No s\u00e9 si ser\u00e1 suficiente para ganar el viernes al Joventut, el s\u00e1bado al \u00bfMadrid? y el domingo al \u00bfBarcelona?<\/p>\n<p>Pero es la <strong>Copa<\/strong> y aqu\u00ed <strong>nada es del todo imposible<\/strong>. Ni Unicaja ni Iberostar Tenerife ni Valencia ni Joventut ni siquiera este desigual Estudiantes en el que nuestro Dar\u00edo Brizuela no para de crecer\u2026 Todos est\u00e1n en Madrid con la intenci\u00f3n de dar tantos sustos como dio Gran Canaria en A Coru\u00f1a o Valencia en la maravillosa edici\u00f3n de hace dos a\u00f1os en Vitoria, aquella que gan\u00f3 el Madrid aunque bien pudo perder en cuartos de final con Andorra. Porque \u00bfse acuerdan? \u201cEra campo atr\u00e1s, era campo atr\u00e1s, era campo atr\u00e1s\u201d.<br \/>\nBueno pues aqu\u00ed estamos un a\u00f1o m\u00e1s, dispuestos a gozar del <strong>basket<\/strong> con amigos venidos de todas partes. Se lo iremos contando.<\/p>\n<!-- AddThis Advanced Settings generic via filter on the_content --><!-- AddThis Share Buttons generic via filter on the_content -->","protected":false},"excerpt":{"rendered":"<p>Estamos a mediados de febrero. Este jueves es el d\u00eda de San Valent\u00edn y los enamorados del baloncesto estamos ya en Madrid o cerrando las maletas en las seis ciudades que visitan esta semana el antiguo Palacio de los Deportes rebautizado como WiZink Center. Real Madrid y Estudiantes ejercen de anfitriones para los siete mil [&hellip;]<!-- AddThis Advanced Settings generic via filter on get_the_excerpt --><!-- AddThis Share Buttons generic via filter on get_the_excerpt --><\/p>\n","protected":false},"author":11,"featured_media":0,"comment_status":"open","ping_status":"closed","sticky":false,"template":"","format":"standard","meta":[],"categories":[3,4],"tags":[29,25,26,31,30,32],"_links":{"self":[{"href":"https:\/\/blogs.diariovasco.com\/fernando-becerril\/wp-json\/wp\/v2\/posts\/263"}],"collection":[{"href":"https:\/\/blogs.diariovasco.com\/fernando-becerril\/wp-json\/wp\/v2\/posts"}],"about":[{"href":"https:\/\/blogs.diariovasco.com\/fernando-becerril\/wp-json\/wp\/v2\/types\/post"}],"author":[{"embeddable":true,"href":"https:\/\/blogs.diariovasco.com\/fernando-becerril\/wp-json\/wp\/v2\/users\/11"}],"replies":[{"embeddable":true,"href":"https:\/\/blogs.diariovasco.com\/fernando-becerril\/wp-json\/wp\/v2\/comments?post=263"}],"version-history":[{"count":3,"href":"https:\/\/blogs.diariovasco.com\/fernando-becerril\/wp-json\/wp\/v2\/posts\/263\/revisions"}],"predecessor-version":[{"id":267,"href":"https:\/\/blogs.diariovasco.com\/fernando-becerril\/wp-json\/wp\/v2\/posts\/263\/revisions\/267"}],"wp:attachment":[{"href":"https:\/\/blogs.diariovasco.com\/fernando-becerril\/wp-json\/wp\/v2\/media?parent=263"}],"wp:term":[{"taxonomy":"category","embeddable":true,"href":"https:\/\/blogs.diariovasco.com\/fernando-becerril\/wp-json\/wp\/v2\/categories?post=263"},{"taxonomy":"post_tag","embeddable":true,"href":"https:\/\/blogs.diariovasco.com\/fernando-becerril\/wp-json\/wp\/v2\/tags?post=263"}],"curies":[{"name":"wp","href":"https:\/\/api.w.org\/{rel}","templated":true}]}}