{"id":278,"date":"2020-02-14T11:25:06","date_gmt":"2020-02-14T10:25:06","guid":{"rendered":"https:\/\/blogs.diariovasco.com\/fernando-becerril\/?p=278"},"modified":"2020-02-14T11:25:06","modified_gmt":"2020-02-14T10:25:06","slug":"borrachera-de-emociones","status":"publish","type":"post","link":"https:\/\/blogs.diariovasco.com\/fernando-becerril\/2020\/02\/14\/borrachera-de-emociones\/","title":{"rendered":"Borrachera de emociones"},"content":{"rendered":"<p>Fue&#8230; Fue&#8230; Fue una borrachera. Sin alcohol. Sin m\u00e1s est\u00edmulo, ni m\u00e1s pena que un hurac\u00e1n de emociones desatadas. <strong>Mis amigos me abrumaban desde Donostia con fotos y v\u00eddeos de los alrededores del estadio, de la Avenida de Madrid<\/strong> y yo ten\u00eda en el palacio de Deportes de M\u00e1laga el coraz\u00f3n disparatado y maldec\u00eda la perra suerte que hab\u00eda hecho coincidir el espect\u00e1culo deportivo que m\u00e1s disfruto cada a\u00f1o con la noche que llevo tantos a\u00f1os queriendo vivir en Anoeta. <strong>Ni los jugadores de la Real esperaban encontrarse con lo que se encontraron cuando se acercaban al campo<\/strong>. Se sentir\u00edan, c\u00f3mo dir\u00eda yo, como si estuvieran en una nube cargada con la ilusi\u00f3n de miles y miles de realistas y con la electricidad que supone responsabilizarse del sentimiento incontenible de toda su comunidad.<\/p>\n<p>Al acabar el partido con una <strong>victoria cortita en el marcador y generosa para nuestros m\u00e9ritos<\/strong>, Imanol tuvo la naturalidad de <a href=\"https:\/\/real-sociedad.diariovasco.com\/iraola-eliminatoria-viva-20200213233419-nt.html\" rel=\"external nofollow\">explicar que la emoci\u00f3n maravillosa del recibimiento hab\u00eda tenido m\u00e1s grados de los que este equipo a estas alturas es capaz de asimilar<\/a>. No s\u00e9 si se entendieron bien sus palabras pero desde una lejana cancha de baloncesto agradec\u00ed lo que dijo y c\u00f3mo lo dijo. Porque eso fue lo que yo mismo hab\u00eda sentido mientras en Anoeta todo empezaba y, <strong>aqu\u00ed en M\u00e1laga, Valencia consumaba una gesta y dejaba sin su primer t\u00edtulo al Barcelona de Mirotic<\/strong>. Mientras el \u00faltimo minuto de baloncesto se consum\u00eda interminable -y era grande lo que estab\u00e1mos viendo- uno se com\u00eda las u\u00f1as porque empezaba la Real. Ni semifinal, ni Mirand\u00e9s, ni t\u00e1cticas, ni leche. Deseo. S\u00f3lo deseo. Y miedo, inconsciente, a no poder consumarlo.<\/p>\n<p>Tembl\u00f3 la Real de ganas. Borracha de emociones, <strong>permiti\u00f3 que este valeroso Mirand\u00e9s con dos grandes de la misma Real impusiera su idea de juego<\/strong>. 2-1. Y pudo ser peor. Pero no fue peor y ahora tenemos o tienen o ten\u00e9is algunas semanas para aliviar la resaca y prepararse para luchar por la final en Anduva. Con la cabeza fr\u00eda y el coraz\u00f3n caliente. Sabiendo que ser\u00e1 duro pero que podemos. O pueden. O pod\u00e9is.<\/p>\n<!-- AddThis Advanced Settings generic via filter on the_content --><!-- AddThis Share Buttons generic via filter on the_content -->","protected":false},"excerpt":{"rendered":"<p>Fue&#8230; Fue&#8230; Fue una borrachera. Sin alcohol. Sin m\u00e1s est\u00edmulo, ni m\u00e1s pena que un hurac\u00e1n de emociones desatadas. Mis amigos me abrumaban desde Donostia con fotos y v\u00eddeos de los alrededores del estadio, de la Avenida de Madrid y yo ten\u00eda en el palacio de Deportes de M\u00e1laga el coraz\u00f3n disparatado y maldec\u00eda la [&hellip;]<!-- AddThis Advanced Settings generic via filter on get_the_excerpt --><!-- AddThis Share Buttons generic via filter on get_the_excerpt --><\/p>\n","protected":false},"author":11,"featured_media":0,"comment_status":"open","ping_status":"closed","sticky":false,"template":"","format":"standard","meta":[],"categories":[4,6],"tags":[],"_links":{"self":[{"href":"https:\/\/blogs.diariovasco.com\/fernando-becerril\/wp-json\/wp\/v2\/posts\/278"}],"collection":[{"href":"https:\/\/blogs.diariovasco.com\/fernando-becerril\/wp-json\/wp\/v2\/posts"}],"about":[{"href":"https:\/\/blogs.diariovasco.com\/fernando-becerril\/wp-json\/wp\/v2\/types\/post"}],"author":[{"embeddable":true,"href":"https:\/\/blogs.diariovasco.com\/fernando-becerril\/wp-json\/wp\/v2\/users\/11"}],"replies":[{"embeddable":true,"href":"https:\/\/blogs.diariovasco.com\/fernando-becerril\/wp-json\/wp\/v2\/comments?post=278"}],"version-history":[{"count":1,"href":"https:\/\/blogs.diariovasco.com\/fernando-becerril\/wp-json\/wp\/v2\/posts\/278\/revisions"}],"predecessor-version":[{"id":279,"href":"https:\/\/blogs.diariovasco.com\/fernando-becerril\/wp-json\/wp\/v2\/posts\/278\/revisions\/279"}],"wp:attachment":[{"href":"https:\/\/blogs.diariovasco.com\/fernando-becerril\/wp-json\/wp\/v2\/media?parent=278"}],"wp:term":[{"taxonomy":"category","embeddable":true,"href":"https:\/\/blogs.diariovasco.com\/fernando-becerril\/wp-json\/wp\/v2\/categories?post=278"},{"taxonomy":"post_tag","embeddable":true,"href":"https:\/\/blogs.diariovasco.com\/fernando-becerril\/wp-json\/wp\/v2\/tags?post=278"}],"curies":[{"name":"wp","href":"https:\/\/api.w.org\/{rel}","templated":true}]}}