{"id":116,"date":"2014-12-22T10:37:54","date_gmt":"2014-12-22T09:37:54","guid":{"rendered":"http:\/\/blogs.diariovasco.com\/fotograma\/?p=116"},"modified":"2014-12-22T10:37:54","modified_gmt":"2014-12-22T09:37:54","slug":"el-hobbit-un-viaje-inesperado-la-hermana-light-de-el-senor-de-los-anillos","status":"publish","type":"post","link":"https:\/\/blogs.diariovasco.com\/fotograma\/2014\/12\/22\/el-hobbit-un-viaje-inesperado-la-hermana-light-de-el-senor-de-los-anillos\/","title":{"rendered":"&#039;El Hobbit: un viaje inesperado&#039;, la hermana light de &#039;El Se\u00f1or de los Anillos&#039;"},"content":{"rendered":"<p><img loading=\"lazy\" class=\"alignleft\" title=\"El Hobbit: un viaje inesperado\" src=\"\/\/pics.filmaffinity.com\/El_Hobbit_un_viaje_inesperado-249234415-large.jpg\" alt=\"\" width=\"292\" height=\"432\" \/><\/p>\n<p><strong>EL HOBBIT: UN VIAJE INESPERADO<\/strong><\/p>\n<p><strong>T\u00edtulo original<\/strong>: The Hobbit: An Unexpected Journey<\/p>\n<p><strong>A\u00f1o<\/strong>: 2012<\/p>\n<p><strong>Duraci\u00f3n<\/strong>: 169 minutos<\/p>\n<p><strong>Pa\u00eds<\/strong>: Estados Unidos<\/p>\n<p><strong>Director<\/strong>: Peter Jackson<\/p>\n<p><strong>Guion<\/strong>: Fran Walsh, Philippa Boyens, Peter Jackson y Guillermo del Toro (basado en la novela de J.R.R. Tolkien)<\/p>\n<p><strong>M\u00fasica<\/strong>: Howard Shore<\/p>\n<p><strong>Fotograf\u00eda<\/strong>: Andrew Lesnie<\/p>\n<p><strong>Reparto:\u00a0<\/strong>Martin Freeman,\u00a0Ian McKellen,\u00a0Richard Armitage,\u00a0Ken Stott,\u00a0Aidan Turner,\u00a0James Nesbitt,\u00a0Graham McTavish,\u00a0Dean O&#8217;Gorman,\u00a0Peter Hambleton,\u00a0Jed Brophy,\u00a0Stephen Hunter,\u00a0John Callen,\u00a0Adam Brown,\u00a0William Kircher,\u00a0Mark Hadlow,\u00a0Sylvester McCoy,Andy Serkis,\u00a0Hugo Weaving,\u00a0Cate Blanchett,\u00a0Christopher Lee,\u00a0Ian Holm,\u00a0Barry Humphries,\u00a0Manu Bennett,\u00a0Elijah Wood y\u00a0Bret McKenzie<\/p>\n<p><strong>Productora<\/strong>: Warner Bros. Pictures \/ Metro-Goldwyn-Mayer \/ New Line Cinema \/ WingNut Films<\/p>\n<p><strong>G\u00e9nero<\/strong>: Fant\u00e1stico \/ Aventuras \/ Acci\u00f3n<\/p>\n<p>Puedes leer tambi\u00e9n las rese\u00f1as de<strong>\u00a0<a title=\"\u2018El Hobbit: La desolaci\u00f3n de Smaug\u2019, pel\u00edcula de transici\u00f3n\" href=\"https:\/\/blogs.diariovasco.com\/fotograma\/2014\/12\/24\/el-hobbit-la-desolacion-de-smaug-pelicula-de-transicion\/\">&#8216;El Hobbit: la desolaci\u00f3n de Smaug<\/a>&#8216;<\/strong>\u00a0y\u00a0<strong><a title=\"\u2018El Hobbit: la batalla de los cinco ej\u00e9rcitos\u2019, este cuento llega a su fin\" href=\"https:\/\/blogs.diariovasco.com\/fotograma\/2014\/12\/26\/el-hobbit-la-batalla-de-los-cinco-ejercitos-este-cuento-llega-a-su-fin\/\">&#8216;El Hobbit: la batalla de los cinco ej\u00e9rcitos&#8217;<\/a><\/strong>.<\/p>\n<p>En diciembre de 2003 todos los fans de la Tierra Media nos quedamos vac\u00edos cuando <strong>&#8216;El Se\u00f1or de los Anillos&#8217;<\/strong>\u00a0lleg\u00f3 al cine por \u00faltima vez. 9 a\u00f1os despu\u00e9s la ilusi\u00f3n por volver al mundo creado por J.R.R. Tolkien se hizo realidad con el estreno de una nueva trilog\u00eda, <strong>&#8216;El Hobbit&#8217;<\/strong>.<\/p>\n<p>Precuela de la trilog\u00eda &#8220;El Se\u00f1or de los Anillos&#8221;, obra de J.R.R. Tolkien. En compa\u00f1\u00eda del mago Gandalf y de trece enanos, el hobbit Bilbo Bols\u00f3n emprende un viaje a trav\u00e9s del pa\u00eds de los elfos y los bosques de los trolls, desde las mazmorras de los orcos hasta la Monta\u00f1a Solitaria, donde el drag\u00f3n Smaug esconde el tesoro de los Enanos. Finalmente, en las profundidades de la Tierra, encuentra el Anillo \u00danico, hipn\u00f3tico objeto que ser\u00e1 posteriormente causa de tantas sangrientas batallas en la Tierra Media. (<a href=\"http:\/\/www.filmaffinity.com\/es\/film172611.html\">FilmAffinity<\/a>)<\/p>\n<p style=\"text-align: center;\"><img loading=\"lazy\" class=\"aligncenter\" style=\"vertical-align: middle;\" src=\"\/\/www.ecartelera.com\/images\/img\/40300\/40334_el-hobbit-un-viaje-inesperado.jpg\" alt=\"\" width=\"960\" height=\"414\" \/><\/p>\n<p>Vuelve a la acci\u00f3n <strong>Ian McKellen <\/strong>(<strong><a title=\"\u2018Verano de corrupci\u00f3n\u2019, explorando la maldad humana\" href=\"https:\/\/blogs.diariovasco.com\/fotograma\/2014\/09\/05\/verano-de-corrupcion-explorando-la-maldad-humana\/\">&#8216;Verano de corrupci\u00f3n&#8217;<\/a><\/strong>), retomando el papel del mago Gandalf. Junto a \u00e9l encontramos a\u00a0<strong>Martin Freeman<\/strong>\u00a0(Bilbo Bols\u00f3n), <strong>Richard Armitage<\/strong>\u00a0(Thorin &#8216;Escudo de Roble&#8217;) y un numeroso grupo de enanos, con papeles muy peque\u00f1os. Para los que no hemos le\u00eddo los libros de Tolkien bastante ser\u00e1 si salimos de la sala sabiendo el nombre de un par de ellos.<\/p>\n<p>Retoman tambi\u00e9n sus papeles de la trilog\u00eda original <strong>Hugo Weaving<\/strong>\u00a0(Elrond), <strong>Cate Blanchett<\/strong>\u00a0(Galadriel), <strong>Christopher Lee<\/strong>\u00a0(Saruman), <strong>Ian Holm<\/strong>\u00a0(Bilbo), <strong>Elijah Wood<\/strong>\u00a0(Frodo) y <strong>Andy Serkis<\/strong>\u00a0(Gollum). Sus apariciones son en forma de cameo, y nadie, excepto <strong>Weaving<\/strong>\u00a0y <strong>Serkis<\/strong>,\u00a0est\u00e1 demasiado tiempo en pantalla.<\/p>\n<p>Vuelve a dirigir este mastod\u00f3ntico proyecto <strong>Peter Jackson<\/strong>. El cineasta neozeland\u00e9s vuelve a confiar en los incre\u00edbles paisajes de su pa\u00eds natal para transportarnos a esa Tierra Media m\u00e1gica, aunque esta vez hace m\u00e1s concesiones a las im\u00e1genes generadas por ordenador, ante los paisajes naturales de su predecesora.<\/p>\n<p style=\"text-align: center;\"><img loading=\"lazy\" class=\"aligncenter\" style=\"vertical-align: middle;\" src=\"\/\/www.ecartelera.com\/images\/img\/40300\/40337_el-hobbit-un-viaje-inesperado.jpg\" alt=\"\" width=\"960\" height=\"414\" \/><\/p>\n<p>Dicen que las comparaciones son odiosas, pero es imposible separar esta trilog\u00eda de <strong>&#8216;El Hobbit&#8217;<\/strong>\u00a0de su hermana mayor, <strong>&#8216;El Se\u00f1or de los Anillos&#8217;<\/strong>, igual que no se puede evitar comparar las dos trilog\u00edas de <strong>&#8216;Star Wars&#8217;<\/strong>. <strong>&#8216;El Se\u00f1or de los Anillos&#8217;<\/strong>\u00a0se caracteriz\u00f3 por su convincente puesta en escena, un entorno que resultaba natural a la vista, el espectador pod\u00eda imaginarse cabalgando por las llanuras, en los bosques, en la oscuridad de Mordor o en las monta\u00f1as nevadas, todo ten\u00eda sentido y estaba realizado con el m\u00ednimo de elementos digitales. <strong>&#8216;El Hobbit&#8217;<\/strong>, en cambio, abusa de im\u00e1genes generadas por ordenador. Puede ser que el empleo de la &#8220;novedosa&#8221; tecnolog\u00eda de los 48ftps haga que el ojo humano lo perciba todo como en un videojuego y no como el mundo real, pero el resultado final es bastante decepcionante comparado con <strong>&#8216;El Se\u00f1or de los Anillos&#8217;<\/strong>. Le falta el alma que tuvo la trilog\u00eda del anillo para terminar de convencer.<\/p>\n<p>Tampoco ayuda a esta entrega su lento ritmo y las excesivas aclaraciones que nos da. En <strong>&#8216;El Se\u00f1or de los Anillos&#8217;<\/strong>\u00a0todo ten\u00eda un sentido, pero aqu\u00ed parece que asistimos a una sucesi\u00f3n de secuencias inconexas. Probablemente nadie par\u00f3 a <strong>Peter Jackson<\/strong>\u00a0cuando tuvo la idea de partir un libro bastante corto como <strong>&#8216;El Hobbit&#8217;<\/strong>\u00a0en 3 pel\u00edculas de casi 3 horas, aunque ya conocemos las ansias de hacer taquilla de Hollywood.<\/p>\n<p style=\"text-align: center;\"><img loading=\"lazy\" class=\"aligncenter\" style=\"vertical-align: middle;\" src=\"\/\/www.ecartelera.com\/images\/img\/40300\/40330_el-hobbit-un-viaje-inesperado.jpg\" alt=\"\" width=\"959\" height=\"585\" \/><\/p>\n<p>El tono en el que se mantiene esta primera entrega parece el de un continuo chiste, sin llegar a tomarse en serio ning\u00fan momento, con unos personajes caricaturizados.<\/p>\n<p>Sobresalen positivamente dos momentos. El pr\u00f3logo, al igual que en <strong>&#8216;La Comunidad del Anillo&#8217;<\/strong>\u00a0tenemos una buena introducci\u00f3n a la historia, muy \u00e9pico y con una voz que ejerce de narrador, en este caso la de <strong>Ian Holm<\/strong>. El otro momento brillante es la secuencia en la que Bilbo encuentra el Anillo y mantiene una guerra dial\u00e9ctica con Gollum, con un guion trabajado y altamente entretenido.<\/p>\n<p><a href=\"\/fotograma\/wp-content\/uploads\/sites\/71\/2014\/11\/55.png\"><img loading=\"lazy\" class=\"aligncenter size-medium wp-image-90\" title=\"5,5\" src=\"\/fotograma\/wp-content\/uploads\/sites\/71\/2014\/11\/55.png\" alt=\"\" width=\"300\" height=\"29\" srcset=\"https:\/\/static-blogs.diariovasco.com\/wp-content\/uploads\/sites\/71\/2014\/11\/55.png 564w, https:\/\/static-blogs.diariovasco.com\/wp-content\/uploads\/sites\/71\/2014\/11\/55-300x30.png 300w\" sizes=\"(max-width: 300px) 100vw, 300px\" \/><\/a><\/p>\n<p><iframe loading=\"lazy\" src=\"\/\/www.youtube.com\/embed\/P59fZy9Muo0\" frameborder=\"0\" width=\"560\" height=\"315\"><\/iframe><\/p>\n","protected":false},"excerpt":{"rendered":"<p>EL HOBBIT: UN VIAJE INESPERADO T\u00edtulo original: The Hobbit: An Unexpected Journey A\u00f1o: 2012 Duraci\u00f3n: 169 minutos Pa\u00eds: Estados Unidos Director: Peter Jackson Guion: Fran Walsh, Philippa Boyens, Peter Jackson y Guillermo del Toro (basado en la novela de J.R.R. Tolkien) M\u00fasica: Howard Shore Fotograf\u00eda: Andrew Lesnie Reparto:\u00a0Martin Freeman,\u00a0Ian McKellen,\u00a0Richard Armitage,\u00a0Ken Stott,\u00a0Aidan Turner,\u00a0James Nesbitt,\u00a0Graham McTavish,\u00a0Dean [&hellip;]<\/p>\n","protected":false},"author":101,"featured_media":0,"comment_status":"open","ping_status":"closed","sticky":false,"template":"","format":"standard","meta":[],"categories":[2,4,12],"tags":[41,74,200,294,385,451,506,648,765,966,1040,1044,1046,1137,1198,1292,1431,1634,1671,1691,2019,2020,2120,2357,2388,2585],"_links":{"self":[{"href":"https:\/\/blogs.diariovasco.com\/fotograma\/wp-json\/wp\/v2\/posts\/116"}],"collection":[{"href":"https:\/\/blogs.diariovasco.com\/fotograma\/wp-json\/wp\/v2\/posts"}],"about":[{"href":"https:\/\/blogs.diariovasco.com\/fotograma\/wp-json\/wp\/v2\/types\/post"}],"author":[{"embeddable":true,"href":"https:\/\/blogs.diariovasco.com\/fotograma\/wp-json\/wp\/v2\/users\/101"}],"replies":[{"embeddable":true,"href":"https:\/\/blogs.diariovasco.com\/fotograma\/wp-json\/wp\/v2\/comments?post=116"}],"version-history":[{"count":0,"href":"https:\/\/blogs.diariovasco.com\/fotograma\/wp-json\/wp\/v2\/posts\/116\/revisions"}],"wp:attachment":[{"href":"https:\/\/blogs.diariovasco.com\/fotograma\/wp-json\/wp\/v2\/media?parent=116"}],"wp:term":[{"taxonomy":"category","embeddable":true,"href":"https:\/\/blogs.diariovasco.com\/fotograma\/wp-json\/wp\/v2\/categories?post=116"},{"taxonomy":"post_tag","embeddable":true,"href":"https:\/\/blogs.diariovasco.com\/fotograma\/wp-json\/wp\/v2\/tags?post=116"}],"curies":[{"name":"wp","href":"https:\/\/api.w.org\/{rel}","templated":true}]}}