{"id":118,"date":"2014-12-19T11:00:20","date_gmt":"2014-12-19T10:00:20","guid":{"rendered":"http:\/\/blogs.diariovasco.com\/fotograma\/?p=118"},"modified":"2014-12-19T11:00:20","modified_gmt":"2014-12-19T10:00:20","slug":"septimo-darin-sobresale-en-un-thriller-demasiado-timido","status":"publish","type":"post","link":"https:\/\/blogs.diariovasco.com\/fotograma\/2014\/12\/19\/septimo-darin-sobresale-en-un-thriller-demasiado-timido\/","title":{"rendered":"&#039;S\u00e9ptimo&#039;, Dar\u00edn sobresale en un thriller demasiado t\u00edmido"},"content":{"rendered":"<p><img loading=\"lazy\" class=\"alignleft\" title=\"S\u00e9ptimo\" src=\"\/\/pics.filmaffinity.com\/S_ptimo-564072329-large.jpg\" alt=\"\" width=\"254\" height=\"362\" \/><\/p>\n<p><strong>S\u00c9PTIMO<\/strong><\/p>\n<p><strong>T\u00edtulo original: <\/strong>S\u00e9ptimo<\/p>\n<p><strong>A\u00f1o:<\/strong>\u00a02013<\/p>\n<p><strong>Duraci\u00f3n: <\/strong>88 minutos<\/p>\n<p><strong>Pa\u00eds:<\/strong>\u00a0Espa\u00f1a<\/p>\n<p><strong>Director:<\/strong>\u00a0Patxi Amezcua<\/p>\n<p><strong>Guion:<\/strong>\u00a0Patxi Amezcua y Alejo Flah<\/p>\n<p><strong>M\u00fasica:<\/strong>\u00a0Roque Ba\u00f1os<\/p>\n<p><strong>Fotograf\u00eda:<\/strong>\u00a0Lucio Bonelli<\/p>\n<p><strong>Reparto:<\/strong>\u00a0Ricardo Dar\u00edn,\u00a0Bel\u00e9n Rueda,\u00a0Luis Ziembrowski,\u00a0Osvaldo Santoro,\u00a0Guillermo Arengo,Jorge D&#8217;El\u00eda y\u00a0Andrea Carballo<\/p>\n<p><strong>Productora:<\/strong>\u00a0CEPA Audiovisual \/ El Toro Productions \/ Ikiru Films \/ K&#038;S Films \/ Telecinco Cinema<\/p>\n<p><strong>G\u00e9nero: <\/strong>Thriller<\/p>\n<p>Un padre y sus dos hijos juegan a ver qui\u00e9n llega primero a la calle desde un s\u00e9ptimo piso: si el padre en el ascensor o los ni\u00f1os por las escaleras. Cuando el padre llega a la planta baja, resulta que los ni\u00f1os no aparecen, no hay ni rastro de ellos. Empieza entonces una b\u00fasqueda fren\u00e9tica por parte del padre y la madre. (<a href=\"http:\/\/www.filmaffinity.com\/es\/film679994.html\">FilmAffinity<\/a>)<\/p>\n<p><img loading=\"lazy\" style=\"vertical-align: middle;\" src=\"\/\/www.ecartelera.com\/images\/img\/47200\/47295_septimo.jpg\" alt=\"\" width=\"960\" height=\"540\" \/><\/p>\n<p>Protagoniza la cinta <strong>Ricardo Dar\u00edn<\/strong>\u00a0(<strong>&#8216;Relatos Salvajes&#8217;<\/strong>). El actor argentino, considerado como el actor latinoamericano m\u00e1s influyente, consigue convencer en el papel de padre que lucha por encontrar a sus hijos. Su actuaci\u00f3n est\u00e1 muy por encima de la media del reparto de la cinta. El espectador llega a identificarse con \u00e9l y acompa\u00f1arle en el dolor y tormento por el que pasa.<\/p>\n<p><strong>Bel\u00e9n Rueda<\/strong>\u00a0(<strong><a title=\"\u2018El cuerpo\u2019, trepidante thriller\" href=\"https:\/\/blogs.diariovasco.com\/fotograma\/2014\/11\/21\/el-cuerpo-trepidante-thriller\/\">&#8216;El cuerpo&#8217;<\/a><\/strong>) interpreta a la mujer de <strong>Dar\u00edn<\/strong>. Se trata de una mujer fr\u00eda, distante y dura. <strong>Rueda<\/strong>\u00a0imprime una barrera que nos evita poder entrar dentro de sus pensamientos y de su dolor, y sentir esa identificaci\u00f3n que s\u00ed sentimos hacia el personaje de <strong>Dar\u00edn<\/strong>.<\/p>\n<p>Dirige la cinta <strong>Patxi Amezcua<\/strong>. El guionista de <strong>&#8216;Bruc&#8217; <\/strong>y\u00a0<strong>&#8216;El viaje de Ari\u00e1n&#8217;,<\/strong>\u00a0o el director de <strong>&#8217;25 kilates&#8217;<\/strong>, nos presenta un relato que consigue interesar, pero no llega a convencer en ning\u00fan momento. El cineasta acierta con la elecci\u00f3n de los escenarios y las panor\u00e1micas de la ciudad de Buenos Aires.<\/p>\n<p><img loading=\"lazy\" style=\"vertical-align: middle;\" src=\"\/\/www.ecartelera.com\/images\/img\/47200\/47294_septimo.jpg\" alt=\"\" width=\"960\" height=\"540\" \/><\/p>\n<p>El filme hace aguas por sustentarse \u00fanicamente en dos ejes, la intriga de la b\u00fasqueda de los hijos y el talento de <strong>Ricardo Dar\u00edn<\/strong>. El primero de los ejes resulta incluso fr\u00e1gil, ya que el espectador descubre la intriga bastante antes del final de la cinta, al contrario que en<strong><a title=\"\u2018El cuerpo\u2019, trepidante thriller\" href=\"https:\/\/blogs.diariovasco.com\/fotograma\/2014\/11\/21\/el-cuerpo-trepidante-thriller\/\">&#8216;El cuerpo&#8217;<\/a>,<\/strong>\u00a0donde tambi\u00e9n interven\u00eda <strong>Rueda<\/strong>, donde el espectador no ve venir el giro final, algo necesario para que un thriller termine de cuajar.<\/p>\n<p>La historia transcurre, en un tono \u00e1gil, pero nunca trepidante. No hay lugar a la sorpresa, los giros argumentales se suceden sin brillo y el final resulta un pasaje m\u00e1s, que podemos ver venir desde mucho antes. La actuaci\u00f3n de los hijos quita toda la magia posible al giro final, pero tampoco podemos pedir un talento desbordante en dos ni\u00f1os tan j\u00f3venes y sin experiencia en el cine.<\/p>\n<p><a href=\"\/fotograma\/wp-content\/uploads\/sites\/71\"><img loading=\"lazy\" class=\"aligncenter size-medium wp-image-85\" title=\"3\" src=\"\/fotograma\/wp-content\/uploads\/sites\/71\/2014\/11\/3.png\" alt=\"\" width=\"300\" height=\"29\" srcset=\"https:\/\/static-blogs.diariovasco.com\/wp-content\/uploads\/sites\/71\/2014\/11\/3.png 564w, https:\/\/static-blogs.diariovasco.com\/wp-content\/uploads\/sites\/71\/2014\/11\/3-300x30.png 300w\" sizes=\"(max-width: 300px) 100vw, 300px\" \/><\/a><\/p>\n<p><iframe loading=\"lazy\" src=\"\/\/www.youtube.com\/embed\/5nYhx04pCB0\" frameborder=\"0\" width=\"560\" height=\"315\"><\/iframe><\/p>\n","protected":false},"excerpt":{"rendered":"<p>S\u00c9PTIMO T\u00edtulo original: S\u00e9ptimo A\u00f1o:\u00a02013 Duraci\u00f3n: 88 minutos Pa\u00eds:\u00a0Espa\u00f1a Director:\u00a0Patxi Amezcua Guion:\u00a0Patxi Amezcua y Alejo Flah M\u00fasica:\u00a0Roque Ba\u00f1os Fotograf\u00eda:\u00a0Lucio Bonelli Reparto:\u00a0Ricardo Dar\u00edn,\u00a0Bel\u00e9n Rueda,\u00a0Luis Ziembrowski,\u00a0Osvaldo Santoro,\u00a0Guillermo Arengo,Jorge D&#8217;El\u00eda y\u00a0Andrea Carballo Productora:\u00a0CEPA Audiovisual \/ El Toro Productions \/ Ikiru Films \/ K&#038;S Films \/ Telecinco Cinema G\u00e9nero: Thriller Un padre y sus dos hijos juegan a ver [&hellip;]<\/p>\n","protected":false},"author":101,"featured_media":0,"comment_status":"open","ping_status":"closed","sticky":false,"template":"","format":"standard","meta":[],"categories":[18],"tags":[185,304,976,1334,1594,1946,1978,2118],"_links":{"self":[{"href":"https:\/\/blogs.diariovasco.com\/fotograma\/wp-json\/wp\/v2\/posts\/118"}],"collection":[{"href":"https:\/\/blogs.diariovasco.com\/fotograma\/wp-json\/wp\/v2\/posts"}],"about":[{"href":"https:\/\/blogs.diariovasco.com\/fotograma\/wp-json\/wp\/v2\/types\/post"}],"author":[{"embeddable":true,"href":"https:\/\/blogs.diariovasco.com\/fotograma\/wp-json\/wp\/v2\/users\/101"}],"replies":[{"embeddable":true,"href":"https:\/\/blogs.diariovasco.com\/fotograma\/wp-json\/wp\/v2\/comments?post=118"}],"version-history":[{"count":0,"href":"https:\/\/blogs.diariovasco.com\/fotograma\/wp-json\/wp\/v2\/posts\/118\/revisions"}],"wp:attachment":[{"href":"https:\/\/blogs.diariovasco.com\/fotograma\/wp-json\/wp\/v2\/media?parent=118"}],"wp:term":[{"taxonomy":"category","embeddable":true,"href":"https:\/\/blogs.diariovasco.com\/fotograma\/wp-json\/wp\/v2\/categories?post=118"},{"taxonomy":"post_tag","embeddable":true,"href":"https:\/\/blogs.diariovasco.com\/fotograma\/wp-json\/wp\/v2\/tags?post=118"}],"curies":[{"name":"wp","href":"https:\/\/api.w.org\/{rel}","templated":true}]}}