{"id":1206,"date":"2018-08-02T09:00:16","date_gmt":"2018-08-02T07:00:16","guid":{"rendered":"https:\/\/blogs.diariovasco.com\/fotograma\/?p=1206"},"modified":"2018-08-02T09:25:37","modified_gmt":"2018-08-02T07:25:37","slug":"mamma-mia-una-y-otra-vez","status":"publish","type":"post","link":"https:\/\/blogs.diariovasco.com\/fotograma\/2018\/08\/02\/mamma-mia-una-y-otra-vez\/","title":{"rendered":"&#8216;Mamma Mia: Una y otra vez&#8217;: La veteran\u00eda es un grado"},"content":{"rendered":"<p><strong><img loading=\"lazy\" class=\"alignleft wp-image-1209\" src=\"https:\/\/static-blogs.diariovasco.com\/wp-content\/uploads\/sites\/71\/2018\/07\/mamma-mia-cartel.png\" alt=\"Mamma Mia: Una y otra vez\" width=\"307\" height=\"453\" srcset=\"https:\/\/static-blogs.diariovasco.com\/wp-content\/uploads\/sites\/71\/2018\/07\/mamma-mia-cartel.png 307w, https:\/\/static-blogs.diariovasco.com\/wp-content\/uploads\/sites\/71\/2018\/07\/mamma-mia-cartel-203x300.png 203w\" sizes=\"(max-width: 307px) 100vw, 307px\" \/>MAMMA MIA: UNA Y OTRA VEZ<\/strong><\/p>\n<p><strong>T\u00edtulo original<\/strong>: Mamma Mia: Here We Go Again!<\/p>\n<p><strong>A\u00f1o<\/strong>: 2018<\/p>\n<p><strong>Duraci\u00f3n<\/strong>: 108 minutos<\/p>\n<p><strong>Pa\u00eds<\/strong>:\u00a0Reino Unido<\/p>\n<p><strong>Direcci\u00f3n<\/strong>:\u00a0<span class=\"director\">Ol Parker<\/span><\/p>\n<p><strong>Guion<\/strong>:\u00a0<span class=\"nb\">Ol Parker<\/span><\/p>\n<p><strong>Fotograf\u00eda<\/strong>:\u00a0<span class=\"nb\">Robert D. Yeoman<\/span><\/p>\n<p><strong>Reparto<\/strong>:\u00a0<span class=\"cast\">Amanda Seyfried,<\/span>\u00a0<span class=\"cast\">Lily James,<\/span>\u00a0<span class=\"cast\">Christine Baranski,<\/span>\u00a0<span class=\"cast\">Julie Walters,<\/span>\u00a0<span class=\"cast\">Pierce Brosnan,<\/span><span class=\"cast\">Colin Firth,<\/span>\u00a0<span class=\"cast\">Stellan Skarsgard,<\/span>\u00a0<span class=\"cast\">Dominic Cooper,<\/span>\u00a0<span class=\"cast\">Andy Garc\u00eda,<\/span>\u00a0<span class=\"cast\">Cher,<\/span>\u00a0<span class=\"cast\">Meryl Streep,<\/span><span class=\"cast\">Jeremy Irvine,<\/span>\u00a0<span class=\"cast\">Alexa Davies,<\/span>\u00a0<span class=\"cast\">Jessica Keenan Wynn,<\/span>\u00a0<span class=\"cast\">Josh Dylan,<\/span>\u00a0<span class=\"cast\">Hugh Skinner,<\/span><span class=\"cast\">Togo Igawa,<\/span>\u00a0<span class=\"cast\">Naoko Mori\u00a0y\u00a0<\/span><span class=\"cast\">Omid Djalili<\/span><\/p>\n<p><strong>Productora<\/strong>:\u00a0<span class=\"nb\">Universal Pictures \/ Legendary Pictures<\/span><\/p>\n<p><strong>G\u00e9nero<\/strong>:\u00a0Musical \/\u00a0Comedia \/\u00a0Romance<\/p>\n<p>&#8216;Mamma Mia: Una y otra vez&#8217; nos lleva de viaje al verano donde comenz\u00f3 todo. Desde su vida en el presente, los protagonistas de &#8216;Mamma mia!&#8217; nos cuentan los hechos acontecidos el m\u00e1gico verano en el que comenz\u00f3 esta historia de los tres posibles padres de Sophie. (<a href=\"https:\/\/www.filmaffinity.com\/es\/film884192.html\" target=\"_blank\">FilmAffinity<\/a>)<\/p>\n<p>Ten\u00eda mis reparos con la secuela de\u00a0<strong>&#8216;<a href=\"https:\/\/blogs.diariovasco.com\/fotograma\/2014\/08\/29\/mamma-mia-despidiendo-el-verano-a-ritmo-de-musica\/\" target=\"_blank\">Mamma Mia<\/a>&#8216;<\/strong>. Admito que soy un gran fan de la primera entrega, de hecho habr\u00e9 quemado ya el DVD de tantas veces que la he visto. Esta relaci\u00f3n especial con la pel\u00edcula, fue la segunda pel\u00edcula en ser comentada en este espacio creado hace cuatro a\u00f1os, me planteaba dudas sobre c\u00f3mo influir\u00eda en mi opini\u00f3n sobre la historia. Ocurre igual que cuando adaptan al cine una novela que te ha encantado, por un lado deseas ver la pel\u00edcula, pero por otro lado temes que la imagen que creaste se destruya. Y con\u00a0<strong>&#8216;Mamma Mia: Una y otra vez&#8217;<\/strong> no se destruye la imagen de la primera, pero tampoco la engrandece.<\/p>\n<p><strong>&#8216;Mamma Mia: Una y otra vez&#8217;<\/strong> es una pel\u00edcula que inevitablemente invita a la comparaci\u00f3n. Adem\u00e1s de su estructura, que crea constantes paralelismos entre pasado y presente, estamos retrotray\u00e9ndonos sin parar a la primera entrega. En esa comparaci\u00f3n tambi\u00e9n entran dos partes bien diferenciadas de la pel\u00edcula: el casting joven y el veterano. Es el veterano, comandado por\u00a0<a href=\"https:\/\/blogs.diariovasco.com\/fotograma\/2015\/08\/07\/ted-2-asi-si-seth-asi-si\/\" target=\"_blank\"><strong>Amanda Seyfried<\/strong><\/a>,\u00a0<a href=\"https:\/\/blogs.diariovasco.com\/fotograma\/2014\/08\/29\/mamma-mia-despidiendo-el-verano-a-ritmo-de-musica\/\" target=\"_blank\"><strong>Christine Baranski<\/strong><\/a>,\u00a0<a href=\"https:\/\/blogs.diariovasco.com\/fotograma\/2018\/06\/26\/billy-elliot\/\" target=\"_blank\"><strong>Julie Walters<\/strong><\/a> y compa\u00f1\u00eda el que sale beneficiado por encima de los que capitanea\u00a0<a href=\"https:\/\/blogs.diariovasco.com\/fotograma\/2018\/01\/18\/el-instante-mas-oscuro\/\" target=\"_blank\"><strong>Lily James<\/strong><\/a>.<\/p>\n<p>Cada una de las escenas de los ya conocidos actores de esta \u00bfsaga? se disfrutan plenamente, el p\u00fablico los acompa\u00f1a y consiguen crear la emoci\u00f3n de la que carece su contraparte. Mientras\u00a0<a href=\"https:\/\/blogs.diariovasco.com\/fotograma\/2017\/07\/27\/baby-driver-critica-cine\/\" target=\"_blank\"><strong>Lily James<\/strong><\/a> lo da todo de su parte para afrontar el reto de interpretar a la\u00a0<a href=\"https:\/\/blogs.diariovasco.com\/fotograma\/2017\/02\/28\/florence-foster-jenkins-la-peor-cantante-de-opera-por-la-mejor-actriz\/\" target=\"_blank\"><strong>Meryl Streep<\/strong><\/a> del pasado, su esfuerzo no se ve recompensado en el conjunto de la cinta. Ella hace un gran papel, se nota que lo disfruta y que se lo ha trabajado mucho, pero mientras su contraparte veterana exprime sus 5 minutos en pantalla, quiz\u00e1 he sido generoso con el cron\u00f3metro, brind\u00e1ndonos el momento lacrim\u00f3geno de rigor y elev\u00e1ndonos hasta la felicidad m\u00e1s pura,\u00a0<a href=\"https:\/\/blogs.diariovasco.com\/fotograma\/2018\/01\/18\/el-instante-mas-oscuro\/\" target=\"_blank\"><strong>James<\/strong><\/a> no termina nunca de meternos de lleno en la cinta.<\/p>\n<p><img loading=\"lazy\" class=\"aligncenter size-large wp-image-1208\" src=\"https:\/\/static-blogs.diariovasco.com\/wp-content\/uploads\/sites\/71\/2018\/07\/mamma-mia-1-628x353.png\" alt=\"Mamma Mia: Una y otra vez\" width=\"628\" height=\"353\" srcset=\"https:\/\/static-blogs.diariovasco.com\/wp-content\/uploads\/sites\/71\/2018\/07\/mamma-mia-1.png 628w, https:\/\/static-blogs.diariovasco.com\/wp-content\/uploads\/sites\/71\/2018\/07\/mamma-mia-1-300x169.png 300w\" sizes=\"(max-width: 628px) 100vw, 628px\" \/><\/p>\n<p>El trabajo de la brit\u00e1nica podr\u00eda estar cojo debido a que como espectadores es m\u00e1s sencillo seguir la l\u00ednea argumental de manera lineal a la primera pel\u00edcula. Me explico. No digo que el espectador sea un zoquete, lo que pasa es que la historia del origen de Donna, por muy bien construida que est\u00e9, en ning\u00fan caso aporta detalles que sumen a lo que ya sab\u00edamos desde hace 10 a\u00f1os. Las escenas del pasado est\u00e1n bien para construir esos paralelismos con el presente, pero poco m\u00e1s.<\/p>\n<p>Todo esto es mucho m\u00e1s palpable en un tercio final donde el presente se adue\u00f1a por completo de la funci\u00f3n. Una vez hemos visto c\u00f3mo Donna ha vivido el verano de su vida con sus amigas Tanya y Rosie y, sobre todo, con los tres padres de Sophie, Sam, Harry y Bill, todo lo dem\u00e1s se queda en segundo plano para hacer que las verdaderas estrellas de la funci\u00f3n brillen con luz propia.\u00a0<strong>Cher<\/strong>,\u00a0<a href=\"https:\/\/blogs.diariovasco.com\/fotograma\/2015\/08\/07\/ted-2-asi-si-seth-asi-si\/\" target=\"_blank\"><strong>Amanda Seyfried<\/strong><\/a>,\u00a0<a href=\"https:\/\/blogs.diariovasco.com\/fotograma\/2014\/08\/29\/mamma-mia-despidiendo-el-verano-a-ritmo-de-musica\/\" target=\"_blank\"><strong>Christine Baranski<\/strong><\/a>,\u00a0<a href=\"https:\/\/blogs.diariovasco.com\/fotograma\/2016\/02\/24\/brooklyn-bonita-pero-merece-estar-entre-las-8-mejores-peliculas-del-ano\/\" target=\"_blank\"><strong>Julie Walters<\/strong><\/a>,\u00a0<a href=\"https:\/\/blogs.diariovasco.com\/fotograma\/2014\/08\/29\/mamma-mia-despidiendo-el-verano-a-ritmo-de-musica\/\" target=\"_blank\"><strong>Pierce Brosnan<\/strong><\/a>,\u00a0<a href=\"https:\/\/blogs.diariovasco.com\/fotograma\/2015\/03\/13\/kingsman-servicio-secreto-bond-tiene-heredero\/\" target=\"_blank\"><strong>Colin Firth<\/strong><\/a>,\u00a0<a href=\"https:\/\/blogs.diariovasco.com\/fotograma\/2016\/10\/19\/angeles-y-demonios-mejora-el-ritmo-la-tension-y-el-interes\/\" target=\"_blank\"><strong>Stellan Skarsg\u00e5rd<\/strong><\/a>,\u00a0<a href=\"https:\/\/blogs.diariovasco.com\/fotograma\/2014\/10\/31\/dracula-la-leyenda-jamas-contada-de-vlad-el-empalador-a-dracula\/\" target=\"_blank\"><strong>Dominic Cooper<\/strong><\/a>,\u00a0<a href=\"https:\/\/blogs.diariovasco.com\/fotograma\/2017\/01\/05\/passengers-la-quimica-entre-lawrence-y-pratt-traspasa-la-pantalla\/\" target=\"_blank\"><strong>Andy Garc\u00eda<\/strong><\/a> y\u00a0<a href=\"https:\/\/blogs.diariovasco.com\/fotograma\/2016\/07\/08\/el-cazador-no-es-una-pelicula-sobre-la-guerra-es-sobre-la-amistad\/\" target=\"_blank\"><strong>Meryl Streep<\/strong><\/a> levantan en tan poco tiempo una pel\u00edcula que iba a pasar sin pena ni gloria que, inevitablemente, saldremos del cine con ganas de m\u00e1s, porque s\u00ed, el final es grandioso.<\/p>\n<p>Como si de un gran concierto se tratara,\u00a0<strong>&#8216;Mamma Mia: Una y otra vez&#8217;<\/strong>, comienza fuerte, nos ofrece alg\u00fan que otro chispazo brillante, nuevamente en manos de los veteranos, y termina con sus platos fuertes. \u00bfD\u00f3nde nos quedan\u00a0<strong><a href=\"https:\/\/blogs.diariovasco.com\/fotograma\/2017\/07\/27\/baby-driver-critica-cine\/\" target=\"_blank\">Lily James<\/a>\u00a0<\/strong>y compa\u00f1\u00eda? En un inevitable segundo plano.<\/p>\n<p>No nos enga\u00f1emos,\u00a0<strong>&#8216;<a href=\"https:\/\/blogs.diariovasco.com\/fotograma\/2014\/08\/29\/mamma-mia-despidiendo-el-verano-a-ritmo-de-musica\/\" target=\"_blank\">Mamma Mia<\/a>&#8216;<\/strong> sigue sin ser una buena pel\u00edcula, pero \u00bfqu\u00e9 m\u00e1s da? Merece la pena seguir escuchando las canciones de ABBA, aunque no sean las m\u00e1s famosas de ABBA. Los veteranos se lo han pasado de cine, y nosotros con ellos. Y porque el final nos lleva directamente al esp\u00edritu de la original, a pasarlo bien y olvidarnos de los dramas.<\/p>\n<p><strong>Lo mejor<\/strong>: Todo lo que tiene que ver con el casting veterano y la gran escena de\u00a0<a href=\"https:\/\/blogs.diariovasco.com\/fotograma\/2018\/01\/23\/meryl-streep-tom-hanks-steven-spielberg-the-post\/\" target=\"_blank\"><strong>Meryl Streep<\/strong><\/a>.<\/p>\n<p><strong>Lo peor<\/strong>: La parte del pasado interesa lo justito, y la mala salida que le han dado a Donna, aunque l\u00f3gica, es injusta.<\/p>\n<p><img loading=\"lazy\" class=\"aligncenter size-medium wp-image-89\" src=\"https:\/\/static-blogs.diariovasco.com\/wp-content\/uploads\/sites\/71\/2014\/11\/5-300x30.png\" alt=\"Mamma Mia: Una y otra vez\" width=\"300\" height=\"30\" srcset=\"https:\/\/static-blogs.diariovasco.com\/wp-content\/uploads\/sites\/71\/2014\/11\/5-300x30.png 300w, https:\/\/static-blogs.diariovasco.com\/wp-content\/uploads\/sites\/71\/2014\/11\/5.png 564w\" sizes=\"(max-width: 300px) 100vw, 300px\" \/><\/p>\n<p><iframe loading=\"lazy\" width=\"500\" height=\"281\" src=\"https:\/\/www.youtube.com\/embed\/g1vaHQHJoeA?feature=oembed\" frameborder=\"0\" allow=\"autoplay; encrypted-media\" allowfullscreen><\/iframe><\/p>\n","protected":false},"excerpt":{"rendered":"<p>Como si de un gran concierto se tratara, &#8216;Mamma Mia: Una y otra vez&#8217;, comienza fuerte, nos ofrece alg\u00fan que otro chispazo brillante, nuevamente en manos de los veteranos, y termina con sus platos fuertes<\/p>\n","protected":false},"author":101,"featured_media":1207,"comment_status":"open","ping_status":"closed","sticky":false,"template":"","format":"standard","meta":[],"categories":[8,11,13,14],"tags":[4406,4395,158,197,4393,498,534,686,4403,4398,4394,4396,4397,1376,3225,4402,4401,1755,4400,4405,1935,2045,2348,4399,4404],"_links":{"self":[{"href":"https:\/\/blogs.diariovasco.com\/fotograma\/wp-json\/wp\/v2\/posts\/1206"}],"collection":[{"href":"https:\/\/blogs.diariovasco.com\/fotograma\/wp-json\/wp\/v2\/posts"}],"about":[{"href":"https:\/\/blogs.diariovasco.com\/fotograma\/wp-json\/wp\/v2\/types\/post"}],"author":[{"embeddable":true,"href":"https:\/\/blogs.diariovasco.com\/fotograma\/wp-json\/wp\/v2\/users\/101"}],"replies":[{"embeddable":true,"href":"https:\/\/blogs.diariovasco.com\/fotograma\/wp-json\/wp\/v2\/comments?post=1206"}],"version-history":[{"count":3,"href":"https:\/\/blogs.diariovasco.com\/fotograma\/wp-json\/wp\/v2\/posts\/1206\/revisions"}],"predecessor-version":[{"id":1219,"href":"https:\/\/blogs.diariovasco.com\/fotograma\/wp-json\/wp\/v2\/posts\/1206\/revisions\/1219"}],"wp:featuredmedia":[{"embeddable":true,"href":"https:\/\/blogs.diariovasco.com\/fotograma\/wp-json\/wp\/v2\/media\/1207"}],"wp:attachment":[{"href":"https:\/\/blogs.diariovasco.com\/fotograma\/wp-json\/wp\/v2\/media?parent=1206"}],"wp:term":[{"taxonomy":"category","embeddable":true,"href":"https:\/\/blogs.diariovasco.com\/fotograma\/wp-json\/wp\/v2\/categories?post=1206"},{"taxonomy":"post_tag","embeddable":true,"href":"https:\/\/blogs.diariovasco.com\/fotograma\/wp-json\/wp\/v2\/tags?post=1206"}],"curies":[{"name":"wp","href":"https:\/\/api.w.org\/{rel}","templated":true}]}}