{"id":128,"date":"2016-08-05T14:04:49","date_gmt":"2016-08-05T12:04:49","guid":{"rendered":"http:\/\/blogs.diariovasco.com\/fotograma\/?p=128"},"modified":"2016-08-05T14:04:49","modified_gmt":"2016-08-05T12:04:49","slug":"cisne-negro-la-busqueda-desesperada-de-la-perfeccion","status":"publish","type":"post","link":"https:\/\/blogs.diariovasco.com\/fotograma\/2016\/08\/05\/cisne-negro-la-busqueda-desesperada-de-la-perfeccion\/","title":{"rendered":"&#039;Cisne negro&#039;, la b\u00fasqueda desesperada de la perfecci\u00f3n"},"content":{"rendered":"<p><img loading=\"lazy\" class=\"alignleft\" title=\"Cisne negro\" src=\"\/\/pics.filmaffinity.com\/Cisne_Negro-861293346-large.jpg\" alt=\"\" width=\"291\" height=\"432\" \/><\/p>\n<p><strong>CISNE NEGRO<\/strong><\/p>\n<p><strong>T\u00edtulo original:<\/strong>\u00a0Black Swan<\/p>\n<p><strong>A\u00f1o:<\/strong>\u00a02010<\/p>\n<p><strong>Duraci\u00f3n:<\/strong>\u00a0109 minutos<\/p>\n<p><strong>Pa\u00eds: <\/strong>Estados Unidos<\/p>\n<p><strong>Director:<\/strong>\u00a0Darren Aronofsky<\/p>\n<p><strong>Guion:<\/strong>\u00a0John McLaughlin, Mark Heyman y Andres Heinz<\/p>\n<p><strong>M\u00fasica:<\/strong>\u00a0Clint Mansell<\/p>\n<p><strong>Fotograf\u00eda:<\/strong>\u00a0Matthew Libatique<\/p>\n<p><strong>Reparto:<\/strong>\u00a0Natalie Portman,\u00a0Mila Kunis,\u00a0Vincent Cassel,\u00a0Winona Ryder,\u00a0Barbara Hershey,Christopher Gartin,\u00a0Sebastian Stan,\u00a0Benjamin Millepied,\u00a0Ksenia Solo,\u00a0Janet Montgomery,\u00a0Kristina Anapau,\u00a0Mark Margolis,\u00a0Tina Sloan y\u00a0Marcia Jean Kurtz<\/p>\n<p><strong>Productora:<\/strong>\u00a0Fox Searchlight Pictures<\/p>\n<p><strong>G\u00e9nero:<\/strong>\u00a0Drama \/ Thriller<\/p>\n<p>Nina, una brillante bailarina que forma parte de una compa\u00f1\u00eda de ballet de Nueva York, vive completamente absorbida por la danza. La presi\u00f3n de su controladora madre, la rivalidad con su compa\u00f1era Lily \u00a0y las exigencias del severo director se ir\u00e1n incrementando a medida que se acerca el d\u00eda del estreno. Esta tensi\u00f3n provoca en Nina un agotamiento nervioso y una confusi\u00f3n mental que la incapacitan para distinguir entre realidad y ficci\u00f3n. (<a href=\"http:\/\/www.filmaffinity.com\/es\/film458406.html\">FilmAffinity<\/a>)<\/p>\n<p><strong>&#8216;Cisne negro&#8217;<\/strong>\u00a0fue el mayor salto en la carrera de <strong>Natalie Portman<\/strong>. A pesar de haber participado en producciones importantes como <strong>&#8216;<a title=\"\u2018Star Wars. Episodio III: La venganza de los Sith\u2019, cierre por todo lo alto de la segunda trilog\u00eda\" href=\"https:\/\/blogs.diariovasco.com\/fotograma\/2015\/12\/16\/star-wars-episodio-iii-la-venganza-de-los-sith-cierre-por-todo-lo-alto-de-la-segunda-trilogia\/\">Star Wars<\/a>&#8216;<\/strong>\u00a0o <strong>&#8216;Thor&#8217;<\/strong>, no fue hasta que interpret\u00f3 a la fr\u00e1gil Nina que fue tomada en serio. Su trabajo es soberbio, merecedor del <strong>\u00d3scar a la mejor actriz<\/strong>\u00a0que gan\u00f3 por el papel. Convence construyendo a una Nina fr\u00e1gil, perturbada y atormentada por una madre obsesionada en realizar sus sue\u00f1os de joven por medio de su hija.<\/p>\n<p><img loading=\"lazy\" style=\"vertical-align: middle;\" src=\"\/\/www.ecartelera.com\/images\/img\/26500\/26569_cisne-negro.jpg\" alt=\"\" width=\"960\" height=\"640\" \/><\/p>\n<p><strong>Mila Kunis<\/strong>\u00a0(<strong>&#8216;<a title=\"\u2018Ted\u2019, MacFarlane no se desata en su primer largometraje\" href=\"https:\/\/blogs.diariovasco.com\/fotograma\/2015\/08\/05\/ted-macfarlane-no-se-desata-en-su-primer-largometraje\/\">Ted<\/a>&#8216;<\/strong>) interpreta a otra de las bailarinas de la compa\u00f1\u00eda. Es el contrapunto a <strong>Portman<\/strong>, una chica alegre, liberada y sociable, adem\u00e1s de una excelente bailarina. <strong>Vincent Cassel<\/strong>\u00a0(<strong>&#8216;Ocean&#8217;s Twelve&#8217;<\/strong>) encarna al severo director de la compa\u00f1\u00eda, seductor y perturbador, de mano f\u00e9rrea. <strong>Barbara Hershey<\/strong>\u00a0(<strong>&#8216;La \u00faltima tentaci\u00f3n de Cristo&#8217;<\/strong>) es la principal raz\u00f3n de la ca\u00edda de <strong>Portman<\/strong>, al dar vida a la obsesiva madre. En un breve papel encontramos a <strong>Winona Ryder<\/strong>\u00a0(<strong>&#8216;Dr\u00e1cula de Bram Stoker&#8217;<\/strong>) dando vida a la bailarina obligada a retirarse para dar paso a Nina como figura principal de la compa\u00f1\u00eda.<\/p>\n<p>Dirige la cinta el neoyorkino <strong>Darren Aronofsky<\/strong>. El director ha llevado a la gran pantalla superproducciones como <strong>&#8216;R\u00e9quiem por un sue\u00f1o&#8217;<\/strong>\u00a0o <strong>&#8216;El luchador&#8217;<\/strong>, aunque probablemente sea <strong>&#8216;Cisne negro&#8217;<\/strong>\u00a0su gran obra, trabajo por el que recibi\u00f3 una nominaci\u00f3n a <strong>mejor director<\/strong>\u00a0en los <strong>\u00d3scar<\/strong>.<\/p>\n<p><img loading=\"lazy\" style=\"vertical-align: middle;\" src=\"\/\/www.ecartelera.com\/images\/img\/26500\/26568_cisne-negro.jpg\" alt=\"\" width=\"960\" height=\"640\" \/><\/p>\n<p>Estamos ante una pel\u00edcula de tonos grises y oscuros. Una cinta llena de dramatismo y sufrimiento, con unos personajes obsesivos en un mundo que busca desesperadamente la perfecci\u00f3n. El mensaje de <strong>Aronofsky<\/strong>\u00a0es claro, no existe tal perfecci\u00f3n y una carrera de \u00e9xito no requiere del sacrificio total de la libertad y los momentos de una vida.<\/p>\n<p>La pel\u00edcula entremezcla escenas de enso\u00f1aci\u00f3n con la realidad, de manera tan fina que resulta complicado discernir en qu\u00e9 momentos estamos ante lo que de verdad ocurre y lo que est\u00e1 en la mente de Nina.<\/p>\n<p><a href=\"\/fotograma\/wp-content\/uploads\/sites\/71\"><img loading=\"lazy\" class=\"aligncenter size-medium wp-image-95\" title=\"8\" src=\"\/fotograma\/wp-content\/uploads\/sites\/71\/2014\/11\/8.png\" alt=\"\" width=\"300\" height=\"29\" srcset=\"https:\/\/static-blogs.diariovasco.com\/wp-content\/uploads\/sites\/71\/2014\/11\/8.png 564w, https:\/\/static-blogs.diariovasco.com\/wp-content\/uploads\/sites\/71\/2014\/11\/8-300x30.png 300w\" sizes=\"(max-width: 300px) 100vw, 300px\" \/><\/a><\/p>\n<p><iframe loading=\"lazy\" src=\"\/\/www.youtube.com\/embed\/uPnB_Bjh5fo\" frameborder=\"0\" width=\"560\" height=\"315\"><\/iframe><\/p>\n","protected":false},"excerpt":{"rendered":"<p>CISNE NEGRO T\u00edtulo original:\u00a0Black Swan A\u00f1o:\u00a02010 Duraci\u00f3n:\u00a0109 minutos Pa\u00eds: Estados Unidos Director:\u00a0Darren Aronofsky Guion:\u00a0John McLaughlin, Mark Heyman y Andres Heinz M\u00fasica:\u00a0Clint Mansell Fotograf\u00eda:\u00a0Matthew Libatique Reparto:\u00a0Natalie Portman,\u00a0Mila Kunis,\u00a0Vincent Cassel,\u00a0Winona Ryder,\u00a0Barbara Hershey,Christopher Gartin,\u00a0Sebastian Stan,\u00a0Benjamin Millepied,\u00a0Ksenia Solo,\u00a0Janet Montgomery,\u00a0Kristina Anapau,\u00a0Mark Margolis,\u00a0Tina Sloan y\u00a0Marcia Jean Kurtz Productora:\u00a0Fox Searchlight Pictures G\u00e9nero:\u00a0Drama \/ Thriller Nina, una brillante bailarina que forma parte de [&hellip;]<\/p>\n","protected":false},"author":101,"featured_media":383,"comment_status":"open","ping_status":"closed","sticky":false,"template":"","format":"standard","meta":[],"categories":[11,18],"tags":[290,325,361,505,518,601,1161,1474,1476,1643,1674,1810,1864,2278,2458,2539,2590],"_links":{"self":[{"href":"https:\/\/blogs.diariovasco.com\/fotograma\/wp-json\/wp\/v2\/posts\/128"}],"collection":[{"href":"https:\/\/blogs.diariovasco.com\/fotograma\/wp-json\/wp\/v2\/posts"}],"about":[{"href":"https:\/\/blogs.diariovasco.com\/fotograma\/wp-json\/wp\/v2\/types\/post"}],"author":[{"embeddable":true,"href":"https:\/\/blogs.diariovasco.com\/fotograma\/wp-json\/wp\/v2\/users\/101"}],"replies":[{"embeddable":true,"href":"https:\/\/blogs.diariovasco.com\/fotograma\/wp-json\/wp\/v2\/comments?post=128"}],"version-history":[{"count":0,"href":"https:\/\/blogs.diariovasco.com\/fotograma\/wp-json\/wp\/v2\/posts\/128\/revisions"}],"wp:featuredmedia":[{"embeddable":true,"href":"https:\/\/blogs.diariovasco.com\/fotograma\/wp-json\/wp\/v2\/media\/383"}],"wp:attachment":[{"href":"https:\/\/blogs.diariovasco.com\/fotograma\/wp-json\/wp\/v2\/media?parent=128"}],"wp:term":[{"taxonomy":"category","embeddable":true,"href":"https:\/\/blogs.diariovasco.com\/fotograma\/wp-json\/wp\/v2\/categories?post=128"},{"taxonomy":"post_tag","embeddable":true,"href":"https:\/\/blogs.diariovasco.com\/fotograma\/wp-json\/wp\/v2\/tags?post=128"}],"curies":[{"name":"wp","href":"https:\/\/api.w.org\/{rel}","templated":true}]}}