{"id":1368,"date":"2018-11-15T09:00:18","date_gmt":"2018-11-15T08:00:18","guid":{"rendered":"https:\/\/blogs.diariovasco.com\/fotograma\/?p=1368"},"modified":"2019-06-07T10:31:55","modified_gmt":"2019-06-07T08:31:55","slug":"malos-tiempos-en-el-royale","status":"publish","type":"post","link":"https:\/\/blogs.diariovasco.com\/fotograma\/2018\/11\/15\/malos-tiempos-en-el-royale\/","title":{"rendered":"&#8216;Malos tiempos en El Royale&#8217;: el lugar donde expiar tus culpas"},"content":{"rendered":"<p><strong><img loading=\"lazy\" class=\"alignleft wp-image-1371\" src=\"https:\/\/static-blogs.diariovasco.com\/wp-content\/uploads\/sites\/71\/2018\/09\/malos-tiempos-en-el-royale-cartel.jpg\" alt=\"Malos tiempos en El Royale\" width=\"307\" height=\"453\" srcset=\"https:\/\/static-blogs.diariovasco.com\/wp-content\/uploads\/sites\/71\/2018\/09\/malos-tiempos-en-el-royale-cartel.jpg 307w, https:\/\/static-blogs.diariovasco.com\/wp-content\/uploads\/sites\/71\/2018\/09\/malos-tiempos-en-el-royale-cartel-203x300.jpg 203w\" sizes=\"(max-width: 307px) 100vw, 307px\" \/>MALOS TIEMPOS EN EL ROYALE<\/strong><\/p>\n<p><strong>T\u00edtulo original<\/strong>: Bad Times at the El Royale<\/p>\n<p><strong>A\u00f1o<\/strong>: 2018<\/p>\n<p><strong>Pa\u00eds<\/strong>:\u00a0Estados Unidos<\/p>\n<p><strong>Duraci\u00f3n<\/strong>: 140 minutos<\/p>\n<p><strong>Direcci\u00f3n<\/strong>:\u00a0<span class=\"director\">Drew Goddard<\/span><\/p>\n<p><strong>Guion<\/strong>:\u00a0<span class=\"nb\">Drew Goddard<\/span><\/p>\n<p><strong>Fotograf\u00eda<\/strong>:\u00a0<span class=\"nb\">Seamus McGarvey<\/span><\/p>\n<p><strong>Reparto<\/strong>:\u00a0<span class=\"cast\">Chris Hemsworth,<\/span>\u00a0<span class=\"cast\">Jeff Bridges,<\/span>\u00a0<span class=\"cast\">Cynthia Erivo,<\/span>\u00a0<span class=\"cast\">Dakota Johnson,<\/span>\u00a0<span class=\"cast\">Jon Hamm,<\/span><span class=\"cast\">Cailee Spaeny,<\/span>\u00a0<span class=\"cast\">Lewis Pullman,<\/span>\u00a0<span class=\"cast\">Jonathan Whitesell,<\/span>\u00a0<span class=\"cast\">Nick Offerman,<\/span>\u00a0<span class=\"cast\">Mark O&#8217;Brien,<\/span><span class=\"cast\">Manny Jacinto,<\/span>\u00a0<span class=\"cast\">Bethany Brown,<\/span>\u00a0<span class=\"cast\">Sarah Smyth,<\/span>\u00a0<span class=\"cast\">Hannah Zirke,<\/span>\u00a0<span class=\"cast\">Sophia Lauchlin Hirt,<\/span><span class=\"cast\">John Specogna,<\/span>\u00a0<span class=\"cast\">Austin Abell,<\/span>\u00a0<span class=\"cast\">Minn Vo,<\/span>\u00a0<span class=\"cast\">Vincent Washington,<\/span>\u00a0<span class=\"cast\">James Quach,<\/span><span class=\"cast\">Billy Wickman\u00a0y Xavier Dolan<\/span><\/p>\n<p><strong>Productora<\/strong>:\u00a0<span class=\"nb\">20th Century Fox<\/span><\/p>\n<p><strong>G\u00e9nero<\/strong>:\u00a0Thriller<\/p>\n<p>Siete desconocidos, cada uno con un secreto, se re\u00fanen en el hotel El Royale, en el lago Tahoe, un sitio ruinoso con un oscuro pasado. En el transcurso de una fat\u00eddica noche, todos tendr\u00e1n una \u00faltima oportunidad de redenci\u00f3n &#8230; antes de que todo se vaya al infierno. (<a href=\"https:\/\/www.filmaffinity.com\/es\/film903138.html\" target=\"_blank\">FilmAffinity<\/a>)<\/p>\n<p><strong>&#8216;Malos tiempos en El Royale&#8217;<\/strong> es un torbellino de personajes y situaciones en una de las pel\u00edculas m\u00e1s entretenidas e interesantes de este 2018. Todo con un grand\u00edsimo reparto, un dise\u00f1o excepcional, con una elecci\u00f3n de la m\u00fasica exquisita y un desarrollo sorpresivo.<\/p>\n<p>El cine actual es muy espectacular en lo visual, pero pierde en su narraci\u00f3n, en su trasfondo y en el dise\u00f1o global de la cinta.\u00a0En\u00a0<strong>&#8216;Malos tiempos en El Royale&#8217;<\/strong>\u00a0estos aspectos brillan porque est\u00e1n cuidados. El equipo detr\u00e1s de la pel\u00edcula se ha molestado por dotar al conjunto de un peso suficiente, y no relegar todo el potencial a un desarrollo diferente, aqu\u00ed el envoltorio importa.<\/p>\n<p>Con estos mimbres nos plantamos en una pel\u00edcula que se va descubriendo poco o a poco, cocin\u00e1ndose a un fuego lento, tal vez demasiado, que nos regala alg\u00fan que otro susto puntual. Las dos o tres sorpresas con las que la pel\u00edcula se salpica consiguen despertar a los pocos espectadores que se hayan podido quedar dormidos ante unas secuencias m\u00e1s pausadas. Todo ello para culminar en un arco final m\u00e1s ca\u00f3tico, pero igualmente l\u00f3gico,con el desarrollo global de la propia cinta.<\/p>\n<p><strong>&#8216;Malos tiempos en El Royale&#8217;<\/strong> es una historia de situaciones, s\u00ed, pero especialmente de personajes. El buen trabajo de guion y de planificaci\u00f3n se nota en que ning\u00fan personaje nos chirr\u00eda con lo que hace. Desde un\u00a0<a href=\"https:\/\/blogs.diariovasco.com\/fotograma\/2017\/07\/27\/baby-driver-critica-cine\/\" target=\"_blank\"><strong>Jon Hamm<\/strong><\/a> mis\u00f3gino que nos sorprende con un giro inesperado para su personaje en el primer arco, a un\u00a0<a href=\"https:\/\/blogs.diariovasco.com\/fotograma\/2018\/04\/27\/vengadores-infinity-war\/\" target=\"_blank\"><strong>Chris Hemsworth<\/strong><\/a> que consigue levantar el final con m\u00e1s presencia f\u00edsica que interpretativa.<\/p>\n<p>Todo el reparto lo hace bien y nos sumerge en esta historia decadente de personajes perdidos y sin rumbo, sin opci\u00f3n de redenci\u00f3n y con demasiadas cuentas pendientes.\u00a0<a href=\"https:\/\/blogs.diariovasco.com\/fotograma\/2017\/02\/14\/comancheria-un-western-del-siglo-xxi\/\" target=\"_blank\"><strong>Jeff Bridges<\/strong><\/a> y\u00a0<strong>Cynthia Erivo<\/strong> llevan el peso principal de la historia, ambos excelentes como el cura y la cantante. La veteran\u00eda es un grado. Todo lo contrario que en el caso de\u00a0<a href=\"https:\/\/blogs.diariovasco.com\/fotograma\/2015\/02\/27\/cincuenta-sombras-de-grey-y-124-minutos-de-perdida-de-tiempo\/\" target=\"_blank\"><strong>Dakota Johnson<\/strong><\/a>, de la que no soy especial fan, que pese a su juventud logra construir un personaje secundario m\u00e1s que interesante. Tambi\u00e9n tenemos a\u00a0<strong>Cailee Spaeny<\/strong>, como su hermana, mucho m\u00e1s reducida en el di\u00e1logo, pero siendo un aut\u00e9ntico bomb\u00f3n, un regalo, para cualquier actriz que tenga en sus manos un personaje as\u00ed de pasado de rosca. Y sin olvidar al joven\u00a0<strong>Lewis Pullman<\/strong>, que no puedo evitar que me despierte ternura con esa carita que tiene, siendo tambi\u00e9n el \u00faltimo cartucho que se reserva la cinta.<\/p>\n<p><img loading=\"lazy\" class=\"aligncenter size-full wp-image-1370\" src=\"https:\/\/static-blogs.diariovasco.com\/wp-content\/uploads\/sites\/71\/2018\/09\/malos-tiempos-en-el-royale-1.jpg\" alt=\"Malos tiempos en El Royale\" width=\"628\" height=\"353\" srcset=\"https:\/\/static-blogs.diariovasco.com\/wp-content\/uploads\/sites\/71\/2018\/09\/malos-tiempos-en-el-royale-1.jpg 628w, https:\/\/static-blogs.diariovasco.com\/wp-content\/uploads\/sites\/71\/2018\/09\/malos-tiempos-en-el-royale-1-300x169.jpg 300w\" sizes=\"(max-width: 628px) 100vw, 628px\" \/><\/p>\n<p>Su estructura, dividida en cap\u00edtulos, nos va descubriendo poco a poco los personajes, destapando las sorpresas una a una. Aunque se ha utilizado hasta la extenuaci\u00f3n este recurso, no deja de ser interesante el modo y la cadencia con la que\u00a0<a href=\"https:\/\/blogs.diariovasco.com\/fotograma\/2016\/02\/17\/marte-the-martian-interstellargravitymusica-disco\/\" target=\"_blank\"><strong>Drew Goddard<\/strong><\/a> decide destaparnos los cap\u00edtulos, o las distintas habitaciones de este hotel delirante. Aparecen exactamente cuando necesitamos m\u00e1s informaci\u00f3n del personaje, nunca antes, nunca fuera de tiempo. Se nos da la informaci\u00f3n justa y necesaria, sin necesitad de sobrecargar la trama con a\u00f1adidos in\u00fatiles.<\/p>\n<p>Tambi\u00e9n hay errores, no todo ser\u00e1n aciertos. La pel\u00edcula es larga, mucho, 140 minutos para una pel\u00edcula que podr\u00eda haber contado con 30 minutos menos f\u00e1cilmente. Se toma demasiado tiempo en algunos pasajes, estirando en exceso el personaje de\u00a0<a href=\"https:\/\/blogs.diariovasco.com\/fotograma\/2017\/07\/27\/baby-driver-critica-cine\/\" target=\"_blank\"><strong>Jon Hamm<\/strong><\/a> y en darle un ep\u00edlogo que no aporta absolutamente nada. El final de los dos personajes, no dir\u00e9 cu\u00e1les, saliendo del hotel hubiese sido lo mejor. El a\u00f1adido final \u00fanicamente est\u00e1 para satisfacer al p\u00fablico m\u00e1s \u00f1o\u00f1o, algo que no entiendo porque la pel\u00edcula en ning\u00fan momento peca de ser \u00f1o\u00f1a.<\/p>\n<p>Es valiente en describir personajes absolutamente deleznables, todos ellos lo son, no se libra ninguno, pero no lo hace cayendo en absurdos clich\u00e9s, bueno, alguno que otro s\u00ed. Tenemos identidades falsas, personajes que se destapan como algo que no esper\u00e1bamos, hombres despreciables y valientes, mujeres con\u00a0un par de ovarios y las que viven pendientes de un hombre. Ninguno es un modelo de conducta, y para todos, la noche que pasan en el hotel es una penitencia que tienen que pagar para absolver sus pecados, si la superan, ser\u00e1n libres.\u00a0<strong>&#8216;Malos tiempos en El Royale&#8217;<\/strong> no deja de ser eso, un modo que tienen todos por expiar su culpa, por librarse de ella, pero al mismo tiempo de intentar afianzarse en su yo interno.<\/p>\n<p>Si buscas un entretenimiento en cine que se aleje a lo t\u00edpico que vemos actualmente, esta es tu pel\u00edcula. Si buscas alg\u00fan que otro sobresalto, pero elegido en el momento adecuado, esta es tu pel\u00edcula. Si buscas buenas interpretaciones, esta es tu pel\u00edcula.<\/p>\n<p><strong>Lo mejor<\/strong>: El dise\u00f1o global de la pel\u00edcula es brillante.<\/p>\n<p><strong>Lo peor<\/strong>: Dura mucho, le sobran 20-30 minutos.<\/p>\n<p><img loading=\"lazy\" class=\"aligncenter size-medium wp-image-95\" src=\"https:\/\/static-blogs.diariovasco.com\/wp-content\/uploads\/sites\/71\/2014\/11\/8-300x30.png\" alt=\"Malos tiempos en El Royale\" width=\"300\" height=\"30\" srcset=\"https:\/\/static-blogs.diariovasco.com\/wp-content\/uploads\/sites\/71\/2014\/11\/8-300x30.png 300w, https:\/\/static-blogs.diariovasco.com\/wp-content\/uploads\/sites\/71\/2014\/11\/8.png 564w\" sizes=\"(max-width: 300px) 100vw, 300px\" \/><\/p>\n<p><iframe loading=\"lazy\" width=\"500\" height=\"281\" src=\"https:\/\/www.youtube.com\/embed\/_fYZF7s-drM?feature=oembed\" frameborder=\"0\" allow=\"accelerometer; autoplay; encrypted-media; gyroscope; picture-in-picture\" allowfullscreen><\/iframe><\/p>\n","protected":false},"excerpt":{"rendered":"<p>&#8216;Malos tiempos en El Royale&#8217; es un torbellino de personajes y situaciones y en una de las pel\u00edculas m\u00e1s entretenidas e interesantes de este 2018. Con un grand\u00edsimo reparto, un dise\u00f1o excepcional, con una elecci\u00f3n de la m\u00fasica exquisita y un desarrollo sorpresivo<\/p>\n","protected":false},"author":101,"featured_media":1369,"comment_status":"open","ping_status":"closed","sticky":false,"template":"","format":"standard","meta":[],"categories":[18],"tags":[4689,4694,4684,4693,4680,484,4678,4679,4696,4686,4692,2666,4688,3227,4682,4681,4695,4683,2646,4690,1890,4685,4687,4691,2597],"_links":{"self":[{"href":"https:\/\/blogs.diariovasco.com\/fotograma\/wp-json\/wp\/v2\/posts\/1368"}],"collection":[{"href":"https:\/\/blogs.diariovasco.com\/fotograma\/wp-json\/wp\/v2\/posts"}],"about":[{"href":"https:\/\/blogs.diariovasco.com\/fotograma\/wp-json\/wp\/v2\/types\/post"}],"author":[{"embeddable":true,"href":"https:\/\/blogs.diariovasco.com\/fotograma\/wp-json\/wp\/v2\/users\/101"}],"replies":[{"embeddable":true,"href":"https:\/\/blogs.diariovasco.com\/fotograma\/wp-json\/wp\/v2\/comments?post=1368"}],"version-history":[{"count":5,"href":"https:\/\/blogs.diariovasco.com\/fotograma\/wp-json\/wp\/v2\/posts\/1368\/revisions"}],"predecessor-version":[{"id":1930,"href":"https:\/\/blogs.diariovasco.com\/fotograma\/wp-json\/wp\/v2\/posts\/1368\/revisions\/1930"}],"wp:featuredmedia":[{"embeddable":true,"href":"https:\/\/blogs.diariovasco.com\/fotograma\/wp-json\/wp\/v2\/media\/1369"}],"wp:attachment":[{"href":"https:\/\/blogs.diariovasco.com\/fotograma\/wp-json\/wp\/v2\/media?parent=1368"}],"wp:term":[{"taxonomy":"category","embeddable":true,"href":"https:\/\/blogs.diariovasco.com\/fotograma\/wp-json\/wp\/v2\/categories?post=1368"},{"taxonomy":"post_tag","embeddable":true,"href":"https:\/\/blogs.diariovasco.com\/fotograma\/wp-json\/wp\/v2\/tags?post=1368"}],"curies":[{"name":"wp","href":"https:\/\/api.w.org\/{rel}","templated":true}]}}