{"id":1394,"date":"2018-10-11T09:00:59","date_gmt":"2018-10-11T07:00:59","guid":{"rendered":"https:\/\/blogs.diariovasco.com\/fotograma\/?p=1394"},"modified":"2018-10-10T15:09:26","modified_gmt":"2018-10-10T13:09:26","slug":"venom","status":"publish","type":"post","link":"https:\/\/blogs.diariovasco.com\/fotograma\/2018\/10\/11\/venom\/","title":{"rendered":"&#8216;Venom&#8217;: Tom Hardy salva la funci\u00f3n"},"content":{"rendered":"<p><strong><img loading=\"lazy\" class=\"alignleft wp-image-1397\" src=\"https:\/\/static-blogs.diariovasco.com\/wp-content\/uploads\/sites\/71\/2018\/10\/venom-cartel.jpg\" alt=\"Venom\" width=\"307\" height=\"453\" srcset=\"https:\/\/static-blogs.diariovasco.com\/wp-content\/uploads\/sites\/71\/2018\/10\/venom-cartel.jpg 307w, https:\/\/static-blogs.diariovasco.com\/wp-content\/uploads\/sites\/71\/2018\/10\/venom-cartel-203x300.jpg 203w\" sizes=\"(max-width: 307px) 100vw, 307px\" \/>VENOM<\/strong><\/p>\n<p><strong>T\u00edtulo original<\/strong>: Venom<\/p>\n<p><strong>A\u00f1o<\/strong>: 2018<\/p>\n<p><strong>Duraci\u00f3n<\/strong>: 112 minutos<\/p>\n<p><strong>Pa\u00eds<\/strong>:\u00a0Estados Unidos<\/p>\n<p><strong>Direcci\u00f3n<\/strong>:\u00a0<span class=\"director\">Ruben Fleischer<\/span><\/p>\n<p><strong>Guion<\/strong>:\u00a0<span class=\"nb\">Scott Rosenberg,<\/span>\u00a0<span class=\"nb\">Jeff Pinkner y<\/span>\u00a0<span class=\"nb\">Kelly Marcel<\/span><\/p>\n<p><strong>M\u00fasica<\/strong>:\u00a0<span class=\"nb\">Ludwig G\u00f6ransson<\/span><\/p>\n<p><strong>Fotograf\u00eda<\/strong>:\u00a0<span class=\"nb\">Matthew Libatique<\/span><\/p>\n<p><strong>Reparto<\/strong>:\u00a0<span class=\"cast\">Tom Hardy,<\/span>\u00a0<span class=\"cast\">Riz Ahmed,<\/span>\u00a0<span class=\"cast\">Michelle Williams,<\/span>\u00a0<span class=\"cast\">Jenny Slate,<\/span>\u00a0<span class=\"cast\">Woody Harrelson,<\/span><span class=\"cast\">Reid Scott,<\/span>\u00a0<span class=\"cast\">Michelle Lee,<\/span>\u00a0<span class=\"cast\">Scott Haze,<\/span>\u00a0<span class=\"cast\">Mac Brandt,<\/span>\u00a0<span class=\"cast\">Sope Aluko,<\/span>\u00a0<span class=\"cast\">Wayne P\u00e9re,<\/span><span class=\"cast\">Jared Bankens,<\/span>\u00a0<span class=\"cast\">Al-Jaleel Knox,<\/span>\u00a0<span class=\"cast\">Sam Medina,<\/span>\u00a0<span class=\"cast\">Melora Walters y<\/span>\u00a0<span class=\"cast\">Peggy Lu<\/span><\/p>\n<p><strong>Productora<\/strong>:\u00a0<span class=\"nb\">Sony Pictures Entertainment (SPE) \/ Columbia Pictures \/ Marvel Entertainment<\/span><\/p>\n<p><strong>G\u00e9nero<\/strong>:\u00a0Ciencia ficci\u00f3n \/\u00a0Thriller \/\u00a0Terror<\/p>\n<p>Como periodista, Eddie Brock lleva tiempo intentando desenmascarar al creador de la Fundaci\u00f3n Vida, el famoso genio cient\u00edfico Carlton Drake, una obsesi\u00f3n que ha arruinado su carrera y su relaci\u00f3n con su novia, Anne. Al investigar uno de los experimentos de Drake, el ente alien\u00edgena Venom se fusiona con el cuerpo de Eddie, y el reportero adquiere de pronto nuevos e incre\u00edbles superpoderes, as\u00ed como la oportunidad de hacer pr\u00e1cticamente lo que se le antoje. Retorcido, oscuro, impredecible e impulsado por la c\u00f3lera, Venom obliga a Eddie a luchar por controlar unas habilidades sumamente peligrosas que, al mismo tiempo, tambi\u00e9n resultan embriagadoras y le hacen sentir poderoso. Dado que Eddie y Venom se necesitan mutuamente para conseguir lo que quieren, se van entremezclando cada vez m\u00e1s&#8230; \u00bfD\u00f3nde acaba Eddie y empieza Venom?. (<a href=\"https:\/\/www.filmaffinity.com\/es\/film122208.html\" target=\"_blank\">FilmAffinity<\/a>)<\/p>\n<p>&nbsp;<\/p>\n<p>Ten\u00eda ganas de\u00a0<strong>&#8216;Venom&#8217;<\/strong>, para qu\u00e9 enga\u00f1arnos. Es una pel\u00edcula que te la venden muy bien y, por fin, pintaba a acierto de Sony en esto de los superh\u00e9roes. Pues bien, s\u00ed, es mejor que lo que \u00faltimamente ven\u00eda haciendo Sony con el material que le queda de Marvel, pero no es para tanto.<\/p>\n<p>La idea de tomar un villano tan m\u00edtico como Venom y transformar su historia en una historia de superh\u00e9roe es, cuanto menos, curioso. Ahora que de Spiderman no pueden hacer pel\u00edculas, toman a este villano y lo convierten en el h\u00e9roe de la funci\u00f3n, porque aqu\u00ed Venom es bueno. Aunque mate, descuartice, destroce y aniquile, se nos muestra el lado m\u00e1s &#8220;humano&#8221; de esta criatura que convive dentro de un ser humano para poder sobrevivir.<\/p>\n<p>Interesante en su inicio y con unas escenas de acci\u00f3n centrales realmente bien rodadas -la \u00faltima escena de acci\u00f3n es imposible de disfrutar-,\u00a0<strong>&#8216;Venom&#8217;<\/strong> salva el pase con un aprobado raspado. Pero principalmente es su protagonista, un\u00a0<a href=\"https:\/\/blogs.diariovasco.com\/fotograma\/2017\/07\/25\/dunkerque-christopher-nolan-critica-cine\/\" target=\"_blank\"><strong>Tom Hardy<\/strong><\/a> entregado, quien salva la funci\u00f3n.\u00a0<strong>&#8216;Venom&#8217;<\/strong> no ser\u00eda lo que es sin\u00a0<a href=\"https:\/\/blogs.diariovasco.com\/fotograma\/2016\/02\/12\/el-renacido-esta-vez-si-leo\/\" target=\"_blank\"><strong>Tom Hardy<\/strong><\/a>, se nota la implicaci\u00f3n personal del propio actor en la producci\u00f3n, y esta implicaci\u00f3n es de los puntos positivos que se pueden destacar tras ver la pel\u00edcula.<\/p>\n<p><img loading=\"lazy\" class=\"aligncenter size-full wp-image-1395\" src=\"https:\/\/static-blogs.diariovasco.com\/wp-content\/uploads\/sites\/71\/2018\/10\/venom-2.jpg\" alt=\"Venom\" width=\"628\" height=\"353\" srcset=\"https:\/\/static-blogs.diariovasco.com\/wp-content\/uploads\/sites\/71\/2018\/10\/venom-2.jpg 628w, https:\/\/static-blogs.diariovasco.com\/wp-content\/uploads\/sites\/71\/2018\/10\/venom-2-300x169.jpg 300w\" sizes=\"(max-width: 628px) 100vw, 628px\" \/><\/p>\n<p>Comentaba las escenas de acci\u00f3n, y no merecen quedarse en una simple l\u00ednea en un p\u00e1rrafo. Toda la parte central, una vez Venom est\u00e1 dentro de\u00a0<a href=\"https:\/\/blogs.diariovasco.com\/fotograma\/2016\/02\/10\/mad-max-furia-en-la-carretera-sed-testigos-del-cine-de-accion-de-verdad\/\" target=\"_blank\"><strong>Tom Hardy<\/strong><\/a>, y hasta que termina en el laboratorio es de nota. Las persecuciones en moto, la criatura subiendo a un rascacielos, la batalla que mantienen humano y simbionte, son de lo mejor de la pel\u00edcula.<\/p>\n<p>El final, en cambio, es tan atropellado como imposible de seguir. Vamos a ver, se\u00f1ores de CGI y fotograf\u00eda, por favor, haced las escenas bien, que podamos seguirlas bien y no sean un videojuego excesivo donde m\u00e1s que disfrutar terminamos mareados.<\/p>\n<p>El humor&#8230; bueno, el humor. No me ha hecho gracia. Le falta la chispa y la frescura de las pel\u00edculas de Marvel. Intenta navegar entre dos aguas, el de la oscuridad y el humor, y al final se queda en terreno de nadie. Una aut\u00e9ntica l\u00e1stima porque desaprovecha un reparto bien atractivo.<\/p>\n<p>El villano, como viene siendo habitual en este tipo de pel\u00edculas es m\u00e1s que olvidable. De acuerdo que estamos ante una pel\u00edcula de or\u00edgenes y el aut\u00e9ntico protagonista es\u00a0<a href=\"https:\/\/blogs.diariovasco.com\/fotograma\/2015\/09\/25\/dias-de-festival-8-un-dia-perfecte-per-volar-les-demons-y-london-road\/\" target=\"_blank\"><strong>Tom Hardy<\/strong><\/a>, pero el villano debe ser interesante y\u00a0<a href=\"https:\/\/blogs.diariovasco.com\/fotograma\/2016\/12\/22\/rogue-one-una-historia-de-star-wars-la-sensacion-de-que-algo-falta-flota-en-el-ambiente\/\" target=\"_blank\"><strong>Riz Ahmed<\/strong><\/a> no consigue sacar jugo a su personaje.\u00a0<a href=\"https:\/\/blogs.diariovasco.com\/fotograma\/2017\/02\/07\/manchester-frente-al-mar-vivir-eternamente-con-la-culpa-encima\/\" target=\"_blank\"><strong>Michelle Williams<\/strong><\/a> da la contrarr\u00e9plica de una manera m\u00e1s que correcta.<\/p>\n<p>En definitiva, una pel\u00edcula correcta.\u00a0<a href=\"https:\/\/blogs.diariovasco.com\/fotograma\/2017\/07\/25\/dunkerque-christopher-nolan-critica-cine\/\" target=\"_blank\"><strong>Tom Hardy<\/strong><\/a> supera con nota su labor como\u00a0<strong>&#8216;Venom&#8217;<\/strong>, El espect\u00e1culo de acci\u00f3n est\u00e1 bien, pero el conjunto no convence lo suficiente. Veremos si la taquilla permite una secuela que mejore a esta primera.<\/p>\n<p><strong>Lo mejor<\/strong>:\u00a0<a href=\"https:\/\/blogs.diariovasco.com\/fotograma\/2016\/02\/12\/el-renacido-esta-vez-si-leo\/\" target=\"_blank\"><strong>Tom Hardy<\/strong><\/a>.<\/p>\n<p><strong>Lo peor<\/strong>: El villano, el humor, la escena de acci\u00f3n final&#8230;<\/p>\n<p><img loading=\"lazy\" class=\"aligncenter size-medium wp-image-89\" src=\"https:\/\/static-blogs.diariovasco.com\/wp-content\/uploads\/sites\/71\/2014\/11\/5-300x30.png\" alt=\"Venom\" width=\"300\" height=\"30\" srcset=\"https:\/\/static-blogs.diariovasco.com\/wp-content\/uploads\/sites\/71\/2014\/11\/5-300x30.png 300w, https:\/\/static-blogs.diariovasco.com\/wp-content\/uploads\/sites\/71\/2014\/11\/5.png 564w\" sizes=\"(max-width: 300px) 100vw, 300px\" \/><\/p>\n<p><iframe loading=\"lazy\" width=\"500\" height=\"281\" src=\"https:\/\/www.youtube.com\/embed\/mYTmQWZkw10?feature=oembed\" frameborder=\"0\" allow=\"autoplay; encrypted-media\" allowfullscreen><\/iframe><\/p>\n","protected":false},"excerpt":{"rendered":"<p>&#8216;Venom&#8217; salva el pase con un aprobado raspado. Pero principalmente es su protagonista, un Tom Hardy entregado, quien salva la funci\u00f3n. &#8216;Venom&#8217; no ser\u00eda lo que es sin Tom Hardy, se nota la implicaci\u00f3n personal del propio actor en la producci\u00f3n, y esta implicaci\u00f3n es de los puntos positivos que se pueden destacar tras ver la pel\u00edcula<\/p>\n","protected":false},"author":101,"featured_media":1396,"comment_status":"open","ping_status":"closed","sticky":false,"template":"","format":"standard","meta":[],"categories":[7,17,18],"tags":[4722,4721,4714,4718,1751,4716,2680,4724,4715,2141,4726,4723,4717,4719,2470,4725,4720,2594],"_links":{"self":[{"href":"https:\/\/blogs.diariovasco.com\/fotograma\/wp-json\/wp\/v2\/posts\/1394"}],"collection":[{"href":"https:\/\/blogs.diariovasco.com\/fotograma\/wp-json\/wp\/v2\/posts"}],"about":[{"href":"https:\/\/blogs.diariovasco.com\/fotograma\/wp-json\/wp\/v2\/types\/post"}],"author":[{"embeddable":true,"href":"https:\/\/blogs.diariovasco.com\/fotograma\/wp-json\/wp\/v2\/users\/101"}],"replies":[{"embeddable":true,"href":"https:\/\/blogs.diariovasco.com\/fotograma\/wp-json\/wp\/v2\/comments?post=1394"}],"version-history":[{"count":1,"href":"https:\/\/blogs.diariovasco.com\/fotograma\/wp-json\/wp\/v2\/posts\/1394\/revisions"}],"predecessor-version":[{"id":1398,"href":"https:\/\/blogs.diariovasco.com\/fotograma\/wp-json\/wp\/v2\/posts\/1394\/revisions\/1398"}],"wp:featuredmedia":[{"embeddable":true,"href":"https:\/\/blogs.diariovasco.com\/fotograma\/wp-json\/wp\/v2\/media\/1396"}],"wp:attachment":[{"href":"https:\/\/blogs.diariovasco.com\/fotograma\/wp-json\/wp\/v2\/media?parent=1394"}],"wp:term":[{"taxonomy":"category","embeddable":true,"href":"https:\/\/blogs.diariovasco.com\/fotograma\/wp-json\/wp\/v2\/categories?post=1394"},{"taxonomy":"post_tag","embeddable":true,"href":"https:\/\/blogs.diariovasco.com\/fotograma\/wp-json\/wp\/v2\/tags?post=1394"}],"curies":[{"name":"wp","href":"https:\/\/api.w.org\/{rel}","templated":true}]}}