{"id":1440,"date":"2018-11-08T09:00:25","date_gmt":"2018-11-08T08:00:25","guid":{"rendered":"https:\/\/blogs.diariovasco.com\/fotograma\/?p=1440"},"modified":"2019-06-07T10:32:34","modified_gmt":"2019-06-07T08:32:34","slug":"el-angel","status":"publish","type":"post","link":"https:\/\/blogs.diariovasco.com\/fotograma\/2018\/11\/08\/el-angel\/","title":{"rendered":"&#8216;El \u00e1ngel&#8217;: el lado idealizado del crimen"},"content":{"rendered":"<p><strong><img loading=\"lazy\" class=\"alignleft wp-image-1443\" src=\"https:\/\/static-blogs.diariovasco.com\/wp-content\/uploads\/sites\/71\/2018\/11\/el-angel-cartel.jpg\" alt=\"El \u00e1ngel\" width=\"307\" height=\"453\" srcset=\"https:\/\/static-blogs.diariovasco.com\/wp-content\/uploads\/sites\/71\/2018\/11\/el-angel-cartel.jpg 307w, https:\/\/static-blogs.diariovasco.com\/wp-content\/uploads\/sites\/71\/2018\/11\/el-angel-cartel-203x300.jpg 203w\" sizes=\"(max-width: 307px) 100vw, 307px\" \/>EL \u00c1NGEL<\/strong><\/p>\n<p><strong>T\u00edtulo original<\/strong>: El \u00e1ngel<\/p>\n<p><strong>A\u00f1o<\/strong>: 2018<\/p>\n<p><strong>Duraci\u00f3n<\/strong>: 117 minutos<\/p>\n<p><strong>Pa\u00eds<\/strong>: Argentina<\/p>\n<p><strong>Direcci\u00f3n<\/strong>:\u00a0<span class=\"director\">Luis Ortega<\/span><\/p>\n<p><strong>Guion<\/strong>:\u00a0<span class=\"nb\">Luis Ortega,<\/span>\u00a0<span class=\"nb\">Rodolfo Palacios y<\/span>\u00a0<span class=\"nb\">Sergio Olgu\u00edn<\/span><\/p>\n<p><strong>Fotograf\u00eda<\/strong>:\u00a0<span class=\"nb\">Juli\u00e1n Apezteguia<\/span><\/p>\n<p><strong>Reparto<\/strong>:\u00a0<span class=\"cast\">Lorenzo Ferro,<\/span>\u00a0<span class=\"cast\">Chino Dar\u00edn,<\/span>\u00a0<span class=\"cast\">Mercedes Mor\u00e1n,<\/span>\u00a0<span class=\"cast\">Daniel Fanego,<\/span>\u00a0<span class=\"cast\">Luis Gnecco,<\/span><span class=\"cast\">Peter Lanzani,<\/span>\u00a0<span class=\"cast\">Cecilia Roth,<\/span>\u00a0<span class=\"cast\">William Prociuk\u00a0y<\/span>\u00a0<span class=\"cast\">Malena Villa<\/span><\/p>\n<p><strong>Productora<\/strong>:\u00a0<span class=\"nb\">K&amp;S Films \/ Underground Contenidos \/ El Deseo \/ Telef\u00e9<\/span><\/p>\n<p><strong>G\u00e9nero<\/strong>:\u00a0Thriller \/\u00a0Drama<\/p>\n<p>Carlitos es un joven de diecisiete a\u00f1os con fama de estrella de cine, rizos rubios y cara de beb\u00e9. Ya en su adolescencia manifest\u00f3 su verdadera vocaci\u00f3n: ser un ladr\u00f3n. Cuando conoce a Ram\u00f3n en su nueva escuela, Carlitos se siente inmediatamente atra\u00eddo por \u00e9l y quiere llamar su atenci\u00f3n. Juntos se embarcar\u00e1n en un viaje de descubrimientos, amor y crimen. Debido a su apariencia angelical, la prensa llama a Carlitos &#8216;El \u00e1ngel de la muerte&#8217;. Llama la atenci\u00f3n por su belleza, se convierte en una celebridad de la noche a la ma\u00f1ana. En total, se cree que cometi\u00f3 m\u00e1s de cuarenta robos y once homicidios. Hoy, despu\u00e9s de m\u00e1s de cuarenta y cinco a\u00f1os en la c\u00e1rcel, Carlos Robledo Puch es el preso que m\u00e1s tiempo lleva en prisi\u00f3n en la historia de Argentina. (<a href=\"https:\/\/www.filmaffinity.com\/es\/film859168.html\" target=\"_blank\">FilmAffinity<\/a>)<\/p>\n<p>La historia de\u00a0<strong>&#8216;El \u00e1ngel&#8217;<\/strong> es la historia de Carlos Eduardo Robledo Puch, el mayor asesino en serie y criminal de la historia de Argentina. Detenido en 1972, cumple condena desde entonces por once homicidios, algunos intentos de homcidio m\u00e1s, violaciones, robos, raptos y hurtos varios. La pel\u00edcula de\u00a0<strong>Luis Ortega<\/strong> aborda desde una visi\u00f3n idealizada y rom\u00e1ntica la vida de este joven apodado &#8220;El \u00e1ngel de la muerte&#8221;.<\/p>\n<p>Con una marcada est\u00e9tica de los a\u00f1os 70 y una selecci\u00f3n musical exquisita,\u00a0<strong>&#8216;El \u00e1ngel&#8217;<\/strong> no toma partido en criminalizar a &#8220;Carlitos&#8221;, interpretado con acierto pro\u00a0<strong>Lorenzo Ferro<\/strong>. La pel\u00edcula prefiere mantener distancia y dejar en manos del espectador la labor de juzgar qu\u00e9 es correcto\u00a0y qu\u00e9 no y condenar las acciones de este muchacho. La pel\u00edcula es un escaparate, una forma de observar sus fechor\u00edas, desde un punto de vista tan alejado que hasta sentimos empat\u00eda por este chaval.<\/p>\n<p><img loading=\"lazy\" class=\"aligncenter size-full wp-image-1441\" src=\"https:\/\/static-blogs.diariovasco.com\/wp-content\/uploads\/sites\/71\/2018\/11\/el-angel-2.jpg\" alt=\"El \u00e1ngel\" width=\"628\" height=\"353\" srcset=\"https:\/\/static-blogs.diariovasco.com\/wp-content\/uploads\/sites\/71\/2018\/11\/el-angel-2.jpg 628w, https:\/\/static-blogs.diariovasco.com\/wp-content\/uploads\/sites\/71\/2018\/11\/el-angel-2-300x169.jpg 300w\" sizes=\"(max-width: 628px) 100vw, 628px\" \/><\/p>\n<p>La est\u00e9tica colorida y la selecci\u00f3n musical ensalzan el aspecto m\u00e1s &#8220;divertido&#8221; de esta historia.Si bien, aunque entretenida, no sorprende en exceso, incluso haci\u00e9ndose pesada en su tramo final. Lo reiterativo de la historia: robo, huida, robo, huida, robo, huida&#8230; Con alg\u00fan asesinato de por medio. No deja de cargar hasta los 5 \u00faltimos minutos, una forma redonda de terminar.<\/p>\n<p>La pel\u00edcula quiere mantener tanto las distancias con los personajes que su viaje emocional no cala. Como espectadores nos importa un pepino si hay un robo m\u00e1s, qu\u00e9 nueva manera de matar encontrar\u00e1 o cu\u00e1l ser\u00e1 su siguiente fechor\u00eda. Ni el aspecto sexual, la pel\u00edcula se empe\u00f1a en retratarlo como homosexual o bisexual, algo que el propio aludido ha querido negar p\u00fablicamente, a\u00f1ade sal a la historia.<\/p>\n<p>Cierto que hay algo interesante, hasta rom\u00e1ntico en la historia. Igual que en\u00a0<strong>&#8216;American Psycho&#8217;<\/strong>, hay cierto momento en el que el criminal nos resulta simp\u00e1tico, dejamos de condenarlo y entramos en su bucle. En esto tiene mucho de culpa un\u00a0<strong>Lorenzo Ferro<\/strong> grandioso que se lleva por delante la pel\u00edcula. El int\u00e9rprete, poco expresivo, condensa con maestr\u00eda las aristas de un personaje realmente interesante en su fondo, pero mostrado con total frialdad. Su imagen de querub\u00edn, de angelito, conecta con el espectador y logra, por s\u00ed solo, los puntos m\u00e1s brillantes de la cinta.<\/p>\n<p><strong>Lo mejor<\/strong>: La actuaci\u00f3n de\u00a0<strong>Lorenzo Ferro<\/strong>.<\/p>\n<p><strong>Lo peor<\/strong>: No consigue emocionarnos con la historia,\u00a0 cuesta implicarnos en ella.<\/p>\n<p><img loading=\"lazy\" class=\"aligncenter size-medium wp-image-93\" src=\"https:\/\/static-blogs.diariovasco.com\/wp-content\/uploads\/sites\/71\/2014\/11\/7-300x30.png\" alt=\"El \u00e1ngel\" width=\"300\" height=\"30\" srcset=\"https:\/\/static-blogs.diariovasco.com\/wp-content\/uploads\/sites\/71\/2014\/11\/7-300x30.png 300w, https:\/\/static-blogs.diariovasco.com\/wp-content\/uploads\/sites\/71\/2014\/11\/7.png 564w\" sizes=\"(max-width: 300px) 100vw, 300px\" \/><\/p>\n<p><iframe loading=\"lazy\" width=\"500\" height=\"281\" src=\"https:\/\/www.youtube.com\/embed\/FWPntt8XQBo?feature=oembed\" frameborder=\"0\" allow=\"accelerometer; autoplay; encrypted-media; gyroscope; picture-in-picture\" allowfullscreen><\/iframe><\/p>\n","protected":false},"excerpt":{"rendered":"<p>La historia de &#8216;El \u00e1ngel&#8217; es la historia de Carlos Eduardo Robledo Puch, el mayor asesino en serie y criminal de la historia de Argentina. Detenido en 1972, cumple condena desde entonces por once homicidios, algunos intentos de homcidio m\u00e1s, violaciones, robos, raptos y hurtos varios. La pel\u00edcula de Luis Ortega aborda desde una visi\u00f3n idealizada y rom\u00e1ntica la vida de este joven apodado &#8220;El \u00e1ngel de la muerte&#8221;<\/p>\n","protected":false},"author":101,"featured_media":1442,"comment_status":"open","ping_status":"closed","sticky":false,"template":"","format":"standard","meta":[],"categories":[11,18],"tags":[3154,4801,585,4807,4800,4803,4808,4806,4802,4804,4805],"_links":{"self":[{"href":"https:\/\/blogs.diariovasco.com\/fotograma\/wp-json\/wp\/v2\/posts\/1440"}],"collection":[{"href":"https:\/\/blogs.diariovasco.com\/fotograma\/wp-json\/wp\/v2\/posts"}],"about":[{"href":"https:\/\/blogs.diariovasco.com\/fotograma\/wp-json\/wp\/v2\/types\/post"}],"author":[{"embeddable":true,"href":"https:\/\/blogs.diariovasco.com\/fotograma\/wp-json\/wp\/v2\/users\/101"}],"replies":[{"embeddable":true,"href":"https:\/\/blogs.diariovasco.com\/fotograma\/wp-json\/wp\/v2\/comments?post=1440"}],"version-history":[{"count":3,"href":"https:\/\/blogs.diariovasco.com\/fotograma\/wp-json\/wp\/v2\/posts\/1440\/revisions"}],"predecessor-version":[{"id":1932,"href":"https:\/\/blogs.diariovasco.com\/fotograma\/wp-json\/wp\/v2\/posts\/1440\/revisions\/1932"}],"wp:featuredmedia":[{"embeddable":true,"href":"https:\/\/blogs.diariovasco.com\/fotograma\/wp-json\/wp\/v2\/media\/1442"}],"wp:attachment":[{"href":"https:\/\/blogs.diariovasco.com\/fotograma\/wp-json\/wp\/v2\/media?parent=1440"}],"wp:term":[{"taxonomy":"category","embeddable":true,"href":"https:\/\/blogs.diariovasco.com\/fotograma\/wp-json\/wp\/v2\/categories?post=1440"},{"taxonomy":"post_tag","embeddable":true,"href":"https:\/\/blogs.diariovasco.com\/fotograma\/wp-json\/wp\/v2\/tags?post=1440"}],"curies":[{"name":"wp","href":"https:\/\/api.w.org\/{rel}","templated":true}]}}