{"id":1584,"date":"2019-01-17T09:00:49","date_gmt":"2019-01-17T08:00:49","guid":{"rendered":"https:\/\/blogs.diariovasco.com\/fotograma\/?p=1584"},"modified":"2019-06-07T10:25:40","modified_gmt":"2019-06-07T08:25:40","slug":"la-favorita","status":"publish","type":"post","link":"https:\/\/blogs.diariovasco.com\/fotograma\/2019\/01\/17\/la-favorita\/","title":{"rendered":"&#8216;La favorita&#8217;: las mujeres de la corte"},"content":{"rendered":"<p><strong><img loading=\"lazy\" class=\"alignleft wp-image-1587\" src=\"https:\/\/static-blogs.diariovasco.com\/wp-content\/uploads\/sites\/71\/2019\/01\/favorita-cartel.jpg\" alt=\"La favorita\" width=\"307\" height=\"453\" srcset=\"https:\/\/static-blogs.diariovasco.com\/wp-content\/uploads\/sites\/71\/2019\/01\/favorita-cartel.jpg 307w, https:\/\/static-blogs.diariovasco.com\/wp-content\/uploads\/sites\/71\/2019\/01\/favorita-cartel-203x300.jpg 203w\" sizes=\"(max-width: 307px) 100vw, 307px\" \/>LA FAVORITA<\/strong><\/p>\n<p><strong>T\u00edtulo original<\/strong>: The Favourite<\/p>\n<p><strong>A\u00f1o<\/strong>: 2018<\/p>\n<p><strong>Duraci\u00f3n<\/strong>: 121 minutos<\/p>\n<p><strong>Pa\u00eds<\/strong>:\u00a0Reino Unido<\/p>\n<p><strong>Direcci\u00f3n<\/strong>:\u00a0<span class=\"director\">Yorgos Lanthimos<\/span><\/p>\n<p><strong>Guion<\/strong>:\u00a0<span class=\"nb\">Deborah Davis,<\/span>\u00a0<span class=\"nb\">Tony McNamara<\/span><\/p>\n<p><strong>Fotograf\u00eda<\/strong>:\u00a0<span class=\"nb\">Robbie Ryan<\/span><\/p>\n<p><strong>Reparto<\/strong>:\u00a0<span class=\"cast\">Olivia Colman,<\/span>\u00a0<span class=\"cast\">Emma Stone,<\/span>\u00a0<span class=\"cast\">Rachel Weisz,<\/span>\u00a0<span class=\"cast\">Nicholas Hoult,<\/span>\u00a0<span class=\"cast\">Joe Alwyn,<\/span><span class=\"cast\">James Smith,<\/span>\u00a0<span class=\"cast\">Mark Gatiss,<\/span>\u00a0<span class=\"cast\">Jenny Rainsford,<\/span>\u00a0<span class=\"cast\">Tim Ingall,<\/span>\u00a0<span class=\"cast\">Basil Eidenbenz,<\/span><span class=\"cast\">Timothy Innes,<\/span>\u00a0<span class=\"cast\">Jack Veal,<\/span>\u00a0<span class=\"cast\">James Melville,<\/span>\u00a0<span class=\"cast\">Hannah Morley y<\/span>\u00a0<span class=\"cast\">John Locke<\/span><\/p>\n<p><strong>Productora<\/strong>:\u00a0<span class=\"nb\">Element Pictures \/ Scarlet Films \/ Film4 Productions \/ Waypoint Entertainment \/ Fox Searchlight<\/span><\/p>\n<p><strong>G\u00e9nero<\/strong>:\u00a0Drama\u00a0\/ Comedia \/ Biogr\u00e1fico<\/p>\n<p>Principios del siglo XVIII. Inglaterra est\u00e1 en guerra con los franceses. Una reina debilitada, Anne, ocupa el trono, mientras que su amiga Lady Sarah gobierna el pa\u00eds en su lugar, debido al precario estado de salud y al car\u00e1cter inestable de la monarca. Cuando una nueva sirvienta aparece, Abigail, su encanto seduce a Sarah. Sarah ayuda a Abigail y \u00e9sta ve una oportunidad para regresar a sus ra\u00edces aristocr\u00e1ticas. Como la pol\u00edtica ocupa gran parte del tiempo de Sarah, Abigail empieza a acompa\u00f1ar con m\u00e1s frecuencia a la Reina. Desarrollar\u00e1n una amistad que Abigail aprovechar\u00e1 para saciar sus ambiciones. (<a href=\"https:\/\/www.filmaffinity.com\/es\/film625500.html\" target=\"_blank\">FilmAffinity<\/a>)<\/p>\n<p><strong>&#8216;La favorita&#8217;<\/strong> es una de las pel\u00edculas del a\u00f1o por su curiosa forma de retratar la historia de la reina Ana. La mujer, que gobern\u00f3 Inglaterra durante el siglo XVIII vivi\u00f3 una vida desdichada al perder a 17 hijos entre abortos, enfermedades al poco tiempo de nacer y ni\u00f1os que nacieron directamente muertos. Muri\u00f3 enferma, obesa y siendo la \u00faltima de su dinast\u00eda.<\/p>\n<p>Pero los brit\u00e1nicos, como siempre, consiguen encontrar en la desdicha el punto c\u00f3mico como para sacar una pel\u00edcula de esta naturaleza.\u00a0<strong>Yorgos Lanthimos<\/strong> retrata los interiores de una corte dominada por tres mujeres: la reina Anne, su amiga y regente t\u00e9cnicamente Lady Sarah, y Abigail, una mujer que fue Lady y empieza desde abajo de nuevo para recuperar su posici\u00f3n.<\/p>\n<p><img loading=\"lazy\" class=\"aligncenter size-full wp-image-1585\" src=\"https:\/\/static-blogs.diariovasco.com\/wp-content\/uploads\/sites\/71\/2019\/01\/favorita-2.jpg\" alt=\"La favorita\" width=\"628\" height=\"353\" srcset=\"https:\/\/static-blogs.diariovasco.com\/wp-content\/uploads\/sites\/71\/2019\/01\/favorita-2.jpg 628w, https:\/\/static-blogs.diariovasco.com\/wp-content\/uploads\/sites\/71\/2019\/01\/favorita-2-300x169.jpg 300w\" sizes=\"(max-width: 628px) 100vw, 628px\" \/><\/p>\n<p>La pel\u00edcula brilla especialmente porque est\u00e1 salpicado por un fin\u00edsimo humor negro. Las tres mujeres, que se necesitan irremediablemente, intentar\u00e1n destruirse la una a la otra en un perverso juego de seducci\u00f3n, traici\u00f3n y venganza que va in crescendo sin parar. Acierta en retratar una corte decadente, absurdo y dirigido por gentes mediocres. Los hombres paja, las mujeres en este caso, y las que encuentran en su cercan\u00eda la oportunidad perfecta para poner su pica en Flandes. Una corte de bajo nivel donde las decisiones se toman m\u00e1s en la alcoba que en una sala de reuniones.<\/p>\n<p>El duelo a tres entre\u00a0<a href=\"https:\/\/blogs.diariovasco.com\/fotograma\/2017\/11\/28\/asesinato-en-el-orient-express-2017\/\" target=\"_blank\"><strong>Olivia Colman<\/strong><\/a>, fabulosa interpretando a una reina en sus \u00faltimos tiempos;\u00a0<strong>Rachel Weisz<\/strong>, como la amante, amiga, regente que ve peligrar su puesto y ha hecho de su posici\u00f3n la oportunidad perfecta para dirigir el pa\u00eds, y una\u00a0<a href=\"https:\/\/blogs.diariovasco.com\/fotograma\/2017\/01\/17\/la-ciudad-de-las-estrellas-la-la-land-ya-no-se-hacen-peliculas-asi\/\" target=\"_blank\"><strong>Emma Stone<\/strong><\/a>, que reci\u00e9n llegada, encuentra su oportunidad de quitar de all\u00ed a su prima y ocupar su posici\u00f3n junto a la reina. Y por ah\u00ed unos\u00a0<a href=\"https:\/\/blogs.diariovasco.com\/fotograma\/2016\/02\/10\/mad-max-furia-en-la-carretera-sed-testigos-del-cine-de-accion-de-verdad\/\" target=\"_blank\"><strong>Nicholas Hoult<\/strong><\/a> y\u00a0<strong>Joe Alwyn<\/strong>, relegados a ser meros floreros.<\/p>\n<p>Con una iluminaci\u00f3n espectacular, unos travellings por el palacio que enamoran y un cuidad\u00edsimo dise\u00f1o, no es de extra\u00f1ar que\u00a0<strong>&#8216;La favorita&#8217;<\/strong> haya conseguido sobresalir como una de las sensaciones del a\u00f1o. Una pel\u00edcula que captura al espectador y le recuerda a grandes pel\u00edculas palaciegas y de \u00e9poca como\u00a0<strong>&#8216;Barry Lyndon<\/strong><strong>&#8216;<\/strong>. Una pel\u00edcula que recuerda por qu\u00e9 se hacen pel\u00edculas. Una prueba m\u00e1s de que los brit\u00e1nicos saben retratar su historia como pocos, y sin perder una pizca de su mordaz sentido del humor, m\u00e1s pr\u00f3ximo a la s\u00e1tira que al biopic serio.<\/p>\n<p><strong>Lo mejor<\/strong>: Es una de esas sorpresas de las que no te esperas mucho y resultan enormemente gratificantes.<\/p>\n<p><strong>Lo peor<\/strong>: D\u00e9jame pensar&#8230;<\/p>\n<p><img loading=\"lazy\" class=\"aligncenter size-medium wp-image-98\" src=\"https:\/\/static-blogs.diariovasco.com\/wp-content\/uploads\/sites\/71\/2014\/11\/95-300x30.png\" alt=\"La favorita\" width=\"300\" height=\"30\" srcset=\"https:\/\/static-blogs.diariovasco.com\/wp-content\/uploads\/sites\/71\/2014\/11\/95-300x30.png 300w, https:\/\/static-blogs.diariovasco.com\/wp-content\/uploads\/sites\/71\/2014\/11\/95.png 564w\" sizes=\"(max-width: 300px) 100vw, 300px\" \/><\/p>\n<p><iframe loading=\"lazy\" width=\"500\" height=\"281\" src=\"https:\/\/www.youtube.com\/embed\/ZPTY8JgMrng?feature=oembed\" frameborder=\"0\" allow=\"accelerometer; autoplay; encrypted-media; gyroscope; picture-in-picture\" allowfullscreen><\/iframe><\/p>\n","protected":false},"excerpt":{"rendered":"<p>&#8216;La favorita&#8217; captura al espectador y le recuerda a grandes pel\u00edculas palaciegas y de \u00e9poca como &#8216;Barry Lyndon&#8217;. Una pel\u00edcula que recuerda por qu\u00e9 se hacen pel\u00edculas. Una prueba m\u00e1s de que los brit\u00e1nicos saben retratar su historia como pocos, y sin perder una pizca de su mordaz sentido del humor, m\u00e1s pr\u00f3ximo a la s\u00e1tira que al biopic serio<\/p>\n","protected":false},"author":101,"featured_media":1586,"comment_status":"open","ping_status":"closed","sticky":false,"template":"","format":"standard","meta":[],"categories":[6,8,11],"tags":[5032,789,5035,5034,1136,5028,5030,5027,3913,5024,5029,1884,1925,5026,5023,5031,5033,5025],"_links":{"self":[{"href":"https:\/\/blogs.diariovasco.com\/fotograma\/wp-json\/wp\/v2\/posts\/1584"}],"collection":[{"href":"https:\/\/blogs.diariovasco.com\/fotograma\/wp-json\/wp\/v2\/posts"}],"about":[{"href":"https:\/\/blogs.diariovasco.com\/fotograma\/wp-json\/wp\/v2\/types\/post"}],"author":[{"embeddable":true,"href":"https:\/\/blogs.diariovasco.com\/fotograma\/wp-json\/wp\/v2\/users\/101"}],"replies":[{"embeddable":true,"href":"https:\/\/blogs.diariovasco.com\/fotograma\/wp-json\/wp\/v2\/comments?post=1584"}],"version-history":[{"count":2,"href":"https:\/\/blogs.diariovasco.com\/fotograma\/wp-json\/wp\/v2\/posts\/1584\/revisions"}],"predecessor-version":[{"id":1913,"href":"https:\/\/blogs.diariovasco.com\/fotograma\/wp-json\/wp\/v2\/posts\/1584\/revisions\/1913"}],"wp:featuredmedia":[{"embeddable":true,"href":"https:\/\/blogs.diariovasco.com\/fotograma\/wp-json\/wp\/v2\/media\/1586"}],"wp:attachment":[{"href":"https:\/\/blogs.diariovasco.com\/fotograma\/wp-json\/wp\/v2\/media?parent=1584"}],"wp:term":[{"taxonomy":"category","embeddable":true,"href":"https:\/\/blogs.diariovasco.com\/fotograma\/wp-json\/wp\/v2\/categories?post=1584"},{"taxonomy":"post_tag","embeddable":true,"href":"https:\/\/blogs.diariovasco.com\/fotograma\/wp-json\/wp\/v2\/tags?post=1584"}],"curies":[{"name":"wp","href":"https:\/\/api.w.org\/{rel}","templated":true}]}}