{"id":1692,"date":"2019-06-06T09:00:05","date_gmt":"2019-06-06T07:00:05","guid":{"rendered":"https:\/\/blogs.diariovasco.com\/fotograma\/?p=1692"},"modified":"2019-06-07T10:13:33","modified_gmt":"2019-06-07T08:13:33","slug":"harvest-stand-land-fluss","status":"publish","type":"post","link":"https:\/\/blogs.diariovasco.com\/fotograma\/2019\/06\/06\/harvest-stand-land-fluss\/","title":{"rendered":"&#8216;Harvest&#8217;: descubrimiento en el campo"},"content":{"rendered":"<p><strong><img loading=\"lazy\" class=\"alignleft wp-image-1695\" src=\"https:\/\/static-blogs.diariovasco.com\/wp-content\/uploads\/sites\/71\/2019\/03\/harvest-stadt-land-fluss-cartel.jpg\" alt=\"Harvest \/ Stadt Land Fluss\" width=\"307\" height=\"453\" srcset=\"https:\/\/static-blogs.diariovasco.com\/wp-content\/uploads\/sites\/71\/2019\/03\/harvest-stadt-land-fluss-cartel.jpg 307w, https:\/\/static-blogs.diariovasco.com\/wp-content\/uploads\/sites\/71\/2019\/03\/harvest-stadt-land-fluss-cartel-203x300.jpg 203w\" sizes=\"(max-width: 307px) 100vw, 307px\" \/>HARVEST \/ STADT LAND FLUSS<\/strong><\/p>\n<p><strong>T\u00edtulo original<\/strong>: Stadt Land Fluss (Harvest)<\/p>\n<p><strong>A\u00f1o<\/strong>: 2011<\/p>\n<p><strong>Duraci\u00f3n<\/strong>: 88 minutos<\/p>\n<p><strong>Pa\u00eds<\/strong>:\u00a0Alemania<\/p>\n<p><strong>Direcci\u00f3n<\/strong>:\u00a0<span class=\"director\">Benjamin Cantu<\/span><\/p>\n<p><strong>Guion<\/strong>:\u00a0<span class=\"nb\">Benjamin Cantu<\/span><\/p>\n<p><strong>M\u00fasica<\/strong>:\u00a0<span class=\"nb\">Keith Keniff<\/span><\/p>\n<p><strong>Fotograf\u00eda<\/strong>:\u00a0<span class=\"nb\">Alexander Gheorghiu<\/span><\/p>\n<p><strong>Reparto<\/strong>:\u00a0<span class=\"cast\">Lukas Steltner,<\/span>\u00a0<span class=\"cast\">Kai Michael M\u00fcller y<\/span>\u00a0<span class=\"cast\">Steven Baade<\/span><\/p>\n<p><strong>Productora<\/strong>:\u00a0<span class=\"nb\">Salzgeber &amp; Company Medien<\/span><\/p>\n<p><strong>G\u00e9nero<\/strong>:\u00a0Drama<\/p>\n<p>Sigue la historia de dos j\u00f3venes en la Alemania actual. Uno se dedica a la vida agr\u00edcola, el otro, tras intentar estudiar para banquero en la ciudad, aprovecha una v\u00eda de escape. Un d\u00eda, las vidas de ambos se cruzan. (<a href=\"https:\/\/www.filmaffinity.com\/es\/film804806.html\" target=\"_blank\">FilmAffinity<\/a>)<\/p>\n<p>Es curiosa la forma que las plataformas digitales tienen de recomendarte pel\u00edculas. En estos a\u00f1os que llevo suscrito a varios de ellos me he encontrado con todo tipo de cosas. Algunas de las pel\u00edculas que me han recomendado me han resultado un pesti\u00f1o, otras han sido como aceptables y unas pocas me han sorprendido para muy bien. El caso de la alemana\u00a0<strong>&#8216;Stadt Land Fluss&#8217;<\/strong>, o\u00a0<strong>&#8216;Harvest&#8217;<\/strong> (Cosecha), est\u00e1 m\u00e1s pr\u00f3ximo a las pel\u00edculas que me han sorprendido positivamente.<\/p>\n<p><strong>&#8216;Harvest&#8217;<\/strong>, de apenas 88 minutos, cuenta la historia de dos j\u00f3venes alemanes que est\u00e1n estudiando en una granja escuela. Uno viene del mundo financiero, hizo pr\u00e1cticas en un banco y dej\u00f3 aquella vida por dedicarse al campo. El otro es un chico con problemas de estudio, pero realmente profesional en su trabajo. Entre vacas, graneros y tractores estos dos chicos chocar\u00e1n y encontrar\u00e1n en el otro la ayuda suficiente para superar sus fantasmas.<\/p>\n<p><img loading=\"lazy\" class=\"aligncenter size-full wp-image-1694\" src=\"https:\/\/static-blogs.diariovasco.com\/wp-content\/uploads\/sites\/71\/2019\/03\/harvest-stadt-land-fluss-1.jpg\" alt=\"Harvest \/ Stadt Land Fluss\" width=\"628\" height=\"353\" srcset=\"https:\/\/static-blogs.diariovasco.com\/wp-content\/uploads\/sites\/71\/2019\/03\/harvest-stadt-land-fluss-1.jpg 628w, https:\/\/static-blogs.diariovasco.com\/wp-content\/uploads\/sites\/71\/2019\/03\/harvest-stadt-land-fluss-1-300x169.jpg 300w\" sizes=\"(max-width: 628px) 100vw, 628px\" \/><\/p>\n<p>El personaje de Marko (<strong>Lukas Steltner<\/strong>) apenas se relaciona con sus compa\u00f1eros de escuela. Lleva una vida alejada de las drogas y de casi cualquier persona que le rodea. Viene de una familia desestructurada, de un padre bebedor, un entorno donde no ha conocido el amor. El actor representa muy bien ese miedo a amar, a entregarse, a dejarse llevar con las personas que te rodean. Las pocas palabras que tiene su personaje, poco hablador, llegan directamente, sabe aprovecharlas para dotar a su interpretaci\u00f3n de mayor dimensi\u00f3n. El espectador r\u00e1pidamente empatiza con \u00e9l y se hace parte de esa fragilidad que arrastra.<\/p>\n<p>Jacob (<strong>Kai Michael M\u00fcller<\/strong>) es un contrapunto curioso en todo este puzzle. \u00c9l es el elemento ajeno a la historia, viene de un mundo que nada tiene que ver con el campo, viene del mundo de las finanzas. Se trata de una persona que necesita encontrar un lugar donde sentirse c\u00f3modo. Aunque viene de un entorno mucho m\u00e1s acomodado, sabe que ese no es su lugar, se siente la oveja negra.<\/p>\n<p>La ventaja de\u00a0<strong>&#8216;Harvest&#8217;<\/strong> es que el espectador queda como un curioso que mira desde una mirilla c\u00f3mo esta relaci\u00f3n va construy\u00e9ndose poco a poco. Hay muchas cr\u00edticas al hecho de que dedica gran parte de su metraje a tareas del campo, dejando que la relaci\u00f3n se cocine a fuego lento y explote en el final. Es realmente satisfactorio que una pel\u00edcula de este tipo termine bien, muy al estilo de la superior\u00a0<strong>&#8216;<a href=\"https:\/\/blogs.diariovasco.com\/fotograma\/2018\/02\/01\/tierra-de-dios-gods-own-country\/\" target=\"_blank\">Tierra de Dios<\/a>&#8216;<\/strong>, pel\u00edcula con la que guarda bastantes similitudes.<\/p>\n<p><strong>Lo mejor<\/strong>: Se percibe sincera en todo momento. Es una pel\u00edcula muy desnuda emocionalmente que pasa de toda grandilocuencia.<\/p>\n<p><strong>Lo peor<\/strong>: Que no dedica el tiempo que cabr\u00eda esperar a la relaci\u00f3n entre los dos protagonistas.<\/p>\n<p><img loading=\"lazy\" class=\"aligncenter size-medium wp-image-95\" src=\"https:\/\/static-blogs.diariovasco.com\/wp-content\/uploads\/sites\/71\/2014\/11\/8-300x30.png\" alt=\"Harvest \/ Stadt Land Fluss\" width=\"300\" height=\"30\" srcset=\"https:\/\/static-blogs.diariovasco.com\/wp-content\/uploads\/sites\/71\/2014\/11\/8-300x30.png 300w, https:\/\/static-blogs.diariovasco.com\/wp-content\/uploads\/sites\/71\/2014\/11\/8.png 564w\" sizes=\"(max-width: 300px) 100vw, 300px\" \/><\/p>\n<p><iframe loading=\"lazy\" width=\"500\" height=\"281\" src=\"https:\/\/www.youtube.com\/embed\/GtQ2AHoXD4w?feature=oembed\" frameborder=\"0\" allow=\"accelerometer; autoplay; encrypted-media; gyroscope; picture-in-picture\" allowfullscreen><\/iframe><\/p>\n","protected":false},"excerpt":{"rendered":"<p>&#8216;Harvest&#8217;, de apenas 88 minutos, cuenta la historia de dos j\u00f3venes alemanes que est\u00e1n estudiando en una granja escuela. Uno viene del mundo financiero, hizo pr\u00e1cticas en un banco y dej\u00f3 aquella vida por dedicarse al campo. El otro es un chico con problemas de estudio, pero realmente profesional en su trabajo. Entre vacas, graneros y tractores estos dos chicos chocar\u00e1n y encontrar\u00e1n en el otro la ayuda suficiente para superar sus fantasmas<\/p>\n","protected":false},"author":101,"featured_media":1693,"comment_status":"open","ping_status":"closed","sticky":false,"template":"","format":"standard","meta":[],"categories":[11],"tags":[5218,5217,5214,5213,5216,5215],"_links":{"self":[{"href":"https:\/\/blogs.diariovasco.com\/fotograma\/wp-json\/wp\/v2\/posts\/1692"}],"collection":[{"href":"https:\/\/blogs.diariovasco.com\/fotograma\/wp-json\/wp\/v2\/posts"}],"about":[{"href":"https:\/\/blogs.diariovasco.com\/fotograma\/wp-json\/wp\/v2\/types\/post"}],"author":[{"embeddable":true,"href":"https:\/\/blogs.diariovasco.com\/fotograma\/wp-json\/wp\/v2\/users\/101"}],"replies":[{"embeddable":true,"href":"https:\/\/blogs.diariovasco.com\/fotograma\/wp-json\/wp\/v2\/comments?post=1692"}],"version-history":[{"count":2,"href":"https:\/\/blogs.diariovasco.com\/fotograma\/wp-json\/wp\/v2\/posts\/1692\/revisions"}],"predecessor-version":[{"id":1883,"href":"https:\/\/blogs.diariovasco.com\/fotograma\/wp-json\/wp\/v2\/posts\/1692\/revisions\/1883"}],"wp:featuredmedia":[{"embeddable":true,"href":"https:\/\/blogs.diariovasco.com\/fotograma\/wp-json\/wp\/v2\/media\/1693"}],"wp:attachment":[{"href":"https:\/\/blogs.diariovasco.com\/fotograma\/wp-json\/wp\/v2\/media?parent=1692"}],"wp:term":[{"taxonomy":"category","embeddable":true,"href":"https:\/\/blogs.diariovasco.com\/fotograma\/wp-json\/wp\/v2\/categories?post=1692"},{"taxonomy":"post_tag","embeddable":true,"href":"https:\/\/blogs.diariovasco.com\/fotograma\/wp-json\/wp\/v2\/tags?post=1692"}],"curies":[{"name":"wp","href":"https:\/\/api.w.org\/{rel}","templated":true}]}}