{"id":1770,"date":"2019-05-28T09:00:46","date_gmt":"2019-05-28T07:00:46","guid":{"rendered":"https:\/\/blogs.diariovasco.com\/fotograma\/?p=1770"},"modified":"2019-06-07T10:14:08","modified_gmt":"2019-06-07T08:14:08","slug":"alas-wings","status":"publish","type":"post","link":"https:\/\/blogs.diariovasco.com\/fotograma\/2019\/05\/28\/alas-wings\/","title":{"rendered":"&#8216;Alas&#8217;: pel\u00edculas que no envejecen"},"content":{"rendered":"<p><strong><img loading=\"lazy\" class=\"alignleft wp-image-1773\" src=\"https:\/\/static-blogs.diariovasco.com\/wp-content\/uploads\/sites\/71\/2019\/04\/alas-cartel.jpg\" alt=\"Alas\" width=\"307\" height=\"453\" srcset=\"https:\/\/static-blogs.diariovasco.com\/wp-content\/uploads\/sites\/71\/2019\/04\/alas-cartel.jpg 307w, https:\/\/static-blogs.diariovasco.com\/wp-content\/uploads\/sites\/71\/2019\/04\/alas-cartel-203x300.jpg 203w\" sizes=\"(max-width: 307px) 100vw, 307px\" \/>ALAS<\/strong><\/p>\n<p><strong>T\u00edtulo original<\/strong>: Wings<\/p>\n<p><strong>A\u00f1o<\/strong>: 1927<\/p>\n<p><strong>Duraci\u00f3n<\/strong>: 138 minutos<\/p>\n<p><strong>Pa\u00eds<\/strong>:\u00a0Estados Unidos<\/p>\n<p><strong>Direcci\u00f3n<\/strong>:\u00a0<span class=\"director\">William A. Wellman<\/span><\/p>\n<p><strong>Guion<\/strong>:\u00a0<span class=\"nb\">Hope Loring y<\/span>\u00a0<span class=\"nb\">Louis D. Lighton<\/span><\/p>\n<p><strong>Fotograf\u00eda<\/strong>:\u00a0<span class=\"nb\">Harry Peters (B&amp;W)<\/span><\/p>\n<p><strong>Reparto<\/strong>:\u00a0<span class=\"cast\">Clara Bow,<\/span>\u00a0<span class=\"cast\">Charles Rogers,<\/span>\u00a0<span class=\"cast\">Richard Arlen,<\/span>\u00a0<span class=\"cast\">Gary Cooper,<\/span>\u00a0<span class=\"cast\">Jobyna Ralston,<\/span><span class=\"cast\">El Brendel y<\/span>\u00a0<span class=\"cast\">Arlette Marchal<\/span><\/p>\n<p><strong>Productora<\/strong>:\u00a0<span class=\"nb\">Paramount Pictures<\/span><\/p>\n<p><strong>G\u00e9nero<\/strong>:\u00a0B\u00e9lico \/\u00a0Acci\u00f3n \/\u00a0Drama<\/p>\n<p><strong>Sinopsis<\/strong>: Drama b\u00e9lico que ha pasado a la historia por ser el primer film que gan\u00f3 el Oscar a la mejor pel\u00edcula, el a\u00f1o de la creaci\u00f3n de los premios de la Academia americana (a\u00f1os 1927-1928). (<a href=\"https:\/\/www.filmaffinity.com\/es\/film415986.html\" target=\"_blank\">FilmAffinity<\/a>)<\/p>\n<p>Hay pel\u00edculas por las que no pasan los a\u00f1os, aun incluso cuando tienen m\u00e1s de 90 a\u00f1os a sus espaldas.\u00a0<strong>&#8216;Alas&#8217;<\/strong>, primera pel\u00edcula en ganar el\u00a0<strong>\u00d3scar<\/strong>\u00a0<strong>a la mejor pel\u00edcula<\/strong> y \u00fanica pel\u00edcula muda en lograr este premio, es un claro ejemplo de ese cine atemporal por el que no pasan los a\u00f1os. Rodada con exquisito gusto,\u00a0<strong>&#8216;Alas&#8217;<\/strong> es tambi\u00e9n un precursor del cine b\u00e9lico que se har\u00eda desde entonces en adelante.<\/p>\n<p>La pel\u00edcula nos centra en la historia de dos soldados que tienen que dejar su pa\u00eds para luchar en la I Guerra Mundial. Tras ellos ir\u00e1 una mujer y entre ellos tres se formar\u00e1 un tri\u00e1ngulo con la Guerra como trasfondo. Si bien la historia entre ellos puede ser interesante, la hemos visto tantas veces que ni sorprende, el punto fuerte de la pel\u00edcula est\u00e1 en las espectaculares escenas a\u00e9reas.<\/p>\n<p>Situ\u00e9monos, 1927, hace 92 a\u00f1os que se rod\u00f3 esta pel\u00edcula, ha llovido. Desde entonces las t\u00e9cnicas han evolucionado una barbaridad, hemos pasado de un cine casi en pa\u00f1ales como era en aquella \u00e9poca a un cine con much\u00edsimos medios. Pues bien, nada tienen que envidiar las escenas a\u00e9reas de\u00a0<strong>&#8216;Alas&#8217;<\/strong> a las que se podr\u00edan rodar hoy en d\u00eda. El prodigio de rodar esas escenas, una excelente fotograf\u00eda y conseguir mantener la tensi\u00f3n en todo momento dan un plus a\u00a0<strong>&#8216;Alas&#8217;<\/strong> como pel\u00edcula b\u00e9lica, plus del que adolecen muchas pel\u00edculas actuales.<\/p>\n<p><img loading=\"lazy\" class=\"aligncenter size-full wp-image-1771\" src=\"https:\/\/static-blogs.diariovasco.com\/wp-content\/uploads\/sites\/71\/2019\/04\/alas-2.jpg\" alt=\"Alas\" width=\"628\" height=\"353\" srcset=\"https:\/\/static-blogs.diariovasco.com\/wp-content\/uploads\/sites\/71\/2019\/04\/alas-2.jpg 628w, https:\/\/static-blogs.diariovasco.com\/wp-content\/uploads\/sites\/71\/2019\/04\/alas-2-300x169.jpg 300w\" sizes=\"(max-width: 628px) 100vw, 628px\" \/><\/p>\n<p>La historia de amor, bueno, dej\u00e9mosla en segundo plano, porque la hemos visto hasta la saciedad en miles de pel\u00edculas. Si bien\u00a0<strong>&#8216;Alas&#8217;<\/strong> parece una pel\u00edcula verdaderamente adelantada a su tiempo, porque este argumento del tri\u00e1ngulo y la guerra de fondo me suena demasiado. Las actuaciones, eso s\u00ed, no desmerecen, al contrario, suman.<\/p>\n<p>No puedo terminar de comentar\u00a0<strong>&#8216;Alas&#8217;<\/strong> sin mencionar una escena en concreto. Como curiosidad esta pel\u00edcula tiene uno de los primeros besos entre dos hombres jam\u00e1s rodados en el cine. Los dos protagonistas se besan cuando uno de ellos est\u00e1 a punto de morir y se perdonan el que uno de ellos le haya disparado al otro al equivocar el blanco.<\/p>\n<p><strong>Lo mejor<\/strong>: Las escenas a\u00e9reas.<\/p>\n<p><strong>Lo peor<\/strong>: El hecho de ser muda podr\u00eda echar a muchos espectadores atr\u00e1s.<\/p>\n<p><img loading=\"lazy\" class=\"aligncenter size-medium wp-image-96\" src=\"https:\/\/static-blogs.diariovasco.com\/wp-content\/uploads\/sites\/71\/2014\/11\/85-300x30.png\" alt=\"Alas\" width=\"300\" height=\"30\" srcset=\"https:\/\/static-blogs.diariovasco.com\/wp-content\/uploads\/sites\/71\/2014\/11\/85-300x30.png 300w, https:\/\/static-blogs.diariovasco.com\/wp-content\/uploads\/sites\/71\/2014\/11\/85.png 564w\" sizes=\"(max-width: 300px) 100vw, 300px\" \/><\/p>\n<p><iframe loading=\"lazy\" width=\"500\" height=\"375\" src=\"https:\/\/www.youtube.com\/embed\/T9P3XXvleo4?feature=oembed\" frameborder=\"0\" allow=\"accelerometer; autoplay; encrypted-media; gyroscope; picture-in-picture\" allowfullscreen><\/iframe><\/p>\n","protected":false},"excerpt":{"rendered":"<p>Situ\u00e9monos, 1927, hace 92 a\u00f1os que se rod\u00f3 esta pel\u00edcula, ha llovido. Desde entonces las t\u00e9cnicas han evolucionado una barbaridad, hemos pasado de un cine casi en pa\u00f1ales como era en aquella \u00e9poca a un cine con much\u00edsimos medios. Pues bien, nada tienen que envidiar las escenas a\u00e9reas de &#8216;Alas&#8217; a las que se podr\u00edan rodar hoy en d\u00eda. El prodigio de rodar esas escenas, una excelente fotograf\u00eda y conseguir mantener la tensi\u00f3n en todo momento dan un plus a &#8216;Alas&#8217; como pel\u00edcula b\u00e9lica, plus del que adolecen muchas pel\u00edculas actuales<\/p>\n","protected":false},"author":101,"featured_media":1772,"comment_status":"open","ping_status":"closed","sticky":false,"template":"","format":"standard","meta":[],"categories":[2,5,11],"tags":[5337,5345,5340,5339,5344,5342,5343,5341,5336,5338],"_links":{"self":[{"href":"https:\/\/blogs.diariovasco.com\/fotograma\/wp-json\/wp\/v2\/posts\/1770"}],"collection":[{"href":"https:\/\/blogs.diariovasco.com\/fotograma\/wp-json\/wp\/v2\/posts"}],"about":[{"href":"https:\/\/blogs.diariovasco.com\/fotograma\/wp-json\/wp\/v2\/types\/post"}],"author":[{"embeddable":true,"href":"https:\/\/blogs.diariovasco.com\/fotograma\/wp-json\/wp\/v2\/users\/101"}],"replies":[{"embeddable":true,"href":"https:\/\/blogs.diariovasco.com\/fotograma\/wp-json\/wp\/v2\/comments?post=1770"}],"version-history":[{"count":2,"href":"https:\/\/blogs.diariovasco.com\/fotograma\/wp-json\/wp\/v2\/posts\/1770\/revisions"}],"predecessor-version":[{"id":1886,"href":"https:\/\/blogs.diariovasco.com\/fotograma\/wp-json\/wp\/v2\/posts\/1770\/revisions\/1886"}],"wp:featuredmedia":[{"embeddable":true,"href":"https:\/\/blogs.diariovasco.com\/fotograma\/wp-json\/wp\/v2\/media\/1772"}],"wp:attachment":[{"href":"https:\/\/blogs.diariovasco.com\/fotograma\/wp-json\/wp\/v2\/media?parent=1770"}],"wp:term":[{"taxonomy":"category","embeddable":true,"href":"https:\/\/blogs.diariovasco.com\/fotograma\/wp-json\/wp\/v2\/categories?post=1770"},{"taxonomy":"post_tag","embeddable":true,"href":"https:\/\/blogs.diariovasco.com\/fotograma\/wp-json\/wp\/v2\/tags?post=1770"}],"curies":[{"name":"wp","href":"https:\/\/api.w.org\/{rel}","templated":true}]}}