{"id":1813,"date":"2019-05-14T09:00:14","date_gmt":"2019-05-14T07:00:14","guid":{"rendered":"https:\/\/blogs.diariovasco.com\/fotograma\/?p=1813"},"modified":"2019-06-07T10:14:46","modified_gmt":"2019-06-07T08:14:46","slug":"el-dia-de-la-bestia","status":"publish","type":"post","link":"https:\/\/blogs.diariovasco.com\/fotograma\/2019\/05\/14\/el-dia-de-la-bestia\/","title":{"rendered":"&#8216;El d\u00eda de la bestia&#8217;: ida de olla total"},"content":{"rendered":"<p><strong><img loading=\"lazy\" class=\"alignleft wp-image-1818\" src=\"https:\/\/static-blogs.diariovasco.com\/wp-content\/uploads\/sites\/71\/2019\/05\/dia-bestia-cartel.jpg\" alt=\"El d\u00eda de la bestia\" width=\"307\" height=\"453\" srcset=\"https:\/\/static-blogs.diariovasco.com\/wp-content\/uploads\/sites\/71\/2019\/05\/dia-bestia-cartel.jpg 307w, https:\/\/static-blogs.diariovasco.com\/wp-content\/uploads\/sites\/71\/2019\/05\/dia-bestia-cartel-203x300.jpg 203w\" sizes=\"(max-width: 307px) 100vw, 307px\" \/>EL D\u00cdA DE LA BESTIA<\/strong><\/p>\n<p><strong>T\u00edtulo original<\/strong>: El d\u00eda de la bestia<\/p>\n<p><strong>A\u00f1o<\/strong>: 1995<\/p>\n<p><strong>Duraci\u00f3n<\/strong>: 103 minutos<\/p>\n<p><strong>Pa\u00eds<\/strong>:\u00a0Espa\u00f1a<\/p>\n<p><strong>Direcci\u00f3n<\/strong>:\u00a0<span class=\"director\">\u00c1lex de la Iglesia<\/span><\/p>\n<p><strong>Guion<\/strong>:\u00a0<span class=\"nb\">\u00c1lex de la Iglesia y<\/span>\u00a0<span class=\"nb\">Jorge Guerricaechevarria<\/span><\/p>\n<p><strong>M\u00fasica<\/strong>:\u00a0<span class=\"nb\">Battista Lena<\/span><\/p>\n<p><strong>Fotograf\u00eda<\/strong>:\u00a0<span class=\"nb\">Flavio Mart\u00ednez Labiano<\/span><\/p>\n<p><strong>Reparto<\/strong>:\u00a0<span class=\"cast\">\u00c1lex Angulo,<\/span>\u00a0<span class=\"cast\">Santiago Segura,<\/span>\u00a0<span class=\"cast\">Armando de Razza,<\/span>\u00a0<span class=\"cast\">Mar\u00eda Grazia Cucinotta,<\/span><span class=\"cast\">Terele P\u00e1vez,<\/span>\u00a0<span class=\"cast\">Saturnino Garc\u00eda,<\/span>\u00a0<span class=\"cast\">Nathalie Sese\u00f1a,<\/span>\u00a0<span class=\"cast\">Jimmy Barnat\u00e1n,<\/span>\u00a0<span class=\"cast\">Jaime Blanch,<\/span><span class=\"cast\">Antonio Dechent,<\/span>\u00a0<span class=\"cast\">El Gran Wyoming,<\/span>\u00a0<span class=\"cast\">Manuel Tallaf\u00e9,<\/span>\u00a0<span class=\"cast\">Antonio de la Torre,<\/span><span class=\"cast\">Juan y Medio y<\/span>\u00a0<span class=\"cast\">Mario Ayuso<\/span><\/p>\n<p><strong>Productora<\/strong>:\u00a0<span class=\"nb\">Iberoamericana \/ Sogetel \/ Canal+ Espa\u00f1a<\/span><\/p>\n<p><strong>G\u00e9nero<\/strong>:\u00a0Comedia \/\u00a0Acci\u00f3n \/\u00a0Fant\u00e1stico\u00a0\/\u00a0Terror<\/p>\n<p><strong>Sinopsis<\/strong>: Un sacerdote cree haber descifrado el mensaje secreto del Apocalipsis seg\u00fan San Juan: el Anticristo nacer\u00e1 el 25 de diciembre de 1995 en Madrid. Para impedir el nacimiento del hijo de Satan\u00e1s, el cura se al\u00eda con Jos\u00e9 Mar\u00eda, un joven aficionado al death metal. Ambos intentan averiguar en qu\u00e9 parte de Madrid tendr\u00e1 lugar el apocal\u00edptico acontecimiento. Con la ayuda del profesor Cavan, presentador de un programa de televisi\u00f3n de car\u00e1cter esot\u00e9rico y sobrenatural, el cura y Jos\u00e9 Mari invocan al diablo en una extra\u00f1a ceremonia. (<a href=\"https:\/\/www.filmaffinity.com\/es\/film926890.html\" target=\"_blank\">FilmAffinity<\/a>)<\/p>\n<p>Vamos a decir la verdad,\u00a0<strong>&#8216;El d\u00eda de la bestia&#8217;<\/strong> no es una gran pel\u00edcula, pero s\u00ed una m\u00e1s que digna cinta. Ahora bien, tiene su gracia, su argumento tiene su puntillo y es uno de los mejores\u00a0<strong><a href=\"https:\/\/blogs.diariovasco.com\/fotograma\/2017\/03\/28\/el-bar-el-mejor-alex-de-la-iglesia-en-mucho-tiempo\/\" target=\"_blank\">\u00c1lex de la Iglesia<\/a>\u00a0<\/strong>que hemos visto en el plano de la realizaci\u00f3n. Consigue que una pel\u00edcula con un argumento delirante, una ida de olla total, se convierta en un espect\u00e1culo todav\u00eda m\u00e1s delirante que nos tiene entretenidos de principio a fin.<\/p>\n<p><strong>&#8216;El d\u00eda de la bestia&#8217;<\/strong> nos cuenta la llegada del anticristo a Madrid. Un sacerdote, obsesionado con este tema, intentar\u00e1 interceder dando inicio a una serie de catastr\u00f3ficas desdichas. Se rodear\u00e1 de personajes muy peculiares, un heavy que atiende en una tienda de discos, un se\u00f1or que presenta una versi\u00f3n sensacionalista de Cuarto Milenio&#8230;<\/p>\n<p>Lo mejor que tiene\u00a0<strong>&#8216;El d\u00eda de la bestia&#8217;<\/strong> es que est\u00e1 hecha sin ning\u00fan tipo de complejo. Es una salvaje aventura donde todos los implicados se vuelcan. No es la mejor pel\u00edcula en cuanto a medios, y el resultado final puede gustar si el espectador se quita los complejos. Pero es eso, una pel\u00edcula que require que del espectador una complicidad suficiente como para entrar en esta historia absolutamente delirante.<\/p>\n<p><img loading=\"lazy\" class=\"aligncenter size-full wp-image-1817\" src=\"https:\/\/static-blogs.diariovasco.com\/wp-content\/uploads\/sites\/71\/2019\/05\/dia-bestia-1.jpg\" alt=\"El d\u00eda de la bestia\" width=\"628\" height=\"353\" srcset=\"https:\/\/static-blogs.diariovasco.com\/wp-content\/uploads\/sites\/71\/2019\/05\/dia-bestia-1.jpg 628w, https:\/\/static-blogs.diariovasco.com\/wp-content\/uploads\/sites\/71\/2019\/05\/dia-bestia-1-300x169.jpg 300w\" sizes=\"(max-width: 628px) 100vw, 628px\" \/><\/p>\n<p>Hacen mucho por la funci\u00f3n sus dos actores principales, un\u00a0<strong>\u00c1lex Angulo<\/strong> en plena forma y un\u00a0<a href=\"https:\/\/blogs.diariovasco.com\/fotograma\/2015\/09\/19\/dias-de-festival-2-sunset-song-evolution-y-mi-gran-noche\/\" target=\"_blank\"><strong>Santiago Segura<\/strong><\/a> que despunt\u00f3 gracias al papel.\u00a0<a href=\"https:\/\/blogs.diariovasco.com\/fotograma\/2017\/08\/15\/brujas-zugarramurdi-terele-pavez\/\" target=\"_blank\"><strong>Segura<\/strong><\/a> es un secundario de lujo para una pel\u00edcula as\u00ed, ofreciendo el contrapunto m\u00e1s c\u00f3mico. Pero es en los hombros de un soberbio\u00a0<strong>\u00c1lex Angulo<\/strong> donde descansa el verdadero potencial de la cinta. Que un actor reconocido como \u00e9l y con imagen seria se aventure a meterse en este personaje que es totalmente opuesto a \u00e9l da cuenta de lo buen actor que es. Las putadas que va haciendo a la gente son divertid\u00edsimas y aunque igual no est\u00e9s dentro de la pel\u00edcula vale la pena por verle pasar tan bien.<\/p>\n<p><strong>&#8216;El d\u00eda de la bestia&#8217;<\/strong> es una salvaje experiencia que nos mete de lleno en un torbellino de historia que navega con acierto entre el terror y la parodia. Tiene un argumento inteligente, unas interpretaciones de altura y un desarrollo desigual. Hoy en d\u00eda ser\u00eda complicado hacer esta pel\u00edcula tal cual, pero c\u00f3mo se agradece la valent\u00eda de cineastas como\u00a0<a href=\"https:\/\/blogs.diariovasco.com\/fotograma\/2017\/12\/05\/perfectos-desconocidos\/\" target=\"_blank\"><strong>\u00c1lex de la Iglesia<\/strong><\/a> que se atreven a tocar asuntos espinosos sin miedo. Ya solo por eso merece la pena echar la vista atr\u00e1s y recuperar\u00a0<strong>&#8216;El d\u00eda de la bestia&#8217;<\/strong>.<\/p>\n<p><strong>Lo mejor<\/strong>:\u00a0<strong>\u00c1lex Angulo<\/strong>.<\/p>\n<p><strong>Lo peor<\/strong>: Si no consigue capturar al espectador se vuelve un espect\u00e1culo tedioso.<\/p>\n<p><img loading=\"lazy\" class=\"aligncenter size-medium wp-image-93\" src=\"https:\/\/static-blogs.diariovasco.com\/wp-content\/uploads\/sites\/71\/2014\/11\/7-300x30.png\" alt=\"El d\u00eda de la bestia\" width=\"300\" height=\"30\" srcset=\"https:\/\/static-blogs.diariovasco.com\/wp-content\/uploads\/sites\/71\/2014\/11\/7-300x30.png 300w, https:\/\/static-blogs.diariovasco.com\/wp-content\/uploads\/sites\/71\/2014\/11\/7.png 564w\" sizes=\"(max-width: 300px) 100vw, 300px\" \/><\/p>\n<p><iframe loading=\"lazy\" width=\"500\" height=\"375\" src=\"https:\/\/www.youtube.com\/embed\/hTfqJUeemoQ?feature=oembed\" frameborder=\"0\" allow=\"accelerometer; autoplay; encrypted-media; gyroscope; picture-in-picture\" allowfullscreen><\/iframe><\/p>\n","protected":false},"excerpt":{"rendered":"<p>&#8216;El d\u00eda de la bestia&#8217; es una salvaje experiencia que nos mete de lleno en un torbellino de historia que navega con acierto entre el terror y la parodia. Tiene un argumento inteligente, unas interpretaciones de altura y un desarrollo desigual. Hoy en d\u00eda ser\u00eda complicado hacer esta pel\u00edcula tal cual, pero c\u00f3mo se agradece la valent\u00eda de cineastas como \u00c1lex de la Iglesia que se atreven a tocar asuntos espinosos sin miedo. Ya solo por eso merece la pena echar la vista atr\u00e1s y recuperar &#8216;El d\u00eda de la bestia&#8217;.<\/p>\n","protected":false},"author":101,"featured_media":1816,"comment_status":"open","ping_status":"closed","sticky":false,"template":"","format":"standard","meta":[],"categories":[2,8,12,17],"tags":[5406,108,244,3680,5407,5416,5413,5412,5411,5414,3315,5408,5415,5410,2241,5409,2413],"_links":{"self":[{"href":"https:\/\/blogs.diariovasco.com\/fotograma\/wp-json\/wp\/v2\/posts\/1813"}],"collection":[{"href":"https:\/\/blogs.diariovasco.com\/fotograma\/wp-json\/wp\/v2\/posts"}],"about":[{"href":"https:\/\/blogs.diariovasco.com\/fotograma\/wp-json\/wp\/v2\/types\/post"}],"author":[{"embeddable":true,"href":"https:\/\/blogs.diariovasco.com\/fotograma\/wp-json\/wp\/v2\/users\/101"}],"replies":[{"embeddable":true,"href":"https:\/\/blogs.diariovasco.com\/fotograma\/wp-json\/wp\/v2\/comments?post=1813"}],"version-history":[{"count":4,"href":"https:\/\/blogs.diariovasco.com\/fotograma\/wp-json\/wp\/v2\/posts\/1813\/revisions"}],"predecessor-version":[{"id":1889,"href":"https:\/\/blogs.diariovasco.com\/fotograma\/wp-json\/wp\/v2\/posts\/1813\/revisions\/1889"}],"wp:featuredmedia":[{"embeddable":true,"href":"https:\/\/blogs.diariovasco.com\/fotograma\/wp-json\/wp\/v2\/media\/1816"}],"wp:attachment":[{"href":"https:\/\/blogs.diariovasco.com\/fotograma\/wp-json\/wp\/v2\/media?parent=1813"}],"wp:term":[{"taxonomy":"category","embeddable":true,"href":"https:\/\/blogs.diariovasco.com\/fotograma\/wp-json\/wp\/v2\/categories?post=1813"},{"taxonomy":"post_tag","embeddable":true,"href":"https:\/\/blogs.diariovasco.com\/fotograma\/wp-json\/wp\/v2\/tags?post=1813"}],"curies":[{"name":"wp","href":"https:\/\/api.w.org\/{rel}","templated":true}]}}