{"id":185,"date":"2015-08-05T12:49:07","date_gmt":"2015-08-05T10:49:07","guid":{"rendered":"http:\/\/blogs.diariovasco.com\/fotograma\/?p=185"},"modified":"2015-08-05T12:49:07","modified_gmt":"2015-08-05T10:49:07","slug":"ted-macfarlane-no-se-desata-en-su-primer-largometraje","status":"publish","type":"post","link":"https:\/\/blogs.diariovasco.com\/fotograma\/2015\/08\/05\/ted-macfarlane-no-se-desata-en-su-primer-largometraje\/","title":{"rendered":"&#039;Ted&#039;, MacFarlane no se desata en su primer largometraje"},"content":{"rendered":"<p><img loading=\"lazy\" class=\"alignleft\" title=\"Ted\" src=\"\/\/pics.filmaffinity.com\/Ted-632757357-large.jpg\" alt=\"\" width=\"272\" height=\"432\" \/><strong>TED<\/strong><\/p>\n<p><strong>T\u00edtulo original<\/strong>: Ted<\/p>\n<p><strong>A\u00f1o<\/strong>: 2012<\/p>\n<p><strong>Duraci\u00f3n<\/strong>: 106 minutos<\/p>\n<p><strong>Pa\u00eds<\/strong>: Estados Unidos<\/p>\n<p><strong>Director<\/strong>: Seth MacFarlane<\/p>\n<p><strong>Guion<\/strong>: Seth MacFarlane, Alec Sulkin y Wellesley Wild<\/p>\n<p><strong>M\u00fasica<\/strong>: Walter Murphy<\/p>\n<p><strong>Fotograf\u00eda<\/strong>: Michael Barrett<\/p>\n<p><strong>Reparto<\/strong>:\u00a0Mark Wahlberg,\u00a0Mila Kunis,\u00a0Seth MacFarlane,\u00a0Giovanni Ribisi,\u00a0Laura Vandervoort,\u00a0Joel McHale,\u00a0Patrick Warburton,\u00a0Jessica Stroup,\u00a0Sam J. Jones,\u00a0Norah Jones,\u00a0Ryan Reynolds y\u00a0Tom Skerritt<\/p>\n<p><strong>Productora<\/strong>: Universal Pictures<\/p>\n<p><strong>G\u00e9nero<\/strong>: Comedia<\/p>\n<p>Puedes leer la rese\u00f1a de <strong><a title=\"\u2018Ted\u2019, MacFarlane no se desata en su primer largometraje\" href=\"https:\/\/blogs.diariovasco.com\/fotograma\/2015\/08\/05\/ted-macfarlane-no-se-desata-en-su-primer-largometraje\/\">&#8216;Ted 2&#8217;<\/a><\/strong>.<\/p>\n<p>Cuando John Bennett era peque\u00f1o, deseaba que su osito de peluche Ted fuera un oso de verdad y, por desgracia, su sue\u00f1o se hizo realidad. M\u00e1s de veinte a\u00f1os despu\u00e9s, Ted sigue con John y saca de quicio a su novia Lori, que empieza a perder la paciencia. Para colmo, a John no parece preocuparle su futuro profesional y se pasa la vida fumando porros con Ted. A pesar de ello, John intenta alcanzar la madurez, pero parece que para conseguirlo le resulta indispensable la ayuda de Ted. (<a href=\"http:\/\/www.filmaffinity.com\/es\/film599408.html\">FilmAffinity<\/a>)<\/p>\n<p>Tras numerosas temporadas de <strong>&#8216;Padre de familia&#8217;<\/strong>, y algunas menos de <strong>&#8216;Padre madre in USA&#8217;<\/strong>\u00a0y <strong>&#8216;El show de Cleveland&#8217;<\/strong>, su creador, <strong>Seth MacFarlane<\/strong>\u00a0se atrevi\u00f3 a ponerse al frente de un largometraje, y no de animaci\u00f3n. La apuesta fue un \u00e9xito total, y el hombre multifaceta logr\u00f3 que los focos de Hollywood se situaran sobre \u00e9l, llegando a presentar la gala de los <strong>Oscars<\/strong>\u00a0de aquel a\u00f1o.<\/p>\n<p><strong>MacFarlane<\/strong>\u00a0dirige la pel\u00edcula y escribe el guion, adem\u00e1s de poner voz y movimientos al osito protagonista de la cinta, Ted. El estadounidense es un versado actor de voz, poniendo su voz a multitud de personajes en sus series animadas, como a Peter, Brian, Chris y Stewie Griffin en <strong>&#8216;Padre de familia&#8217;<\/strong>.<\/p>\n<p><img loading=\"lazy\" style=\"vertical-align: middle;\" src=\"\/\/pics.filmaffinity.com\/Ted-430460260-large.jpg\" alt=\"\" width=\"1600\" height=\"853\" \/><\/p>\n<p>Aunque el director logr\u00f3 un importante \u00e9xito con la cinta, tuvo que renunciar a su mordaz humor, pas\u00e1ndolo por un tamiz que convirtiera la pel\u00edcula en apta para un p\u00fablico m\u00e1s masivo. Como admirador del tosco, pero a la vez afilado, humor de <strong>&#8216;Padre de familia&#8217;<\/strong>, siento que <strong>&#8216;Ted&#8217;<\/strong>\u00a0se queda a medio camino de lo que podr\u00eda llegar a ser. En su segundo largometraje, la criticad\u00edsima y vapuleada\u00a0<strong>&#8216;Mil maneras de morder el polvo&#8217;<\/strong>, <strong>MacFarlane<\/strong>\u00a0saca a pasear mejor ese humor que le ha hecho c\u00e9lebre y que nos gusta tanto a sus seguidores, algo que tambi\u00e9n apreciamos en la secuela de este film, <strong><a title=\"\u2018Ted 2\u2032, as\u00ed s\u00ed Seth, as\u00ed s\u00ed\" href=\"https:\/\/blogs.diariovasco.com\/fotograma\/2015\/08\/07\/ted-2-asi-si-seth-asi-si\/\">&#8216;Ted 2&#8217;<\/a><\/strong>.<\/p>\n<p>En un continuo ir y venir de estrellas invitadas a modo de cameo, recurso que <strong>MacFarlane<\/strong>\u00a0emplea en todos sus trabajos, entre los que destacan el actor <strong>Ryan Reynolds<\/strong>\u00a0y la cantante <strong>Norah Jones<\/strong>, encontramos a los otros dos protagonistas de la cinta, <strong>Mark Wahlberg<\/strong>\u00a0y <strong>Mila Kunis<\/strong>. Los dos hacen un trabajo interesante, sacando a pasear su vena c\u00f3mica y colaborando con ganas en la primera cinta de su amigo.<\/p>\n<p><img loading=\"lazy\" style=\"vertical-align: middle;\" src=\"\/\/pics.filmaffinity.com\/Ted-437899488-large.jpg\" alt=\"\" width=\"1600\" height=\"858\" \/><\/p>\n<p><strong>&#8216;Ted&#8217;<\/strong>\u00a0cuenta con un argumento sencillo, llevadero y entendible por todos. Logra sacar ese lado infantil que todos tenemos, despertando la ilusi\u00f3n por lo que nos hac\u00eda felices cuando \u00e9ramos m\u00e1s peque\u00f1os. La pel\u00edcula funciona tambi\u00e9n como reivindicaci\u00f3n de ese lado <em>freak<\/em>\u00a0de todos, con las pel\u00edculas, los \u00eddolos y los placeres inconfesables.<\/p>\n<p>El mayor acierto de la cinta es que consigue contagiarse del modo de hacer de las series de su creador. El guion est\u00e1 repleto de <em>gags<\/em>\u00a0y <em>sketches<\/em>, giros absurdos de guion y sinsentidos que llevan al espectador a la carcajada.<\/p>\n<p>El error radica en la incomprensible raz\u00f3n por la cual\u00a0<strong>MacFarlane<\/strong>\u00a0decidi\u00f3 suavizar su humor. El director nos ten\u00eda acostumbrados a una retah\u00edla de chistes del tipo &#8220;caca, pedo, culo, pis&#8221; y no algo a medio camino entre eso y la comedia rom\u00e1ntica\/familiar.<\/p>\n<p><img loading=\"lazy\" style=\"vertical-align: middle;\" src=\"\/\/pics.filmaffinity.com\/Ted-723312854-large.jpg\" alt=\"\" width=\"1600\" height=\"900\" \/><\/p>\n<p><strong>Lo mejor<\/strong>: los peque\u00f1os <em>gags<\/em> y <em>sketches<\/em> que salpican el guion.<\/p>\n<p><strong>Lo peor<\/strong>: la p\u00e9rdida de &#8220;agresividad&#8221; en el humor de <strong>MacFarlane<\/strong>.<\/p>\n<p><a href=\"\/fotograma\/wp-content\/uploads\/sites\/71\/2014\/11\/65.png\"><img loading=\"lazy\" class=\"aligncenter size-medium wp-image-92\" title=\"6,5\" src=\"\/fotograma\/wp-content\/uploads\/sites\/71\/2014\/11\/65.png\" alt=\"\" width=\"300\" height=\"29\" srcset=\"https:\/\/static-blogs.diariovasco.com\/wp-content\/uploads\/sites\/71\/2014\/11\/65.png 564w, https:\/\/static-blogs.diariovasco.com\/wp-content\/uploads\/sites\/71\/2014\/11\/65-300x30.png 300w\" sizes=\"(max-width: 300px) 100vw, 300px\" \/><\/a><\/p>\n<p><iframe loading=\"lazy\" src=\"https:\/\/www.youtube.com\/embed\/tvaTGUOVtsE?rel=0\" frameborder=\"0\" width=\"560\" height=\"315\"><\/iframe><\/p>\n","protected":false},"excerpt":{"rendered":"<p>TED T\u00edtulo original: Ted A\u00f1o: 2012 Duraci\u00f3n: 106 minutos Pa\u00eds: Estados Unidos Director: Seth MacFarlane Guion: Seth MacFarlane, Alec Sulkin y Wellesley Wild M\u00fasica: Walter Murphy Fotograf\u00eda: Michael Barrett Reparto:\u00a0Mark Wahlberg,\u00a0Mila Kunis,\u00a0Seth MacFarlane,\u00a0Giovanni Ribisi,\u00a0Laura Vandervoort,\u00a0Joel McHale,\u00a0Patrick Warburton,\u00a0Jessica Stroup,\u00a0Sam J. Jones,\u00a0Norah Jones,\u00a0Ryan Reynolds y\u00a0Tom Skerritt Productora: Universal Pictures G\u00e9nero: Comedia Puedes leer la rese\u00f1a de &#8216;Ted [&hellip;]<\/p>\n","protected":false},"author":101,"featured_media":0,"comment_status":"open","ping_status":"closed","sticky":false,"template":"","format":"standard","meta":[],"categories":[8],"tags":[949,1234,1282,1515,1681,1810,1912,1976,2212,2224,2286,2477],"_links":{"self":[{"href":"https:\/\/blogs.diariovasco.com\/fotograma\/wp-json\/wp\/v2\/posts\/185"}],"collection":[{"href":"https:\/\/blogs.diariovasco.com\/fotograma\/wp-json\/wp\/v2\/posts"}],"about":[{"href":"https:\/\/blogs.diariovasco.com\/fotograma\/wp-json\/wp\/v2\/types\/post"}],"author":[{"embeddable":true,"href":"https:\/\/blogs.diariovasco.com\/fotograma\/wp-json\/wp\/v2\/users\/101"}],"replies":[{"embeddable":true,"href":"https:\/\/blogs.diariovasco.com\/fotograma\/wp-json\/wp\/v2\/comments?post=185"}],"version-history":[{"count":0,"href":"https:\/\/blogs.diariovasco.com\/fotograma\/wp-json\/wp\/v2\/posts\/185\/revisions"}],"wp:attachment":[{"href":"https:\/\/blogs.diariovasco.com\/fotograma\/wp-json\/wp\/v2\/media?parent=185"}],"wp:term":[{"taxonomy":"category","embeddable":true,"href":"https:\/\/blogs.diariovasco.com\/fotograma\/wp-json\/wp\/v2\/categories?post=185"},{"taxonomy":"post_tag","embeddable":true,"href":"https:\/\/blogs.diariovasco.com\/fotograma\/wp-json\/wp\/v2\/tags?post=185"}],"curies":[{"name":"wp","href":"https:\/\/api.w.org\/{rel}","templated":true}]}}