{"id":203,"date":"2015-09-20T22:21:01","date_gmt":"2015-09-20T20:21:01","guid":{"rendered":"http:\/\/blogs.diariovasco.com\/fotograma\/?p=203"},"modified":"2015-09-20T22:21:01","modified_gmt":"2015-09-20T20:21:01","slug":"dias-de-festival-3-21-nuits-avec-pattie-sparrows-y-amama","status":"publish","type":"post","link":"https:\/\/blogs.diariovasco.com\/fotograma\/2015\/09\/20\/dias-de-festival-3-21-nuits-avec-pattie-sparrows-y-amama\/","title":{"rendered":"D\u00edas de Festival 3: &#039;21 nuits avec Pattie&#039;, &#039;Sparrows&#039; y &#039;Amama&#039;"},"content":{"rendered":"<p><strong><img loading=\"lazy\" class=\"alignleft\" title=\"21 nuits avec Pattie\" src=\"\/\/pics.filmaffinity.com\/21_nuits_avec_Pattie-226051203-large.jpg\" alt=\"\" width=\"216\" height=\"293\" \/>21 NUITS AVEC PATTIE<\/strong>\u00a0&#8211; Secci\u00f3n oficial<\/p>\n<p><strong>T\u00edtulo original<\/strong>: 21 nuits avec Pattie<\/p>\n<p><strong>A\u00f1o<\/strong>: 2015<\/p>\n<p><strong>Duraci\u00f3n<\/strong>: 110 minutos<\/p>\n<p><strong>Pa\u00eds<\/strong>: Francia<\/p>\n<p><strong>Directores<\/strong>: Arnaud Larrieu y Jean-Marie Larrieu<\/p>\n<p><strong>Guion<\/strong>: Arnaud Larrieu y Jean-Marie Larrieu<\/p>\n<p><strong>Fotograf\u00eda<\/strong>: Yannick Ressigeac<\/p>\n<p><strong>Reparto<\/strong>:\u00a0Karin Viard,\u00a0Isabelle Carr\u00e9,\u00a0Sergi L\u00f3pez,\u00a0Denis Lavant y\u00a0Andr\u00e9 Dussollier<\/p>\n<p><strong>Productora<\/strong>: Arena Films \/ Pyramide Productions<\/p>\n<p><strong>G\u00e9nero<\/strong>: Drama \/ Comedia<\/p>\n<p>Caroline interrumpe sus vacaciones para organizar el funeral de su madre, Isabelle, que ha fallecido repentinamente en su casa de los Pirineos. Traba amistad con Pattie, que cuida de la casa de su madre, pero los preparativos del funeral dan un giro inesperado cuando el cad\u00e1ver desaparece misteriosamente. (<a title=\"21 nuits avec Pattie\" href=\"http:\/\/www.filmaffinity.com\/es\/film243544.html\">FilmAffinity<\/a>)<\/p>\n<p>Primera pel\u00edcula del tercer d\u00eda del\u00a0<strong>Festival de San Sebasti\u00e1n<\/strong>. Desde Francia nos llega una propuesta amena, desenfadada, divertida y llena de luz. Una comedia adulta con un guion ligero, llevadero y har\u00e1 las delicias del p\u00fablico, algo que ha ocurrido en el pase del teatro Victoria Eugenia, el p\u00fablico se lo ha pasado en grande.<\/p>\n<p>En esta historia cotidiana tenemos un relato sobre el sexo y la muerte, el amor y la vida, con el buen toque del cine franc\u00e9s. Los\u00a0<strong>Larrieu<\/strong>\u00a0afrontan sin complejos una historia que podr\u00eda haber ca\u00eddo en lo oscuro y reflexivo, pero que prefiere deleitarse y pasearse por la sonrisa amable del espectador. Es una pel\u00edcula adulta, con un humor inteligente, sin caer en la broma facilona.<\/p>\n<p>El reparto cumple, sin destacar ninguno, aunque el p\u00fablico conectar\u00e1 m\u00e1s con la vecina Pattie en vez de con Caroline, la protagonista de la cinta. La pel\u00edcula no trasciende m\u00e1s all\u00e1 de pasar un buen rato y, quiz\u00e1, de pasar recordar las historias de la peculiar Pattie. Bella y cuidada fotograf\u00eda, no como la banda sonora, que se pierde en la marea del filme.<\/p>\n<p>El catal\u00e1n <strong>Sergi L\u00f3pez<\/strong>\u00a0es parte del reparto de otra pel\u00edcula de la <strong>Secci\u00f3n oficial<\/strong>, <strong>&#8216;Un dia perfecte per volar&#8217;<\/strong>.<\/p>\n<p><strong>Lo mejor<\/strong>: guion inteligente y su humor adulto.<\/p>\n<p><strong>Lo peor<\/strong>: no pasa de ser una pel\u00edcula divertida m\u00e1s, falta trascendencia.<\/p>\n<p><a href=\"\/fotograma\/wp-content\/uploads\/sites\/71\"><img loading=\"lazy\" class=\"aligncenter size-medium wp-image-93\" title=\"7\" src=\"\/fotograma\/wp-content\/uploads\/sites\/71\/2014\/11\/7.png\" alt=\"\" width=\"300\" height=\"29\" srcset=\"https:\/\/static-blogs.diariovasco.com\/wp-content\/uploads\/sites\/71\/2014\/11\/7.png 564w, https:\/\/static-blogs.diariovasco.com\/wp-content\/uploads\/sites\/71\/2014\/11\/7-300x30.png 300w\" sizes=\"(max-width: 300px) 100vw, 300px\" \/><\/a><\/p>\n<p><iframe loading=\"lazy\" src=\"https:\/\/www.youtube.com\/embed\/1SGOo-9UAVU?rel=0\" frameborder=\"0\" width=\"560\" height=\"315\"><\/iframe><\/p>\n<p><strong><img loading=\"lazy\" class=\"alignleft\" title=\"Sparrows\" src=\"\/\/pics.filmaffinity.com\/Sparrows-564331435-large.jpg\" alt=\"\" width=\"238\" height=\"341\" \/>SPARROWS<\/strong>\u00a0&#8211; Secci\u00f3n oficial<\/p>\n<p><strong>T\u00edtulo original<\/strong>:\u00a0\u00derestir<\/p>\n<p><strong>A\u00f1o<\/strong>: 2015<\/p>\n<p><strong>Duraci\u00f3n<\/strong>: 99 minutos<\/p>\n<p><strong>Pa\u00eds<\/strong>: Islandia<\/p>\n<p><strong>Directores<\/strong>: R\u00fanar R\u00fanarsson<\/p>\n<p><strong>Guion<\/strong>:\u00a0R\u00fanar R\u00fanarsson<\/p>\n<p><strong>Fotograf\u00eda<\/strong>: Sophia Olsson<\/p>\n<p><strong>Reparto<\/strong>:\u00a0Atli Oskar Fjalarsson,\u00a0Ingvar Eggert Sigur\u00f0sson,\u00a0Kristbj\u00f6rg Kjeld y\u00a0Rade Serbedzija<\/p>\n<p><strong>Productora<\/strong>: Nimbus Film Productions<\/p>\n<p><strong>G\u00e9nero<\/strong>: Drama<\/p>\n<p>Un relato inici\u00e1tico sobre un adolescente de 16 a\u00f1os, Ari, quien, tras haber estado viviendo con su madre en Reikiavik, es enviado de vuelta a las remota regi\u00f3n de los fiordos occidentales para vivir con su padre Gunnar. All\u00ed tendr\u00e1 que lidiar con una dif\u00edcil relaci\u00f3n con su padre y encuentra cambiados a sus amigos de la infancia. En ese ambiente desesperanzador, Ari tiene que esforzarse para encontrar su camino. (<a title=\"Sparrows\" href=\"http:\/\/www.filmaffinity.com\/es\/film217903.html\">FilmAffinity<\/a>)<\/p>\n<p>Reflexiva y lenta historia de maduraci\u00f3n. La cinta de <strong>R\u00fanarsson<\/strong>\u00a0relata la historia de un adolescente island\u00e9s que se ve obligado a mudarse a una peque\u00f1a localidad del norte del pa\u00eds con su padre, al que no ve desde hace muchos a\u00f1os. La pel\u00edcula explora en el proceso de adaptaci\u00f3n a la nueva vida, a las gentes del pueblo pesquero y el proceso de maduraci\u00f3n que sigue Ari.<\/p>\n<p>La cinta tiene cierto inter\u00e9s en su primer tercio, durante la presentaci\u00f3n de los personajes y el cambio de escenario de la ciudad al pueblo. A medida que la pel\u00edcula se alarga empieza a perder el norte y cae en una falta total de prop\u00f3sito. <strong>&#8216;Sparrows&#8217;<\/strong>\u00a0(gorriones) es un planteamiento constante de problemas que no encuentran soluci\u00f3n alguna, algo que se hace demasiado palpable en el final.<\/p>\n<p>Recepci\u00f3n fr\u00eda por parte de la prensa en su pase por la ma\u00f1ana, t\u00edmido aplauso. Una decepci\u00f3n y aburrimiento, una sensaci\u00f3n de haber entrado en una historia para no saber c\u00f3mo concluye, una verdadera pena, el planteamiento ten\u00eda posibles.<\/p>\n<p><strong>Lo mejor<\/strong>: los paisajes islandeses.<\/p>\n<p><strong>Lo peor<\/strong>: se trata de una historia que empieza, pero no termina en ning\u00fan punto.<\/p>\n<p><a href=\"\/fotograma\/wp-content\/uploads\/sites\/71\"><img loading=\"lazy\" class=\"aligncenter size-medium wp-image-87\" title=\"4\" src=\"\/fotograma\/wp-content\/uploads\/sites\/71\/2014\/11\/4.png\" alt=\"\" width=\"300\" height=\"29\" srcset=\"https:\/\/static-blogs.diariovasco.com\/wp-content\/uploads\/sites\/71\/2014\/11\/4.png 564w, https:\/\/static-blogs.diariovasco.com\/wp-content\/uploads\/sites\/71\/2014\/11\/4-300x30.png 300w\" sizes=\"(max-width: 300px) 100vw, 300px\" \/><\/a><\/p>\n<p><iframe loading=\"lazy\" src=\"https:\/\/www.youtube.com\/embed\/bvNw3WqecEo?rel=0\" frameborder=\"0\" width=\"560\" height=\"315\"><\/iframe><\/p>\n<p><strong><img loading=\"lazy\" class=\"alignleft\" title=\"Amama\" src=\"\/\/pics.filmaffinity.com\/Amama_Abuela-119146172-large.jpg\" alt=\"\" width=\"259\" height=\"384\" \/>AMAMA<\/strong>\u00a0&#8211; Secci\u00f3n oficial<\/p>\n<p><strong>T\u00edtulo original<\/strong>: Amama<\/p>\n<p><strong>A\u00f1o<\/strong>: 2015<\/p>\n<p><strong>Duraci\u00f3n<\/strong>: 103 minutos<\/p>\n<p><strong>Pa\u00eds<\/strong>: Espa\u00f1a<\/p>\n<p><strong>Directores<\/strong>: Asier Altuna<\/p>\n<p><strong>Guion<\/strong>: Asier Altuna<\/p>\n<p><strong>Reparto<\/strong>:\u00a0Iraia Elias,\u00a0Kandido Uranga,\u00a0Klara Badiola,\u00a0Ander Lipus,\u00a0Manu Uranga,\u00a0Amparo Badiola y\u00a0Nagore Aranburu<\/p>\n<p><strong>Productora<\/strong>: Txintxua Films<\/p>\n<p><strong>G\u00e9nero<\/strong>: Drama<\/p>\n<p>Una historia familiar. El conflicto entre lo urbano y lo rural, entre pasado y presente, padres e hijos. Dos formas opuestas de entender la existencia, y una abuela que observa el mundo desde el m\u00e1s elocuente de los silencios. (<a title=\"Amama\" href=\"http:\/\/www.filmaffinity.com\/es\/film486279.html\">FilmAffinity<\/a>)<\/p>\n<p>Primera pel\u00edcula en euskera que llega a este blog, tambi\u00e9n es la \u00fanica en este idioma que compite en la <strong>secci\u00f3n oficial<\/strong>. Se trata del drama familiar de atreverse a dar el paso de dejar atr\u00e1s la vida rural y acabar con la tradici\u00f3n familiar de heredar el caser\u00edo, o decidir seguir con las costumbres familiares.<\/p>\n<p><strong>Asier Altuna<\/strong> dirige la cinta, alejada del tono c\u00f3mico de su \u00f3pera prima <strong>&#8216;Aupa Etxebeste!&#8217;<\/strong>\u00a0y con un tono m\u00e1s melanc\u00f3lico que la comedia negra <strong>&#8216;Urte berri on, amona!&#8217;<\/strong>. El reparto funciona, cre\u00edbles en sus papeles y nos trasladan a ese ambiente rural del Pa\u00eds Vasco.<\/p>\n<p><strong>&#8216;Amama&#8217;<\/strong>\u00a0es una apuesta arriesgada, una cinta melanc\u00f3lica y po\u00e9tica. Las met\u00e1foras a trav\u00e9s de la naturaleza, los \u00e1rboles, la madera y los colores quedan perfectamente ejecutadas. El problema de la pel\u00edcula recae en su narraci\u00f3n, no tiene fin, avanza sin parar y se alarga demasiado en los distintos pasos que va dando, aunque especialmente en el final, que podr\u00eda haberse resumido en un ep\u00edlogo m\u00e1s corto y con unos \u00faltimos planos en todo lo alto.<\/p>\n<p><strong>Lo mejor<\/strong>: Reparto y recursos metaf\u00f3ricos.<\/p>\n<p><strong>Lo peor<\/strong>: El final se estira demasiado.<\/p>\n<p><a href=\"\/fotograma\/wp-content\/uploads\/sites\/71\/2014\/11\/65.png\"><img loading=\"lazy\" class=\"aligncenter size-medium wp-image-92\" title=\"6,5\" src=\"\/fotograma\/wp-content\/uploads\/sites\/71\/2014\/11\/65.png\" alt=\"\" width=\"300\" height=\"29\" srcset=\"https:\/\/static-blogs.diariovasco.com\/wp-content\/uploads\/sites\/71\/2014\/11\/65.png 564w, https:\/\/static-blogs.diariovasco.com\/wp-content\/uploads\/sites\/71\/2014\/11\/65-300x30.png 300w\" sizes=\"(max-width: 300px) 100vw, 300px\" \/><\/a><\/p>\n<p><iframe loading=\"lazy\" src=\"https:\/\/www.youtube.com\/embed\/2W5rMolIzAw?rel=0\" frameborder=\"0\" width=\"560\" height=\"315\"><\/iframe><\/p>\n<p>&nbsp;<\/p>\n<p>Puedes releer las entregas sobre las pel\u00edculas del\u00a0<strong>63\u00a0Festival de San Sebasti\u00e1n<\/strong>:<\/p>\n<p><a title=\"D\u00edas de Festival 1: \u2018Regresi\u00f3n\u2019 y \u2018Truman\u2019\" href=\"https:\/\/blogs.diariovasco.com\/fotograma\/2015\/09\/18\/dias-de-festival-1-regresion-y-truman\/\"><strong>D\u00edas de Festival 1<\/strong>: \u2018Regresi\u00f3n\u2019 y \u2018Truman\u2019<\/a><\/p>\n<p><a title=\"D\u00edas de Festival 2: \u2018Sunset Song\u2019, \u2018Evolution\u2019 y \u2018Mi gran noche\u2019\" href=\"https:\/\/blogs.diariovasco.com\/fotograma\/2015\/09\/19\/dias-de-festival-2-sunset-song-evolution-y-mi-gran-noche\/\"><strong>D\u00edas de Festival 2<\/strong>: \u2018Sunset Song\u2019, \u2018Evolution\u2019 y \u2018Mi gran noche\u2019<\/a><\/p>\n<p><a title=\"D\u00edas de Festival 4: \u2018Eva no duerme\u2019, \u2018High-rise\u2019 y \u2018Hitchcock\/Truffaut\u2019\" href=\"https:\/\/blogs.diariovasco.com\/fotograma\/2015\/09\/21\/dias-de-festival-4-eva-no-duerme-high-rise-y-hitchcocktruffaut\/\"><strong>D\u00edas de Festival 4<\/strong>: \u2018Eva no duerme\u2019, \u2018High-rise\u2019 y \u2018Hitchcock\/Truffaut\u2019<\/a><\/p>\n<p><a title=\"D\u00edas de Festival 5: \u2018Bakemono no Ko\u2019, \u2018El ap\u00f3stata\u2019 y \u2018Taxi Teher\u00e1n\u2019\" href=\"https:\/\/blogs.diariovasco.com\/fotograma\/2015\/09\/22\/dias-de-festival-5-bakemono-no-ko-el-apostata-y-taxi-teheran\/\"><strong>D\u00edas de Festival 5<\/strong>: \u2018The Boy and The Beast (Bakemono no Ko)\u2019, \u2018El ap\u00f3stata\u2019 y \u2018Taxi Teher\u00e1n\u2019<\/a><\/p>\n<p><a title=\"D\u00edas de Festival 6: \u2018El Rey de La Habana\u2019, \u2018Moira\u2019, \u2018Lejos del mar\u2019 y \u2018Freeheld\u2019\" href=\"https:\/\/blogs.diariovasco.com\/fotograma\/2015\/09\/23\/dias-de-festival-6-el-rey-de-la-habana-moira-lejos-del-mar-y-freeheld\/\"><strong>D\u00edas de Festival 6<\/strong>: \u2018El Rey de La Habana\u2019, \u2018Moira\u2019, \u2018Lejos del mar\u2019 y \u2018Freeheld\u2019<\/a><\/p>\n<p><a title=\"D\u00edas de Festival 7: \u2018Les chevaliers blancs\u2019, \u2018Back to the north\u2019 y \u2018El hijo de Sa\u00fal\u2019\" href=\"https:\/\/blogs.diariovasco.com\/fotograma\/2015\/09\/24\/dias-de-festival-7-les-chevaliers-blancs-back-to-the-north-y-el-hijo-de-saul\/\"><strong>D\u00edas de Festival 7<\/strong>: \u2018Les caballeros blancos (Les chevaliers blancs)\u2019, \u2018Back to the north\u2019 y \u2018El hijo de Sa\u00fal\u2019<\/a><\/p>\n<p><a title=\"D\u00edas de Festival 8: \u2018Un dia perfecte per volar\u2019, \u2018Les d\u00e9mons\u2019 y \u2018London Road\u2019\" href=\"https:\/\/blogs.diariovasco.com\/fotograma\/2015\/09\/25\/dias-de-festival-8-un-dia-perfecte-per-volar-les-demons-y-london-road\/\"><strong>D\u00edas de Festival 8<\/strong>: \u2018Un d\u00eda perfecto para volar\u2019, \u2018Les d\u00e9mons\u2019 y \u2018London Road\u2019<\/a><\/p>\n","protected":false},"excerpt":{"rendered":"<p>21 NUITS AVEC PATTIE\u00a0&#8211; Secci\u00f3n oficial T\u00edtulo original: 21 nuits avec Pattie A\u00f1o: 2015 Duraci\u00f3n: 110 minutos Pa\u00eds: Francia Directores: Arnaud Larrieu y Jean-Marie Larrieu Guion: Arnaud Larrieu y Jean-Marie Larrieu Fotograf\u00eda: Yannick Ressigeac Reparto:\u00a0Karin Viard,\u00a0Isabelle Carr\u00e9,\u00a0Sergi L\u00f3pez,\u00a0Denis Lavant y\u00a0Andr\u00e9 Dussollier Productora: Arena Films \/ Pyramide Productions G\u00e9nero: Drama \/ Comedia Caroline interrumpe sus vacaciones [&hellip;]<\/p>\n","protected":false},"author":101,"featured_media":0,"comment_status":"open","ping_status":"closed","sticky":false,"template":"","format":"standard","meta":[],"categories":[8,11],"tags":[164,180,182,254,266,270,654,1065,1070,1080,1191,1392,1397,1465,1469,1636,1848,2070,2200,2284],"_links":{"self":[{"href":"https:\/\/blogs.diariovasco.com\/fotograma\/wp-json\/wp\/v2\/posts\/203"}],"collection":[{"href":"https:\/\/blogs.diariovasco.com\/fotograma\/wp-json\/wp\/v2\/posts"}],"about":[{"href":"https:\/\/blogs.diariovasco.com\/fotograma\/wp-json\/wp\/v2\/types\/post"}],"author":[{"embeddable":true,"href":"https:\/\/blogs.diariovasco.com\/fotograma\/wp-json\/wp\/v2\/users\/101"}],"replies":[{"embeddable":true,"href":"https:\/\/blogs.diariovasco.com\/fotograma\/wp-json\/wp\/v2\/comments?post=203"}],"version-history":[{"count":0,"href":"https:\/\/blogs.diariovasco.com\/fotograma\/wp-json\/wp\/v2\/posts\/203\/revisions"}],"wp:attachment":[{"href":"https:\/\/blogs.diariovasco.com\/fotograma\/wp-json\/wp\/v2\/media?parent=203"}],"wp:term":[{"taxonomy":"category","embeddable":true,"href":"https:\/\/blogs.diariovasco.com\/fotograma\/wp-json\/wp\/v2\/categories?post=203"},{"taxonomy":"post_tag","embeddable":true,"href":"https:\/\/blogs.diariovasco.com\/fotograma\/wp-json\/wp\/v2\/tags?post=203"}],"curies":[{"name":"wp","href":"https:\/\/api.w.org\/{rel}","templated":true}]}}