{"id":204,"date":"2015-09-21T23:24:27","date_gmt":"2015-09-21T21:24:27","guid":{"rendered":"http:\/\/blogs.diariovasco.com\/fotograma\/?p=204"},"modified":"2015-09-21T23:24:27","modified_gmt":"2015-09-21T21:24:27","slug":"dias-de-festival-4-eva-no-duerme-high-rise-y-hitchcocktruffaut","status":"publish","type":"post","link":"https:\/\/blogs.diariovasco.com\/fotograma\/2015\/09\/21\/dias-de-festival-4-eva-no-duerme-high-rise-y-hitchcocktruffaut\/","title":{"rendered":"D\u00edas de Festival 4: &#039;Eva no duerme&#039;, &#039;High-rise&#039; y &#039;Hitchcock\/Truffaut&#039;"},"content":{"rendered":"<p><strong><img loading=\"lazy\" class=\"alignleft\" title=\"Eva no duerme\" src=\"\/\/hoycinema.abc.es\/archivos\/201509\/ea40f81d789354802e8b9abc9a656cbc_14083_poster_es_001.jpg\" alt=\"\" width=\"239\" height=\"318\" \/>EVA NO DUERME &#8211; <\/strong>Secci\u00f3n oficial<\/p>\n<p><strong>T\u00edtulo original:<\/strong>\u00a0Eva no duerme<\/p>\n<p><strong>A\u00f1o:<\/strong> 2015<\/p>\n<p><strong>Duraci\u00f3n:<\/strong>\u00a085 minutos<\/p>\n<p><strong>Pa\u00eds<\/strong>: Argentina<\/p>\n<p><strong>Director:<\/strong>\u00a0Pablo Ag\u00fcero<\/p>\n<p><strong>Guion:<\/strong> Pablo Ag\u00fcero<\/p>\n<p><strong>Reparto:<\/strong>\u00a0Pepi Monia,\u00a0Gael Garc\u00eda Bernal,\u00a0Denis Lavant,\u00a0Imanol Arias,\u00a0Daniel Fanego y\u00a0Nahuel P. Biscayart<\/p>\n<p><strong>Productora:<\/strong>\u00a0JBA Productions \/ Haddock Films \/ Tornasol Films \/ Canana \/ Rohfilm<\/p>\n<p><strong>G\u00e9nero:<\/strong>\u00a0Drama<\/p>\n<p>Relata la odisea del cad\u00e1ver embalsamado de Eva Per\u00f3n en toda Europa a partir de 1952 hasta su entierro en Argentina 25 a\u00f1os despu\u00e9s.\u00a0(<a href=\"http:\/\/www.filmaffinity.com\/es\/film328657.html\">FilmAffinity<\/a>)<\/p>\n<p>Representaci\u00f3n argentina en la <strong>Secci\u00f3n oficial<\/strong>\u00a0del<strong>\u00a0Festival de San Sebasti\u00e1n<\/strong>. Se trata de la historia del robo, b\u00fasqueda y retorno del cad\u00e1ver de Eva Per\u00f3n, Evita, la primera dama de Argentina desde 1946 a 1952, fecha de su fallecimiento. El paso del tiempo ha hecho que la figura de la actriz y pol\u00edtica se convierta en un mito, un s\u00edmbolo.<\/p>\n<p>La pel\u00edcula de <strong>Pablo Ag\u00fcero<\/strong>\u00a0nos plantea una estructura propia de una obra de teatro, tres actos, cada uno centrado en un personaje (el embalsamador, el transportista y el dictador), entremezclando los tres episodios con el relato del personaje de <strong>Gael Garc\u00eda Bernal<\/strong>, Massera, un militar que gobern\u00f3 Argentina junto a Videla y Agosti a mediados de los a\u00f1os 70. Adem\u00e1s de ello la pel\u00edcula transmite la sensaci\u00f3n de ser barata, de no haber invertido demasiado presupuesto en ella.<\/p>\n<p>La cinta pierde el potencial como personaje de Evita. Parte de una buena idea, pero se pierde en un tono demasiado pausado, lento, aburrido y sopor\u00edfero, probablemente Eva no duerma, pero alg\u00fan que otro espectador lo har\u00e1. Aspira a demasiado y cumple con poco.<\/p>\n<p>Como notas positivas est\u00e1 el empleo de la m\u00fasica y el archivo hist\u00f3rico, realmente son los \u00fanicos elementos que traspasan la pantalla. Merece menci\u00f3n especial la secuencia inicial, un plano fijo hipn\u00f3tico con <strong>Garc\u00eda Bernal<\/strong>\u00a0acerc\u00e1ndose hasta la c\u00e1mara.<\/p>\n<p><strong>Lo mejor:<\/strong>\u00a0la secuencia inicial, banda sonora y archivo hist\u00f3rico.<\/p>\n<p><strong>Lo peor:<\/strong>\u00a0ritmo excesivamente lento y sopor\u00edfero.<\/p>\n<p><a href=\"\/fotograma\/wp-content\/uploads\/sites\/71\"><img loading=\"lazy\" class=\"aligncenter size-medium wp-image-87\" title=\"4\" src=\"\/fotograma\/wp-content\/uploads\/sites\/71\/2014\/11\/4.png\" alt=\"\" width=\"300\" height=\"29\" srcset=\"https:\/\/static-blogs.diariovasco.com\/wp-content\/uploads\/sites\/71\/2014\/11\/4.png 564w, https:\/\/static-blogs.diariovasco.com\/wp-content\/uploads\/sites\/71\/2014\/11\/4-300x30.png 300w\" sizes=\"(max-width: 300px) 100vw, 300px\" \/><\/a><\/p>\n<p>&nbsp;<\/p>\n<p>&nbsp;<\/p>\n<p>&nbsp;<\/p>\n<p><strong><img loading=\"lazy\" class=\"alignleft\" title=\"High-Rise\" src=\"\/\/pics.filmaffinity.com\/High_Rise-335899580-large.jpg\" alt=\"\" width=\"229\" height=\"334\" \/>HIGH-RISE &#8211;\u00a0<\/strong>Secci\u00f3n oficial<\/p>\n<p><strong>T\u00edtulo original:<\/strong>\u00a0High-Rise<\/p>\n<p><strong>A\u00f1o:<\/strong>\u00a02015<\/p>\n<p><strong>Duraci\u00f3n:<\/strong>\u00a0118 minutos<\/p>\n<p><strong>Pa\u00eds<\/strong>: Reino Unido<\/p>\n<p><strong>Director:<\/strong>\u00a0Ben Wheatley<\/p>\n<p><strong>Guion:<\/strong>\u00a0Ben Wheatley y Amy Jump<\/p>\n<p><strong>M\u00fasica:<\/strong>\u00a0Clint Mansell<\/p>\n<p><strong>Fotograf\u00eda:<\/strong>\u00a0Laurie Rose<\/p>\n<p><strong>Reparto:<\/strong>\u00a0Tom Hiddleston,\u00a0Sienna Miller,\u00a0Jeremy Irons,\u00a0Luke Evans,\u00a0Elisabeth Moss,\u00a0James Purefoy,\u00a0Keeley Hawes,\u00a0Reece Shearsmith,\u00a0Peter Ferdinando,\u00a0Sienna Guillory,\u00a0Stacy Martin,\u00a0Enzo Cilenti,\u00a0Augustus Prew, Louis Suc, Tony Way y\u00a0Dan Renton Skinner<\/p>\n<p><strong>Productora:<\/strong>\u00a0Recorded Picture Company \/ British Film Institute \/ Film4 \/ Embargo Films<\/p>\n<p><strong>G\u00e9nero:<\/strong>\u00a0Ciencia ficci\u00f3n \/ Thriller<\/p>\n<p>Adaptaci\u00f3n de High Rise, novela publicada por J.G. Ballard a mediados de los a\u00f1os \u201870. La historia narra la llegada del doctor Robert Laing a la Torre Elysium, un enorme rascacielos dentro del cual se desarrolla todo un mundo aparte, en el cual parece existir la sociedad ideal. Pero secretamente, el reci\u00e9n llegado se sentir\u00e1 perturbado ante la posibilidad de que este orden ut\u00f3pico no sea tal. Sospechas que r\u00e1pidamente ser\u00e1n corroboradas de la forma m\u00e1s siniestra.\u00a0(<a href=\"http:\/\/www.filmaffinity.com\/es\/film222651.html\">FilmAffinity<\/a>)<\/p>\n<p><strong>Wheatley<\/strong>\u00a0construye dentro del rascacielos donde tiene lugar <strong>&#8216;High-Rise&#8217;<\/strong>\u00a0un peque\u00f1o modelo a escala de la sociedad de los a\u00f1os 70. El edificio incluye todas las comodidades y representa el enfrentamiento entre la sociedad capitalista (los habitantes de las plantas superiores) y la socialista (los dem\u00e1s habitantes, especialmente el personaje interpretado por <strong>Luke Evans<\/strong>, con una imagen del Che en su habitaci\u00f3n). Adem\u00e1s tenemos dos figuras intermedias, los que saben jugar entre esas dos aguas y se benefician de los dos: el psic\u00f3logo (<strong>Tom Hiddleston<\/strong>) y el ni\u00f1o (<strong>Louis Suc<\/strong>).<\/p>\n<p>El filme nos propone una aventura loca, extrema&#8230; el desmoronamiento de la sociedad. La pel\u00edcula es un total desfase, escenificado en ese rascacielos que va perdiendo poco a poco su lucidez original para pasar a ser un campo de batalla de s\u00e1lvese quien pueda. Cr\u00edtica social brutal del mal del capitalismo y la lucha de clases.<\/p>\n<p>El reparto, de lujo, est\u00e1 perfecto. La banda sonora espectacular, mezclando piezas de m\u00fasica cl\u00e1sica con una siniestra versi\u00f3n del &#8216;SOS&#8217; de ABBA. El gran error del filme es que su parte intermedia se hace algo larga.<\/p>\n<p><strong>Lo mejor:<\/strong>\u00a0Cr\u00edtica social redonda y banda sonora.<\/p>\n<p><strong>Lo peor:<\/strong>\u00a0Parte central de la pel\u00edcula algo pesada.<\/p>\n<p><a href=\"\/fotograma\/wp-content\/uploads\/sites\/71\"><img loading=\"lazy\" class=\"aligncenter size-medium wp-image-93\" title=\"7\" src=\"\/fotograma\/wp-content\/uploads\/sites\/71\/2014\/11\/7.png\" alt=\"\" width=\"300\" height=\"29\" srcset=\"https:\/\/static-blogs.diariovasco.com\/wp-content\/uploads\/sites\/71\/2014\/11\/7.png 564w, https:\/\/static-blogs.diariovasco.com\/wp-content\/uploads\/sites\/71\/2014\/11\/7-300x30.png 300w\" sizes=\"(max-width: 300px) 100vw, 300px\" \/><\/a><\/p>\n<p>&nbsp;<\/p>\n<p>&nbsp;<\/p>\n<p>&nbsp;<\/p>\n<p><strong><img loading=\"lazy\" class=\"alignleft\" title=\"Hitchcock Truffaut\" src=\"\/\/pics.filmaffinity.com\/Hitchcock_Truffaut-782072173-large.jpg\" alt=\"\" width=\"242\" height=\"346\" \/>HITCHCOCK\/TRUFFAUT &#8211; <\/strong>Perlas<\/p>\n<p><strong>T\u00edtulo original:<\/strong>\u00a0Hitchcock\/Truffaut<\/p>\n<p><strong>A\u00f1o:<\/strong>\u00a02015<\/p>\n<p><strong>Duraci\u00f3n:<\/strong>\u00a080 minutos<\/p>\n<p><strong>Director:<\/strong>\u00a0Kent Jones<\/p>\n<p><strong>Guion:<\/strong>\u00a0Kent Jones y Serge Toubiana<\/p>\n<p><strong>Reparto:<\/strong>\u00a0David Fincher,\u00a0Martin Scorsese,\u00a0Wes Anderson,Richard Linklater,\u00a0Alfred Hitchcock,\u00a0Fran\u00e7ois Truffaut,\u00a0James Gray y\u00a0Olivier Assayas<\/p>\n<p><strong>Productora:<\/strong>\u00a0Cohen Media Group<\/p>\n<p><strong>G\u00e9nero:<\/strong>\u00a0Documental<\/p>\n<p>Medio siglo despu\u00e9s de la publicaci\u00f3n del libro &#8220;El cine seg\u00fan Hitchcock&#8221; de Fran\u00e7ois Truffaut, el director Kent Jones invita a alguno de los mejores directores de nuestro tiempo (Martin Scorsese, David Fincher, Richard Linklater, Wes Anderson, James Gray, Olivier Assayas&#8230;) a compartir sus pensamientos sobre el maestro del suspense, Alfred Hitchcock.\u00a0(FilmAffinity)<\/p>\n<p>Primera pel\u00edcula fuera de la <strong>Secci\u00f3n oficial<\/strong>\u00a0que traigo a este espacio. En principio la idea inicial era analizar \u00fanicamente las pel\u00edculas encuadradas dentro de la secci\u00f3n estrella del Festival, pero <strong>Perlas<\/strong>\u00a0tiene propuestas brillantes que merecen menci\u00f3n como esta <strong>&#8216;Hitchcock\/Truffaut&#8217;<\/strong>.<\/p>\n<p>El t\u00edtulo del filme es lo suficientemente clara para saber de qu\u00e9 trata esta cinta, aunque conviene aclarar algunos detalles. El repaso a la filmograf\u00eda de los maestros <strong>Alfred Hitchcock<\/strong>\u00a0y <strong>Fran\u00e7ois Truffaut<\/strong>\u00a0se hace a partir del libro que este \u00faltimo escribi\u00f3 de la serie de entrevistas que mantuvo con el primero. Al material espectacular de ellos sumamos las opiniones de monstruos de la gran pantalla como <strong>David Fincher<\/strong>, <strong>Martin Scorsese<\/strong>, <strong>Wes Anderson<\/strong>&#8230; un verdadero lujo para todo cin\u00e9filo.<\/p>\n<p>La cinta se hace muy amena, f\u00e1cil de seguir y para consolidar la admiraci\u00f3n hacia los cineastas, para los que los admiren, y para descubrir e iniciarse en ellos, para los que no los conozcan. Una cinta de obligatoria visi\u00f3n para todo amante del s\u00e9ptimo arte.<\/p>\n<p><strong>Lo mejor:<\/strong>\u00a0Es un documento imprescindible para cin\u00e9filos.<\/p>\n<p><strong>Lo peor:<\/strong>\u00a0Nada.<\/p>\n<p><a href=\"\/fotograma\/wp-content\/uploads\/sites\/71\/2014\/11\/10.png\"><img loading=\"lazy\" class=\"aligncenter size-medium wp-image-99\" title=\"10\" src=\"\/fotograma\/wp-content\/uploads\/sites\/71\/2014\/11\/10.png\" alt=\"\" width=\"300\" height=\"29\" srcset=\"https:\/\/static-blogs.diariovasco.com\/wp-content\/uploads\/sites\/71\/2014\/11\/10.png 564w, https:\/\/static-blogs.diariovasco.com\/wp-content\/uploads\/sites\/71\/2014\/11\/10-300x30.png 300w\" sizes=\"(max-width: 300px) 100vw, 300px\" \/><\/a><\/p>\n<p>Puedes releer las entregas sobre las pel\u00edculas del\u00a0<strong>63\u00a0Festival de San Sebasti\u00e1n<\/strong>:<\/p>\n<p><a title=\"D\u00edas de Festival 1: \u2018Regresi\u00f3n\u2019 y \u2018Truman\u2019\" href=\"https:\/\/blogs.diariovasco.com\/fotograma\/2015\/09\/18\/dias-de-festival-1-regresion-y-truman\/\"><strong>D\u00edas de Festival 1<\/strong>: \u2018Regresi\u00f3n\u2019 y \u2018Truman\u2019<\/a><\/p>\n<p><a title=\"D\u00edas de Festival 2: \u2018Sunset Song\u2019, \u2018Evolution\u2019 y \u2018Mi gran noche\u2019\" href=\"https:\/\/blogs.diariovasco.com\/fotograma\/2015\/09\/19\/dias-de-festival-2-sunset-song-evolution-y-mi-gran-noche\/\"><strong>D\u00edas de Festival 2<\/strong>: \u2018Sunset Song\u2019, \u2018Evolution\u2019 y \u2018Mi gran noche\u2019<\/a><\/p>\n<p><a title=\"D\u00edas de Festival 3: \u201921 nuits avec Pattie\u2019, \u2018Sparrows\u2019 y \u2018Amama\u2019\" href=\"https:\/\/blogs.diariovasco.com\/fotograma\/2015\/09\/20\/dias-de-festival-3-21-nuits-avec-pattie-sparrows-y-amama\/\"><strong>D\u00edas de Festival 3<\/strong>: \u201921 noches con Pattie\u2019, \u2018Sparrows\u2019 y \u2018Amama\u2019<\/a><\/p>\n<p><a title=\"D\u00edas de Festival 5: \u2018Bakemono no Ko\u2019, \u2018El ap\u00f3stata\u2019 y \u2018Taxi Teher\u00e1n\u2019\" href=\"https:\/\/blogs.diariovasco.com\/fotograma\/2015\/09\/22\/dias-de-festival-5-bakemono-no-ko-el-apostata-y-taxi-teheran\/\"><strong>D\u00edas de Festival 5<\/strong>: \u2018The Boy and The Beast (Bakemono no Ko)\u2019, \u2018El ap\u00f3stata\u2019 y \u2018Taxi Teher\u00e1n\u2019<\/a><\/p>\n<p><a title=\"D\u00edas de Festival 6: \u2018El Rey de La Habana\u2019, \u2018Moira\u2019, \u2018Lejos del mar\u2019 y \u2018Freeheld\u2019\" href=\"https:\/\/blogs.diariovasco.com\/fotograma\/2015\/09\/23\/dias-de-festival-6-el-rey-de-la-habana-moira-lejos-del-mar-y-freeheld\/\"><strong>D\u00edas de Festival 6<\/strong>: \u2018El Rey de La Habana\u2019, \u2018Moira\u2019, \u2018Lejos del mar\u2019 y \u2018Freeheld\u2019<\/a><\/p>\n<p><a title=\"D\u00edas de Festival 7: \u2018Les chevaliers blancs\u2019, \u2018Back to the north\u2019 y \u2018El hijo de Sa\u00fal\u2019\" href=\"https:\/\/blogs.diariovasco.com\/fotograma\/2015\/09\/24\/dias-de-festival-7-les-chevaliers-blancs-back-to-the-north-y-el-hijo-de-saul\/\"><strong>D\u00edas de Festival 7<\/strong>: \u2018Les caballeros blancos (Les chevaliers blancs)\u2019, \u2018Back to the north\u2019 y \u2018El hijo de Sa\u00fal\u2019<\/a><\/p>\n<p><a title=\"D\u00edas de Festival 8: \u2018Un dia perfecte per volar\u2019, \u2018Les d\u00e9mons\u2019 y \u2018London Road\u2019\" href=\"https:\/\/blogs.diariovasco.com\/fotograma\/2015\/09\/25\/dias-de-festival-8-un-dia-perfecte-per-volar-les-demons-y-london-road\/\"><strong>D\u00edas de Festival 8<\/strong>: \u2018Un d\u00eda perfecto para volar\u2019, \u2018Les d\u00e9mons\u2019 y \u2018London Road\u2019<\/a><\/p>\n","protected":false},"excerpt":{"rendered":"<p>EVA NO DUERME &#8211; Secci\u00f3n oficial T\u00edtulo original:\u00a0Eva no duerme A\u00f1o: 2015 Duraci\u00f3n:\u00a085 minutos Pa\u00eds: Argentina Director:\u00a0Pablo Ag\u00fcero Guion: Pablo Ag\u00fcero Reparto:\u00a0Pepi Monia,\u00a0Gael Garc\u00eda Bernal,\u00a0Denis Lavant,\u00a0Imanol Arias,\u00a0Daniel Fanego y\u00a0Nahuel P. Biscayart Productora:\u00a0JBA Productions \/ Haddock Films \/ Tornasol Films \/ Canana \/ Rohfilm G\u00e9nero:\u00a0Drama Relata la odisea del cad\u00e1ver embalsamado de Eva Per\u00f3n en toda [&hellip;]<\/p>\n","protected":false},"author":101,"featured_media":0,"comment_status":"open","ping_status":"closed","sticky":false,"template":"","format":"standard","meta":[],"categories":[7,10,11,18],"tags":[132,277,314,391,574,585,619,654,766,799,881,901,1058,1130,1139,1216,1420,1437,1576,1597,1696,1849,1929,1953,2007,2018,2102,2128,2307,2308,2336,2367,2471,2495,2563],"_links":{"self":[{"href":"https:\/\/blogs.diariovasco.com\/fotograma\/wp-json\/wp\/v2\/posts\/204"}],"collection":[{"href":"https:\/\/blogs.diariovasco.com\/fotograma\/wp-json\/wp\/v2\/posts"}],"about":[{"href":"https:\/\/blogs.diariovasco.com\/fotograma\/wp-json\/wp\/v2\/types\/post"}],"author":[{"embeddable":true,"href":"https:\/\/blogs.diariovasco.com\/fotograma\/wp-json\/wp\/v2\/users\/101"}],"replies":[{"embeddable":true,"href":"https:\/\/blogs.diariovasco.com\/fotograma\/wp-json\/wp\/v2\/comments?post=204"}],"version-history":[{"count":0,"href":"https:\/\/blogs.diariovasco.com\/fotograma\/wp-json\/wp\/v2\/posts\/204\/revisions"}],"wp:attachment":[{"href":"https:\/\/blogs.diariovasco.com\/fotograma\/wp-json\/wp\/v2\/media?parent=204"}],"wp:term":[{"taxonomy":"category","embeddable":true,"href":"https:\/\/blogs.diariovasco.com\/fotograma\/wp-json\/wp\/v2\/categories?post=204"},{"taxonomy":"post_tag","embeddable":true,"href":"https:\/\/blogs.diariovasco.com\/fotograma\/wp-json\/wp\/v2\/tags?post=204"}],"curies":[{"name":"wp","href":"https:\/\/api.w.org\/{rel}","templated":true}]}}