{"id":206,"date":"2015-09-23T23:13:41","date_gmt":"2015-09-23T21:13:41","guid":{"rendered":"http:\/\/blogs.diariovasco.com\/fotograma\/?p=206"},"modified":"2015-09-23T23:13:41","modified_gmt":"2015-09-23T21:13:41","slug":"dias-de-festival-6-el-rey-de-la-habana-moira-lejos-del-mar-y-freeheld","status":"publish","type":"post","link":"https:\/\/blogs.diariovasco.com\/fotograma\/2015\/09\/23\/dias-de-festival-6-el-rey-de-la-habana-moira-lejos-del-mar-y-freeheld\/","title":{"rendered":"D\u00edas de Festival 6: &#039;El Rey de La Habana&#039;, &#039;Moira&#039;, &#039;Lejos del mar&#039; y &#039;Freeheld&#039;"},"content":{"rendered":"<p><strong><img loading=\"lazy\" class=\"alignleft\" title=\"El Rey de la Habana\" src=\"\/\/pics.filmaffinity.com\/El_Rey_de_La_Habana-561847716-large.jpg\" alt=\"\" width=\"213\" height=\"317\" \/>EL REY DE LA HABANA <\/strong>&#8211; Secci\u00f3n oficial<\/p>\n<p><strong>T\u00edtulo original:<\/strong>\u00a0El Rey de La Habana<\/p>\n<p><strong>A\u00f1o<\/strong>: 2015<\/p>\n<p><strong>Duraci\u00f3n<\/strong>: 125 minutos<\/p>\n<p><strong>Pa\u00eds<\/strong>: Espa\u00f1a<\/p>\n<p><strong>Director<\/strong>: Agust\u00ed Villaronga<\/p>\n<p><strong>Guion<\/strong>:\u00a0Agust\u00ed Villaronga<\/p>\n<p><strong>M\u00fasica<\/strong>: Joan Valent<\/p>\n<p><strong>Fotograf\u00eda<\/strong>: Josep Mar\u00eda Civit<\/p>\n<p><strong>Reparto<\/strong>:\u00a0Maykol David,\u00a0Yordanka Ariosa,\u00a0H\u00e9ctor Medina,\u00a0Ileana Wilson,\u00a0Chanel Terrero y\u00a0Jazz Vila<\/p>\n<p><strong>Productora<\/strong>: Pandora Cinema \/ Tusitala \/ Esencia Films<\/p>\n<p><strong>G\u00e9nero<\/strong>: Drama<\/p>\n<p>Reinaldo, un adolescente reci\u00e9n escapado de un correccional, se lanza a las calles de La Habana durante los duros a\u00f1os 90 del \u201cperiodo especial\u201d cubano. Un p\u00edcaro con pocos escr\u00fapulos que se enfrenta al hecho cotidiano de vivir. Anhelos, desencantos, ron y buen humor acompa\u00f1an su deambular hasta que un d\u00eda conoce a Magda, otra superviviente como \u00e9l y entre ambos surge una historia de amor imposible marcada por el sexo y la ternura. Tambi\u00e9n por la necesidad de evadirse de la miseria moral y material que les envuelve. Su lucha por buscar un lugar donde serenarse y vivir para crear una familia \u201cnormal\u201d dejar\u00e1 en carne viva sus sentimientos mientras, a su alrededor, todo retumba como un insaciable hurac\u00e1n tropical que los desgasta y erosiona.\u00a0(<a href=\"http:\/\/www.filmaffinity.com\/es\/film190719.html\">FilmAffinity<\/a>)<\/p>\n<p>Filme espa\u00f1ol firmado por <strong>Agust\u00ed Villaronga<\/strong>\u00a0donde se narran las vivencias de El Rey de La Habana, el sobrenombre de Reinaldo, un joven marcado por la pobreza y la desgracia desde su infancia. Reinaldo, un chico bien dotado, algo que se recalca una y otra vez durante la pel\u00edcula, ir\u00e1 conociendo a las compa\u00f1\u00edas femeninas que ir\u00e1n guiando su vida, pero en especial a Magda, su vecina cuando era ni\u00f1o, y \u00a0Yunisleidi, una transexual que le ofrecer\u00e1 amor y compa\u00f1\u00eda.<\/p>\n<p>La pel\u00edcula explora la decadencia de los barrios m\u00e1s pobres de la ya de por s\u00ed pobre La Habana y, en general, de la sociedad cubana de los a\u00f1os 90. Una pel\u00edcula que consigue traspasar la pantalla con esa decadencia que narra, en escenarios s\u00f3rdidos, oscuros y deprimentes.<\/p>\n<p>La evoluci\u00f3n de la historia, entre idas y venidas amorosas, empleos de poca monta y mucha necesidad de salir adelante, se convierte en un paseo repetitivo por la constante sensaci\u00f3n que transmite de estar ante la misma idea una y otra vez. Aunque salpica el guion con momentos c\u00f3micos, no consigue mantener el inicio prometedor de la cinta, haciendo que el nivel decaiga a medida que avanza el metraje, del mismo modo que lo hace la vida de los personajes. Tampoco ayuda en esto la duraci\u00f3n de la cinta, de m\u00e1s de dos horas, dejando la sensaci\u00f3n de haber visto secuencias de m\u00e1s.<\/p>\n<p><strong>Lo mejor<\/strong>: Inicio prometedor y llamativo.<\/p>\n<p><strong>Lo peor<\/strong>: Se vuelve repetitiva y tiene una excesiva duraci\u00f3n<\/p>\n<p><a href=\"\/fotograma\/wp-content\/uploads\/sites\/71\/2014\/11\/55.png\"><img loading=\"lazy\" class=\"aligncenter size-medium wp-image-90\" title=\"5,5\" src=\"\/fotograma\/wp-content\/uploads\/sites\/71\/2014\/11\/55.png\" alt=\"\" width=\"300\" height=\"29\" srcset=\"https:\/\/static-blogs.diariovasco.com\/wp-content\/uploads\/sites\/71\/2014\/11\/55.png 564w, https:\/\/static-blogs.diariovasco.com\/wp-content\/uploads\/sites\/71\/2014\/11\/55-300x30.png 300w\" sizes=\"(max-width: 300px) 100vw, 300px\" \/><\/a><\/p>\n<p><iframe loading=\"lazy\" src=\"https:\/\/www.youtube.com\/embed\/ck0KP7vDAf4\" frameborder=\"0\" width=\"560\" height=\"315\"><\/iframe><\/p>\n<p><strong><img loading=\"lazy\" class=\"alignleft\" title=\"Moira\" src=\"\/\/pics.filmaffinity.com\/Moira-425651819-large.jpg\" alt=\"\" width=\"215\" height=\"302\" \/>MOIRA\u00a0<\/strong>&#8211; Secci\u00f3n oficial<\/p>\n<p><strong>T\u00edtulo original:<\/strong>\u00a0Moira<\/p>\n<p><strong>A\u00f1o<\/strong>: 2015<\/p>\n<p><strong>Duraci\u00f3n<\/strong>: 95 minutos<\/p>\n<p><strong>Pa\u00eds<\/strong>: Georgia<\/p>\n<p><strong>Director<\/strong>: Levan Tutberidze<\/p>\n<p><strong>Guion<\/strong>: David Pirchhalava, George Qbalia y Levan Tutberidze<\/p>\n<p><strong>M\u00fasica<\/strong>: Nukri Abashidze<\/p>\n<p><strong>Fotograf\u00eda<\/strong>: Gorka G\u00f3mez Andreu<\/p>\n<p><strong>Reparto<\/strong>:\u00a0Paata Inauri,\u00a0Giorgi Khurcilava,\u00a0Zaza Magalashvili,\u00a0Keti Tskhakaia,\u00a0Jano Izoria,\u00a0Anni Bebia,\u00a0David Khurcilava,\u00a0Lili Khuriti,\u00a0Irakli Sanaia y\u00a0Bachi Lejava<\/p>\n<p><strong>G\u00e9nero<\/strong>: Drama<\/p>\n<p>Despu\u00e9s de salir de prisi\u00f3n, Mamuka trata de sacar a su familia de la pobreza. Su madre trabaja en el extranjero, su padre est\u00e1 en silla de ruedas y su hermano sin empleo se siente atra\u00eddo por la compa\u00f1\u00eda de criminales. Gracias a un pr\u00e9stamo, compra un peque\u00f1o barco de pesca. Pero el destino es ciego y despiadado.\u00a0(<a href=\"http:\/\/www.filmaffinity.com\/es\/film453430.html\">FilmAffinity<\/a>)<\/p>\n<p>Primer filme georgiano en este blog. Nos narra la vida de una familia que busca salir adelante, encontr\u00e1ndose con compa\u00f1\u00edas poco recomendables y un destino que se aventura poco prometedor. La historia se centra en cuatro personajes: el hijo mayor que ha salido recientemente de prisi\u00f3n, el hijo menor que se rodea de malas compa\u00f1\u00edas, el padre postrado en una silla de ruedas y la madre que vive en Grecia donde canta para ayudar a su familia.<\/p>\n<p>Con un inicio interesante, antesala de lo que podr\u00eda ser una pel\u00edcula original, nos encontramos r\u00e1pidamente con un desarrollo mon\u00f3tono y pesado. Falta chispa, sorpresa y originalidad en el planteamiento de la cinta, puesto que en todo momento podemos adelantarnos al guion y saber por seguro lo que va a ocurrir en la siguiente escena. Se quejaban algunos expertos en la materia de que <strong>&#8216;<a title=\"D\u00edas de Festival 1: \u2018Regresi\u00f3n\u2019 y \u2018Truman\u2019\" href=\"https:\/\/blogs.diariovasco.com\/fotograma\/2015\/09\/18\/dias-de-festival-1-regresion-y-truman\/\">Regresi\u00f3n<\/a>&#8216;<\/strong>\u00a0estaba llena de clich\u00e9s y t\u00f3picos del g\u00e9nero, soy de la opini\u00f3n que es mejor eso y aun as\u00ed llevarme alguna sorpresa durante la pel\u00edcula, a poder elaborar por m\u00ed mismo el guion de lo que voy a ver.<\/p>\n<p>Si bien es cierto que falla en su desarrollo, posee una fotograf\u00eda muy cuidada y unas actuaciones interesantes, no as\u00ed brillantes. Pero si en algo brilla <strong>&#8216;Moira&#8217;<\/strong>\u00a0es en su escena final, una secuencia cargada de emoci\u00f3n con un plano lejano y con m\u00fasica cantada en griego. Es por todo esto que <strong>&#8216;Moira&#8217; <\/strong>es una pel\u00edcula m\u00e1s, ni mala ni buena, es pasable, pero el <strong>Festival de San Sebasti\u00e1n<\/strong>\u00a0no debe ser el lugar para una cinta pasable, y menos en la <strong>Secci\u00f3n oficial<\/strong>.<\/p>\n<p><strong>Lo mejor<\/strong>: Escena final.<\/p>\n<p><strong>Lo peor<\/strong>: Desarrollo aburrido, previsible y mon\u00f3tono.<\/p>\n<p><a href=\"\/fotograma\/wp-content\/uploads\/sites\/71\"><img loading=\"lazy\" class=\"aligncenter size-medium wp-image-89\" title=\"5\" src=\"\/fotograma\/wp-content\/uploads\/sites\/71\/2014\/11\/5.png\" alt=\"\" width=\"300\" height=\"29\" srcset=\"https:\/\/static-blogs.diariovasco.com\/wp-content\/uploads\/sites\/71\/2014\/11\/5.png 564w, https:\/\/static-blogs.diariovasco.com\/wp-content\/uploads\/sites\/71\/2014\/11\/5-300x30.png 300w\" sizes=\"(max-width: 300px) 100vw, 300px\" \/><\/a><\/p>\n<p><iframe loading=\"lazy\" src=\"https:\/\/www.youtube.com\/embed\/aN-jSZcd3b4\" frameborder=\"0\" width=\"560\" height=\"315\"><\/iframe><\/p>\n<p><strong><img loading=\"lazy\" class=\"alignleft\" title=\"Lejos del mar\" src=\"\/\/pics.filmaffinity.com\/Lejos_del_mar-609590587-large.jpg\" alt=\"\" width=\"211\" height=\"297\" \/>LEJOS DEL MAR\u00a0<\/strong>&#8211; Secci\u00f3n oficial. Fuera de concurso<\/p>\n<p><strong>T\u00edtulo original:<\/strong>\u00a0Lejos del mar<\/p>\n<p><strong>A\u00f1o<\/strong>: 2015<\/p>\n<p><strong>Duraci\u00f3n<\/strong>: 105 minutos<\/p>\n<p><strong>Pa\u00eds<\/strong>: Espa\u00f1a<\/p>\n<p><strong>Director<\/strong>: Imanol Uribe<\/p>\n<p><strong>Guion<\/strong>: Daniel Cebri\u00e1n e Imanol Uribe<\/p>\n<p><strong>Reparto<\/strong>:\u00a0Eduard Fern\u00e1ndez,\u00a0Elena Anaya,\u00a0Jos\u00e9 Luis Garc\u00eda P\u00e9rez\u00a0e\u00a0Ignacio Mateos<\/p>\n<p><strong>Productora<\/strong>: Suroeste Films \/ Maestranza Films<\/p>\n<p><strong>G\u00e9nero<\/strong>: Drama \/ Rom\u00e1ntico<\/p>\n<p>La historia presenta a un etarra arrepentido, que sale de prisi\u00f3n por la aplicaci\u00f3n de la doctrina Parot tras cumplir una parte de su condena. Decide viajar entonces hasta Almer\u00eda, donde reside un amigo al que conoci\u00f3 en la c\u00e1rcel, y all\u00ed se enamorar\u00e1 de la hija de una de sus v\u00edctimas.\u00a0(<a href=\"http:\/\/www.filmaffinity.com\/es\/film302795.html\">FilmAffinity<\/a>)<\/p>\n<p>Carcajadas, risas y aplausos, siempre en el tono socarr\u00f3n y sarc\u00e1stico en el que ha recibido la prensa la pel\u00edcula de <strong>Imanol Uribe<\/strong>. El filme narra el enamoramiento de una v\u00edctima de ETA y el etarra que mat\u00f3 a su padre.<\/p>\n<p><strong>Uribe<\/strong>\u00a0trata el tema sin profundidad, con personajes excesivamente simples, nada cre\u00edbles. Un vistazo de brocha gorda como se ha llegado a comentar entre los asistentes al pase de prensa, un quiero y no puedo. El drama no se aprecia en ning\u00fan momento, ni el conflicto entre personajes y realidades, llegando a convertirse la cinta en grotesca, muy poco veros\u00edmil y humor\u00edstica, sin pretenderlo.<\/p>\n<p>El reparto no consigue levantar lo que puede ser la peor, o una de las peores, pel\u00edculas de la <strong>Secci\u00f3n oficial<\/strong>\u00a0de este <strong>63 Festival de San Sebasti\u00e1n<\/strong>. <strong>Uribe<\/strong>\u00a0puede estar tranquilo, no optaba a premios, aunque tampoco iba a ganar alguno de llegar a optar a ellos.<\/p>\n<p><strong>Lo mejor<\/strong>: El t\u00edtulo, es bonito.<\/p>\n<p><strong>Lo peor<\/strong>: La brocha gorda con la que se trata todo.<\/p>\n<p><a href=\"\/fotograma\/wp-content\/uploads\/sites\/71\"><img loading=\"lazy\" class=\"aligncenter size-medium wp-image-83\" title=\"2\" src=\"\/fotograma\/wp-content\/uploads\/sites\/71\/2014\/11\/2.png\" alt=\"\" width=\"300\" height=\"29\" srcset=\"https:\/\/static-blogs.diariovasco.com\/wp-content\/uploads\/sites\/71\/2014\/11\/2.png 564w, https:\/\/static-blogs.diariovasco.com\/wp-content\/uploads\/sites\/71\/2014\/11\/2-300x30.png 300w\" sizes=\"(max-width: 300px) 100vw, 300px\" \/><\/a><\/p>\n<p><iframe loading=\"lazy\" src=\"https:\/\/www.youtube.com\/embed\/6cFcMlEK7t8\" frameborder=\"0\" width=\"560\" height=\"315\"><\/iframe><\/p>\n<p><strong><img loading=\"lazy\" class=\"alignleft\" title=\"Freeheld\" src=\"\/\/pics.filmaffinity.com\/Freeheld-110072805-large.jpg\" alt=\"\" width=\"210\" height=\"311\" \/>FREEHELD\u00a0<\/strong>&#8211; Secci\u00f3n oficial<\/p>\n<p><strong>T\u00edtulo original:<\/strong>\u00a0Freeheld<\/p>\n<p><strong>A\u00f1o<\/strong>: 2015<\/p>\n<p><strong>Duraci\u00f3n<\/strong>: 103 minutos<\/p>\n<p><strong>Pa\u00eds<\/strong>: Estados Unidos<\/p>\n<p><strong>Director<\/strong>: Peter Sollett<\/p>\n<p><strong>Guion<\/strong>: Ron Nyswaner<\/p>\n<p><strong>M\u00fasica<\/strong>: Hans Zimmer y Johnny Marr<\/p>\n<p><strong>Fotograf\u00eda<\/strong>: Maryse Alberti<\/p>\n<p><strong>Reparto<\/strong>:\u00a0Julianne Moore,\u00a0Ellen Page,\u00a0Michael Shannon,\u00a0Steve Carell,\u00a0Luke Grimes,\u00a0Mary Birdsong,\u00a0Gabriel Luna,\u00a0Skipp Sudduth,\u00a0Suzanne Savoy,\u00a0Jeannine Kaspar,\u00a0Michael Metta,\u00a0Crawford M. Collins,\u00a0Stink Fisher,\u00a0Ramon Aleman y\u00a0Robbie Tann<\/p>\n<p><strong>Productora<\/strong>: Incognito Pictures \/ Endgame Entertainment \/ Double Feature Films<\/p>\n<p><strong>G\u00e9nero<\/strong>: Drama<\/p>\n<p>Basada en la historia real de Stacie Andree, una mec\u00e1nica de coches de Nueva Jersey, y su novia Laurel Hester, una agente de polic\u00eda. Ambas lucharon para que a Laurel se le concediera una pensi\u00f3n despu\u00e9s de que le fuera diagnosticada una enfermedad terminal.\u00a0(<a href=\"http:\/\/www.filmaffinity.com\/es\/film591470.html\">FilmAffinity<\/a>)<\/p>\n<p>Gracias <strong>Peter Sollett<\/strong>, <strong>Julianne Moore<\/strong>, <strong>Ellen Page<\/strong>, <strong>Steve Carell<\/strong>, <strong>Michael Shannon<\/strong>\u00a0y todo el reparto y equipo de <strong>&#8216;Freeheld&#8217;<\/strong>\u00a0por traernos la \u00fanica pel\u00edcula interesante del d\u00eda. El drama de la historia de la lucha por la pensi\u00f3n para una para una pareja lesbiana, registrada como pareja de hecho, cuando una de estas cae enferma terminal. En el a\u00f1o 2002 no hab\u00eda matrimonio entre personas del mismo sexo en Nueva Jersey, se aprob\u00f3 11 a\u00f1os despu\u00e9s.<\/p>\n<p>El reparto est\u00e1 de lujo, con <strong>Julianne Moore<\/strong>, repitiendo el papel de enferma, en este caso de c\u00e1ncer, tras <strong>&#8216;Siempre Alice&#8217;<\/strong>, y <strong>Ellen Page<\/strong>\u00a0a la cabeza, llevando a la gran pantalla el emocionante discurso que pronunci\u00f3 tras salir del armario hace algo m\u00e1s de un a\u00f1o. <strong>Steve Carell<\/strong>\u00a0y <strong>Michael Shannon<\/strong>\u00a0aportan los roles masculinos en unos papeles que interpretan a la perfecci\u00f3n.<\/p>\n<p>El filme emociona, invita a luchar por la igualdad, el amor y, sobre todo, por la justicia. La \u00fanica pel\u00edcula que me ha hecho llorar, y el cine es en definitiva eso, emoci\u00f3n, sentimiento, traspasar la pantalla.<\/p>\n<p>S\u00ed, de acuerdo, peca de comercial y de ser muy del tono de pel\u00edcula que suele ser premiada en los <strong>\u00d3scars<\/strong>, \u00bfy qu\u00e9? No puedo con el snobismo, elitismo y postureo de algunos cr\u00edticos que elogian todo lo indie, cine de autor, de g\u00e9nero o alternativo, mientras que lo comercial les asquea. Por joyas como esta <strong>&#8216;Freeheld&#8217;<\/strong>\u00a0el cine comercial merece la pena. Algunos, en el pase de prensa, afirmaban que esta es una pel\u00edcula de sobremesa en Antena 3&#8230; ya quisieran tener fines de semana con pel\u00edculas as\u00ed en la cadena de San Sebasti\u00e1n de los Reyes.<\/p>\n<p>Primer doble aplauso final, prolongados ambos, y la primera vez que he apreciado al p\u00fablico conmovido de verdad. Es el poder del cine, poder que deber\u00eda ser recompensado en este Festival.<\/p>\n<p><strong>Lo mejor<\/strong>: Un reparto de lujo y una historia cre\u00edble y conmovedora.<\/p>\n<p><strong>Lo peor<\/strong>: Venga, va, es comercial, es que no le encuentro nada malo.<\/p>\n<p><a href=\"\/fotograma\/wp-content\/uploads\/sites\/71\/2014\/11\/95.png\"><img loading=\"lazy\" class=\"aligncenter size-medium wp-image-98\" title=\"9,5\" src=\"\/fotograma\/wp-content\/uploads\/sites\/71\/2014\/11\/95.png\" alt=\"\" width=\"300\" height=\"29\" srcset=\"https:\/\/static-blogs.diariovasco.com\/wp-content\/uploads\/sites\/71\/2014\/11\/95.png 564w, https:\/\/static-blogs.diariovasco.com\/wp-content\/uploads\/sites\/71\/2014\/11\/95-300x30.png 300w\" sizes=\"(max-width: 300px) 100vw, 300px\" \/><\/a><\/p>\n<p><iframe loading=\"lazy\" src=\"https:\/\/www.youtube.com\/embed\/blk27Jj9UE8\" frameborder=\"0\" width=\"560\" height=\"315\"><\/iframe><\/p>\n<p>Puedes releer las entregas sobre las pel\u00edculas del\u00a0<strong>63\u00a0Festival de San Sebasti\u00e1n<\/strong>:<\/p>\n<p><a title=\"D\u00edas de Festival 1: \u2018Regresi\u00f3n\u2019 y \u2018Truman\u2019\" href=\"https:\/\/blogs.diariovasco.com\/fotograma\/2015\/09\/18\/dias-de-festival-1-regresion-y-truman\/\"><strong>D\u00edas de Festival 1<\/strong>: \u2018Regresi\u00f3n\u2019 y \u2018Truman\u2019<\/a><\/p>\n<p><a title=\"D\u00edas de Festival 2: \u2018Sunset Song\u2019, \u2018Evolution\u2019 y \u2018Mi gran noche\u2019\" href=\"https:\/\/blogs.diariovasco.com\/fotograma\/2015\/09\/19\/dias-de-festival-2-sunset-song-evolution-y-mi-gran-noche\/\"><strong>D\u00edas de Festival 2<\/strong>: \u2018Sunset Song\u2019, \u2018Evolution\u2019 y \u2018Mi gran noche\u2019<\/a><\/p>\n<p><a title=\"D\u00edas de Festival 3: \u201921 nuits avec Pattie\u2019, \u2018Sparrows\u2019 y \u2018Amama\u2019\" href=\"https:\/\/blogs.diariovasco.com\/fotograma\/2015\/09\/20\/dias-de-festival-3-21-nuits-avec-pattie-sparrows-y-amama\/\"><strong>D\u00edas de Festival 3<\/strong>: \u201921 noches con Pattie\u2019, \u2018Sparrows\u2019 y \u2018Amama\u2019<\/a><\/p>\n<p><a title=\"D\u00edas de Festival 4: \u2018Eva no duerme\u2019, \u2018High-rise\u2019 y \u2018Hitchcock\/Truffaut\u2019\" href=\"https:\/\/blogs.diariovasco.com\/fotograma\/2015\/09\/21\/dias-de-festival-4-eva-no-duerme-high-rise-y-hitchcocktruffaut\/\"><strong>D\u00edas de Festival 4<\/strong>: \u2018Eva no duerme\u2019, \u2018High-rise\u2019 y \u2018Hitchcock\/Truffaut\u2019<\/a><\/p>\n<p><a title=\"D\u00edas de Festival 5: \u2018Bakemono no Ko\u2019, \u2018El ap\u00f3stata\u2019 y \u2018Taxi Teher\u00e1n\u2019\" href=\"https:\/\/blogs.diariovasco.com\/fotograma\/2015\/09\/22\/dias-de-festival-5-bakemono-no-ko-el-apostata-y-taxi-teheran\/\"><strong>D\u00edas de Festival 5<\/strong>: \u2018The Boy and The Beast (Bakemono no Ko)\u2019, \u2018El ap\u00f3stata\u2019 y \u2018Taxi Teher\u00e1n\u2019<\/a><\/p>\n<p><a title=\"D\u00edas de Festival 7: \u2018Les chevaliers blancs\u2019, \u2018Back to the north\u2019 y \u2018El hijo de Sa\u00fal\u2019\" href=\"https:\/\/blogs.diariovasco.com\/fotograma\/2015\/09\/24\/dias-de-festival-7-les-chevaliers-blancs-back-to-the-north-y-el-hijo-de-saul\/\"><strong>D\u00edas de Festival 7<\/strong>: \u2018Les caballeros blancos (Les chevaliers blancs)\u2019, \u2018Back to the north\u2019 y \u2018El hijo de Sa\u00fal\u2019<\/a><\/p>\n<p><a title=\"D\u00edas de Festival 8: \u2018Un dia perfecte per volar\u2019, \u2018Les d\u00e9mons\u2019 y \u2018London Road\u2019\" href=\"https:\/\/blogs.diariovasco.com\/fotograma\/2015\/09\/25\/dias-de-festival-8-un-dia-perfecte-per-volar-les-demons-y-london-road\/\"><strong>D\u00edas de Festival 8<\/strong>: \u2018Un d\u00eda perfecto para volar\u2019, \u2018Les d\u00e9mons\u2019 y \u2018London Road\u2019<\/a><\/p>\n","protected":false},"excerpt":{"rendered":"<p>EL REY DE LA HABANA &#8211; Secci\u00f3n oficial T\u00edtulo original:\u00a0El Rey de La Habana A\u00f1o: 2015 Duraci\u00f3n: 125 minutos Pa\u00eds: Espa\u00f1a Director: Agust\u00ed Villaronga Guion:\u00a0Agust\u00ed Villaronga M\u00fasica: Joan Valent Fotograf\u00eda: Josep Mar\u00eda Civit Reparto:\u00a0Maykol David,\u00a0Yordanka Ariosa,\u00a0H\u00e9ctor Medina,\u00a0Ileana Wilson,\u00a0Chanel Terrero y\u00a0Jazz Vila Productora: Pandora Cinema \/ Tusitala \/ Esencia Films G\u00e9nero: Drama Reinaldo, un adolescente reci\u00e9n [&hellip;]<\/p>\n","protected":false},"author":101,"featured_media":0,"comment_status":"open","ping_status":"closed","sticky":false,"template":"","format":"standard","meta":[],"categories":[11,14],"tags":[65,228,283,461,555,625,726,758,775,900,947,1011,1050,1056,1059,1071,1163,1187,1197,1339,1374,1439,1547,1557,1598,1700,1735,1787,1790,1952,2028,2082,2145,2319,2362,2373,2384,2608,2620],"_links":{"self":[{"href":"https:\/\/blogs.diariovasco.com\/fotograma\/wp-json\/wp\/v2\/posts\/206"}],"collection":[{"href":"https:\/\/blogs.diariovasco.com\/fotograma\/wp-json\/wp\/v2\/posts"}],"about":[{"href":"https:\/\/blogs.diariovasco.com\/fotograma\/wp-json\/wp\/v2\/types\/post"}],"author":[{"embeddable":true,"href":"https:\/\/blogs.diariovasco.com\/fotograma\/wp-json\/wp\/v2\/users\/101"}],"replies":[{"embeddable":true,"href":"https:\/\/blogs.diariovasco.com\/fotograma\/wp-json\/wp\/v2\/comments?post=206"}],"version-history":[{"count":0,"href":"https:\/\/blogs.diariovasco.com\/fotograma\/wp-json\/wp\/v2\/posts\/206\/revisions"}],"wp:attachment":[{"href":"https:\/\/blogs.diariovasco.com\/fotograma\/wp-json\/wp\/v2\/media?parent=206"}],"wp:term":[{"taxonomy":"category","embeddable":true,"href":"https:\/\/blogs.diariovasco.com\/fotograma\/wp-json\/wp\/v2\/categories?post=206"},{"taxonomy":"post_tag","embeddable":true,"href":"https:\/\/blogs.diariovasco.com\/fotograma\/wp-json\/wp\/v2\/tags?post=206"}],"curies":[{"name":"wp","href":"https:\/\/api.w.org\/{rel}","templated":true}]}}