{"id":2081,"date":"2019-07-16T09:00:52","date_gmt":"2019-07-16T07:00:52","guid":{"rendered":"https:\/\/blogs.diariovasco.com\/fotograma\/?p=2081"},"modified":"2019-07-08T15:44:41","modified_gmt":"2019-07-08T13:44:41","slug":"sons-of-denmark","status":"publish","type":"post","link":"https:\/\/blogs.diariovasco.com\/fotograma\/2019\/07\/16\/sons-of-denmark\/","title":{"rendered":"&#8216;Sons of Denmark&#8217;: los peligros de los extremismos"},"content":{"rendered":"<p><strong><img loading=\"lazy\" class=\"alignleft wp-image-2084\" src=\"https:\/\/static-blogs.diariovasco.com\/wp-content\/uploads\/sites\/71\/2019\/07\/sons-denmark-cartel.jpg\" alt=\"Sons of Denmark\" width=\"307\" height=\"453\" srcset=\"https:\/\/static-blogs.diariovasco.com\/wp-content\/uploads\/sites\/71\/2019\/07\/sons-denmark-cartel.jpg 307w, https:\/\/static-blogs.diariovasco.com\/wp-content\/uploads\/sites\/71\/2019\/07\/sons-denmark-cartel-203x300.jpg 203w\" sizes=\"(max-width: 307px) 100vw, 307px\" \/>SONS OF DENMARK<\/strong><\/p>\n<p><strong>T\u00edtulo original<\/strong>: Danmarks s\u00f8nner<\/p>\n<p><strong>A\u00f1o<\/strong>: 2019<\/p>\n<p><strong>Duraci\u00f3n<\/strong>: 120 minutos<\/p>\n<p><strong>Pa\u00eds<\/strong>:\u00a0Dinamarca<\/p>\n<p><strong>Direcci\u00f3n<\/strong>:\u00a0<span class=\"director\">Ulaa Salim<\/span><\/p>\n<p><strong>Guion<\/strong>:\u00a0<span class=\"nb\">Ulaa Salim<\/span><\/p>\n<p><strong>M\u00fasica<\/strong>:\u00a0<span class=\"nb\">Lewand Othman<\/span><\/p>\n<p><strong>Fotograf\u00eda<\/strong>:\u00a0<span class=\"nb\">Eddie Klint<\/span><\/p>\n<p><strong>Reparto<\/strong>:\u00a0<span class=\"cast\">Zaki Youssef,<\/span>\u00a0<span class=\"cast\">Imad Abul-Foul,<\/span>\u00a0<span class=\"cast\">Rasmus Bjerg,<\/span>\u00a0<span class=\"cast\">Olaf Johannessen,<\/span>\u00a0<span class=\"cast\">Morten Holst,<\/span><span class=\"cast\">Elliott Crosset Hove,<\/span>\u00a0<span class=\"cast\">Mohammed Ismail Mohammed\u00a0y<\/span>\u00a0<span class=\"cast\">\u00d6zlem Saglanmak<\/span><\/p>\n<p><strong>Productora<\/strong>:\u00a0<span class=\"nb\">Hy\u00e6ne Film \/ Det Danske Filminstitut<\/span><\/p>\n<p><strong>G\u00e9nero<\/strong>:\u00a0Drama \/\u00a0Thriller<\/p>\n<p><strong>Sinopsis<\/strong>: Tras el aniversario de un atentado islamista en Copenhague, la extrema derecha sube en las encuestas electorales, la radicalizaci\u00f3n se ha intensificado y la tensi\u00f3n racial ha crecido. Dos j\u00f3venes que no ven con buenos ojos c\u00f3mo va Dinamarca, deciden actuar. (<a href=\"https:\/\/www.filmaffinity.com\/es\/film815153.html\" target=\"_blank\" rel=\"nofollow\">FilmAffinity<\/a>)<\/p>\n<p><strong>&#8216;Sons of Denmark&#8217;<\/strong> es una de las pel\u00edculas que m\u00e1s est\u00e1n dando que hablar \u00faltimamente, y parte del\u00a0<strong>Atl\u00e1ntida Film Fest<\/strong> que est\u00e1 disponible en\u00a0<strong>Filmin<\/strong> hasta el 1 de agosto de 2019. Una pel\u00edcula de Dinamarca que trata el tema del extremismo pol\u00edtico, del terrorismo y de la mentalidad ultranacionalista que est\u00e1 inundando el norte de Europa, y en concreto Dinamarca.<\/p>\n<p>La cinta sigue la historia de un polic\u00eda que se infiltra en un grupo que pretende atentar contra el l\u00edder del partido de extrema derecha, y favorito para ganar las elecciones. El grupo, formado por inmigrantes de pa\u00edses musulmanes pretende denunciar de esta manera su precaria situaci\u00f3n, y acabar con el principal foco de odio hacia ellos.<\/p>\n<p><strong>&#8216;Sons of Denmark&#8217;<\/strong> puede parecer una pel\u00edcula que justifica el terrorismo, por humanizar a los terroristas y su entorno, pero es lo que le toca hacer. Los espectadores daneses que la ven no necesitan conocer c\u00f3mo son los daneses, cu\u00e1les son sus odios, sus miedos o su manera de comportarse. Es importante ense\u00f1ar que detr\u00e1s de esos extremistas de otra religi\u00f3n y otro pa\u00eds tambi\u00e9n hay personas, hay gente que va cada d\u00eda a trabajar, gente que intenta salir adelante a pesar de que la sociedad se lo pone realmente dif\u00edcil. Si no vemos que el que tenemos delante, y creemos que es muy diferente a nosotros, tambi\u00e9n tiene familia, amigos, trabajo y derecho a vivir en libertad no valdr\u00e1 de nada.<\/p>\n<p>La pel\u00edcula de\u00a0<strong>Ulaa Salim<\/strong> pasa por alto muchas cosas. Su an\u00e1lisis de la situaci\u00f3n es en ocasiones excesivamente superficial. No profundiza en la contraparte, en los grupos de extrema derecha que ganan elecciones gracias al miedo de la gente, esos grupos que se aprovechan de la debilidad y la ignorancia de la gente para crecer. Su segunda mitad se observa mucho m\u00e1s atropellada, una sucesi\u00f3n de escenas y situaciones que deben conducir al final inevitable.<\/p>\n<p><img loading=\"lazy\" class=\"aligncenter size-full wp-image-2082\" src=\"https:\/\/static-blogs.diariovasco.com\/wp-content\/uploads\/sites\/71\/2019\/07\/sons-denmark-2.jpg\" alt=\"Sons of Denmark\" width=\"628\" height=\"353\" srcset=\"https:\/\/static-blogs.diariovasco.com\/wp-content\/uploads\/sites\/71\/2019\/07\/sons-denmark-2.jpg 628w, https:\/\/static-blogs.diariovasco.com\/wp-content\/uploads\/sites\/71\/2019\/07\/sons-denmark-2-300x169.jpg 300w\" sizes=\"(max-width: 628px) 100vw, 628px\" \/><\/p>\n<p>En cambio, la primera mitad de la pel\u00edcula funciona perfectamente. Es un estudio m\u00e1s completo de personajes, que permite profundizar en estos grupos terroristas, en estas situaciones familiares, en estas personas a las que ponemos nombre pero no rostro. Por esto, la visita a la casa de uno de los terroristas, el centro donde el cabecilla de la banda da de comer a los refugiados sirios o la situaci\u00f3n familiar del polic\u00eda infiltrado est\u00e1n entre lo mejor de la cinta.<\/p>\n<p>En cuanto al retrato de la extrema derecha tenemos ligeras pinceladas, nada excesivo, pero suficiente para asustar a cualquier espectador con un poco de coraz\u00f3n. Esta visi\u00f3n se complementa con la visi\u00f3n \u00e1rabe de lo que se est\u00e1 cocinando en Europa, lo que la sociedad europea est\u00e1 dejando entrar de nuevo a las instituciones. Todo lo que est\u00e1 hecho desde la perspectiva \u00e1rabe en\u00a0<strong>&#8216;Sons of Denmark&#8217;<\/strong> es brillante, se nota m\u00e1s cuidado y atenci\u00f3n en esta visi\u00f3n.<\/p>\n<p>Quien vea la pel\u00edcula desde una \u00f3ptica simplista podr\u00e1 entender que la pel\u00edcula justifica los actos violentos para terminar con la intolerancia, pero nada m\u00e1s lejos de la realidad.\u00a0<strong>&#8216;Sons of Denmark&#8217;<\/strong> es antes que nada una llamada de auxilio ante los peligros de los extremismos. Un toque de atenci\u00f3n a sociedades acomodadas que est\u00e1n repitiendo el mismo sendero que llev\u00f3 a Europa a los peores a\u00f1os de su historia hace 80 a\u00f1os, ante ayer.<\/p>\n<p><strong>Lo mejor<\/strong>: La primera parte y la visi\u00f3n desde dentro de la comunidad \u00e1rabe.<\/p>\n<p><strong>Lo peor<\/strong>: Peca de superficial, especialmente en la segunda mitad. Tiene un final demasiado atropellado.<\/p>\n<p><img loading=\"lazy\" class=\"aligncenter size-medium wp-image-94\" src=\"https:\/\/static-blogs.diariovasco.com\/wp-content\/uploads\/sites\/71\/2014\/11\/75-300x30.png\" alt=\"Sons of Denmark\" width=\"300\" height=\"30\" srcset=\"https:\/\/static-blogs.diariovasco.com\/wp-content\/uploads\/sites\/71\/2014\/11\/75-300x30.png 300w, https:\/\/static-blogs.diariovasco.com\/wp-content\/uploads\/sites\/71\/2014\/11\/75.png 564w\" sizes=\"(max-width: 300px) 100vw, 300px\" \/><\/p>\n<p><iframe loading=\"lazy\" width=\"500\" height=\"281\" src=\"https:\/\/www.youtube.com\/embed\/6Hlzjp9IFYI?feature=oembed\" frameborder=\"0\" allow=\"accelerometer; autoplay; encrypted-media; gyroscope; picture-in-picture\" allowfullscreen><\/iframe><\/p>\n","protected":false},"excerpt":{"rendered":"<p>&#8216;Sons of Denmark&#8217; es antes que nada una llamada de auxilio ante los peligros de los extremismos. Un toque de atenci\u00f3n a sociedades acomodadas que est\u00e1n repitiendo el mismo sendero que llev\u00f3 a Europa a los peores a\u00f1os de su historia hace 80 a\u00f1os, ante ayer<\/p>\n","protected":false},"author":101,"featured_media":2083,"comment_status":"open","ping_status":"closed","sticky":false,"template":"","format":"standard","meta":[],"categories":[11,18],"tags":[5640,5636,5632,5637,5635,5634,5638,5633,5641,5639,5631],"_links":{"self":[{"href":"https:\/\/blogs.diariovasco.com\/fotograma\/wp-json\/wp\/v2\/posts\/2081"}],"collection":[{"href":"https:\/\/blogs.diariovasco.com\/fotograma\/wp-json\/wp\/v2\/posts"}],"about":[{"href":"https:\/\/blogs.diariovasco.com\/fotograma\/wp-json\/wp\/v2\/types\/post"}],"author":[{"embeddable":true,"href":"https:\/\/blogs.diariovasco.com\/fotograma\/wp-json\/wp\/v2\/users\/101"}],"replies":[{"embeddable":true,"href":"https:\/\/blogs.diariovasco.com\/fotograma\/wp-json\/wp\/v2\/comments?post=2081"}],"version-history":[{"count":1,"href":"https:\/\/blogs.diariovasco.com\/fotograma\/wp-json\/wp\/v2\/posts\/2081\/revisions"}],"predecessor-version":[{"id":2085,"href":"https:\/\/blogs.diariovasco.com\/fotograma\/wp-json\/wp\/v2\/posts\/2081\/revisions\/2085"}],"wp:featuredmedia":[{"embeddable":true,"href":"https:\/\/blogs.diariovasco.com\/fotograma\/wp-json\/wp\/v2\/media\/2083"}],"wp:attachment":[{"href":"https:\/\/blogs.diariovasco.com\/fotograma\/wp-json\/wp\/v2\/media?parent=2081"}],"wp:term":[{"taxonomy":"category","embeddable":true,"href":"https:\/\/blogs.diariovasco.com\/fotograma\/wp-json\/wp\/v2\/categories?post=2081"},{"taxonomy":"post_tag","embeddable":true,"href":"https:\/\/blogs.diariovasco.com\/fotograma\/wp-json\/wp\/v2\/tags?post=2081"}],"curies":[{"name":"wp","href":"https:\/\/api.w.org\/{rel}","templated":true}]}}