{"id":2117,"date":"2019-07-30T09:00:43","date_gmt":"2019-07-30T07:00:43","guid":{"rendered":"https:\/\/blogs.diariovasco.com\/fotograma\/?p=2117"},"modified":"2019-07-27T14:20:48","modified_gmt":"2019-07-27T12:20:48","slug":"midsommar","status":"publish","type":"post","link":"https:\/\/blogs.diariovasco.com\/fotograma\/2019\/07\/30\/midsommar\/","title":{"rendered":"&#8216;Midsommar&#8217;: \u00bf&#8217;El hombre de mimbre&#8217; del siglo XXI?"},"content":{"rendered":"<p><strong><img loading=\"lazy\" class=\"alignleft wp-image-2120\" src=\"https:\/\/static-blogs.diariovasco.com\/wp-content\/uploads\/sites\/71\/2019\/07\/midsommar-cartel.jpg\" alt=\"Midsommar\" width=\"307\" height=\"453\" srcset=\"https:\/\/static-blogs.diariovasco.com\/wp-content\/uploads\/sites\/71\/2019\/07\/midsommar-cartel.jpg 307w, https:\/\/static-blogs.diariovasco.com\/wp-content\/uploads\/sites\/71\/2019\/07\/midsommar-cartel-203x300.jpg 203w\" sizes=\"(max-width: 307px) 100vw, 307px\" \/>MIDSOMMAR<\/strong><\/p>\n<p><strong>T\u00edtulo original<\/strong>: Midsommar<\/p>\n<p><strong>A\u00f1o<\/strong>: 2019<\/p>\n<p><strong>Duraci\u00f3n<\/strong>: 145 minutos<\/p>\n<p><strong>Pa\u00eds<\/strong>:\u00a0Estados Unidos<\/p>\n<p><strong>Direcci\u00f3n<\/strong>:\u00a0<span class=\"director\">Ari Aster<\/span><\/p>\n<p><strong>Guion<\/strong>:\u00a0<span class=\"nb\">Ari Aster<\/span><\/p>\n<p><strong>M\u00fasica<\/strong>:\u00a0<span class=\"nb\">Bobby Krlic<\/span><\/p>\n<p><strong>Fotograf\u00eda<\/strong>:\u00a0<span class=\"nb\">Pawel Pogorzelski<\/span><\/p>\n<p><strong>Reparto<\/strong>:\u00a0<span class=\"cast\">Florence Pugh,<\/span>\u00a0<span class=\"cast\">Jack Reynor,<\/span>\u00a0<span class=\"cast\">Will Poulter,<\/span>\u00a0<span class=\"cast\">William Jackson Harper,<\/span>\u00a0<span class=\"cast\">Ellora Torchia,<\/span><span class=\"cast\">Archie Madekwe,<\/span>\u00a0<span class=\"cast\">Vilhelm Blomgren,<\/span>\u00a0<span class=\"cast\">Julia Ragnarsson,<\/span>\u00a0<span class=\"cast\">Anna \u00c5str\u00f6m,<\/span>\u00a0<span class=\"cast\">Anki Larsson,<\/span><span class=\"cast\">Lars V\u00e4ringer y<\/span>\u00a0<span class=\"cast\">Katarina Weidhagen van Hal<\/span><\/p>\n<p><strong>Productora<\/strong>:\u00a0<span class=\"nb\">B-Reel Films \/ Parts and Labor\u00a0\/ A24<\/span><\/p>\n<p><strong>G\u00e9nero<\/strong>: Thriller \/\u00a0Terror \/\u00a0Drama<\/p>\n<p><strong>Sinopsis<\/strong>: Una pareja estadounidense que no est\u00e1 pasando por su mejor momento acude con unos amigos al Midsommar, un festival de verano que se celebra cada 90 a\u00f1os en una aldea remota de Suecia. Lo que comienza como unas vacaciones de ensue\u00f1o en un lugar en el que el sol no se pone nunca, poco a poco se convierte en una oscura pesadilla cuando los misteriosos aldeanos les invitan a participar en sus perturbadoras actividades festivas. (<a href=\"https:\/\/www.filmaffinity.com\/es\/film599419.html\" target=\"_blank\" rel=\"nofollow\">FilmAffinity<\/a>)<\/p>\n<p>Cuando uno ve\u00a0<strong>&#8216;Midsommar&#8217;<\/strong> es imposible no acordarse de\u00a0<strong>&#8216;<a href=\"https:\/\/blogs.diariovasco.com\/fotograma\/2015\/06\/26\/el-hombre-de-mimbre-choque-de-religiones\/\" target=\"_blank\">El hombre de mimbre<\/a>&#8216;<\/strong>, la excelente pel\u00edcula que protagoniz\u00f3\u00a0<a href=\"https:\/\/blogs.diariovasco.com\/fotograma\/2015\/12\/16\/star-wars-episodio-iii-la-venganza-de-los-sith-cierre-por-todo-lo-alto-de-la-segunda-trilogia\/\" target=\"_blank\"><strong>Christopher Lee<\/strong><\/a>. Hay muchos paralelismos entre la cinta de\u00a0<strong>Robin Hardy<\/strong> y la de\u00a0<strong>Ari Aster<\/strong>, aunque est\u00e9n separadas por casi 50 a\u00f1os una de otra. Eso s\u00ed ambas pel\u00edculas terminan dejando un extra\u00f1o regusto final de incertidumbre ante lo que se ha visto, una sensaci\u00f3n encontrada que se va tornando en satisfacci\u00f3n con el paso del tiempo.<\/p>\n<p>Pero centr\u00e1ndome primero en\u00a0<strong>&#8216;Midsommar&#8217;<\/strong>, la pel\u00edcula del director\u00a0<strong>&#8216;Hereditary&#8217;<\/strong> explora las religiones paganas, la interferencia de extranjeros en otras culturas y la vida rural, con una brutal cr\u00edtica hacia el turista estadounidense que se cree due\u00f1a de todo. La cinta, calificada como de terror, ahonda m\u00e1s en la intriga, dejando en el aire continuas preguntas, desconcertando al espectador y aturdi\u00e9ndolo a ratos.<\/p>\n<p>He expresado en otras ocasiones mi gusto por las pel\u00edculas de terror que no recurren a la oscuridad para dar miedo. Es un recurso excesivamente manido y el buen terror dar\u00e1 miedo igualmente estemos bajo el sol continuamente, como es el caso, o en la oscuridad. Ahora bien, la luz se vuelve aqu\u00ed un personaje m\u00e1s. Para quienes hemos estado en Escandinavia en verano no nos extra\u00f1a que el cielo est\u00e9 azul y el sol brille pr\u00e1cticamente 24 horas al d\u00eda, conocido este efecto como el sol de medianoche. En ning\u00fan momento sabemos si estamos &#8220;de d\u00eda&#8221; o &#8220;de noche&#8221;. Esta p\u00e9rdida de la noci\u00f3n del tiempo inquieta, atormenta y perturba a los personajes de tal manera que, como es normal, los descoloca.<\/p>\n<p><img loading=\"lazy\" class=\"aligncenter size-full wp-image-2118\" src=\"https:\/\/static-blogs.diariovasco.com\/wp-content\/uploads\/sites\/71\/2019\/07\/midsommar-2.jpg\" alt=\"Midsommar\" width=\"628\" height=\"353\" srcset=\"https:\/\/static-blogs.diariovasco.com\/wp-content\/uploads\/sites\/71\/2019\/07\/midsommar-2.jpg 628w, https:\/\/static-blogs.diariovasco.com\/wp-content\/uploads\/sites\/71\/2019\/07\/midsommar-2-300x169.jpg 300w\" sizes=\"(max-width: 628px) 100vw, 628px\" \/><\/p>\n<p>Pero no solo la luz funciona aqu\u00ed como elemento aterrador. El ritmo tambi\u00e9n lo hace.\u00a0<strong>Ari Aster<\/strong> se toma con pausa cada momento de la pel\u00edcula. Esto es un ritual religioso, de varios d\u00edas, tiene su tempo. Las cosas no corren a toda prisa como en una ciudad. As\u00ed se explica c\u00f3mo en la escena de la cantera, muy seguramente la que m\u00e1s comentarios generar\u00e1, el ritual avanza muy lentamente hacia un final que todos los espectadores nos esperamos y que, por muy desagradable que resulte, no podemos dejar de mirar.<\/p>\n<p>Y vamos con esas escenas, algunas las ver\u00e1n gratuitas, en las que\u00a0<strong>Ari Aster<\/strong> se recrea. El terror se vuelve violencia descarnada en varios momentos de la cinta. La cantera y el final son los m\u00e1s destacables. Y aunque nos resulte desagradable no apartamos la mirada. Porque lo mejor de\u00a0<strong>&#8216;Midsommar&#8217;<\/strong> es que te atrapa y quieres seguir viendo m\u00e1s y m\u00e1s. Es como una droga de la que no puedes despegarte.<\/p>\n<p>Pero volvamos a las similitudes con\u00a0<strong>&#8216;<a href=\"https:\/\/blogs.diariovasco.com\/fotograma\/2015\/06\/26\/el-hombre-de-mimbre-choque-de-religiones\/\" target=\"_blank\">El hombre de mimbre<\/a>&#8216;<\/strong>. Ambas pel\u00edculas son claras exponentes del llamado terror bajo el sol, el conocido como Sunny Scary. Pero tambi\u00e9n guardan parecido en un argumento que se basa en meter en un entorno extra\u00f1o a una o varias personas. Ese entorno no compartir\u00e1 las creencias religiosas de las personas introducidas.<\/p>\n<p>El choque cultural ya funciona como un punto interesante del argumento, y ya si lo sumamos a una vuelta de tuerca a antiguas tradiciones paganas est\u00e1 el espect\u00e1culo servido. Una cinta que camina hacia arriba todo el rato, aunque en algunos momentos peque de previsible.\u00a0<strong>&#8216;Midsommar&#8217;<\/strong> es un buen ejemplo de terror del siglo XXI con las mejores influencias posibles, las de\u00a0<strong>&#8216;<a href=\"https:\/\/blogs.diariovasco.com\/fotograma\/2015\/06\/26\/el-hombre-de-mimbre-choque-de-religiones\/\" target=\"_blank\">El hombre de mimbre<\/a>&#8216;<\/strong>.<\/p>\n<p><strong>Lo mejor<\/strong>: Aunque peca de previsible a ratos es imposible apartar la mirada de ella.<\/p>\n<p><strong>Lo peor<\/strong>: Toda la parte inicial se la podr\u00edan ahorrar, no nos interesa demasiado conocer el drama del personaje de\u00a0<strong><a href=\"https:\/\/blogs.diariovasco.com\/fotograma\/2016\/09\/19\/dias-de-festival-4-que-dios-nos-perdone-lady-macbeth-compte-tes-blessures-y-porto\/\" target=\"_blank\">Florence Pugh<\/a>\u00a0<\/strong>para disfrutar de su personaje, el mejor de toda la pel\u00edcula gracias a su brillante interpretaci\u00f3n.<\/p>\n<p><img loading=\"lazy\" class=\"aligncenter size-medium wp-image-94\" src=\"https:\/\/static-blogs.diariovasco.com\/wp-content\/uploads\/sites\/71\/2014\/11\/75-300x30.png\" alt=\"7,5\" width=\"300\" height=\"30\" srcset=\"https:\/\/static-blogs.diariovasco.com\/wp-content\/uploads\/sites\/71\/2014\/11\/75-300x30.png 300w, https:\/\/static-blogs.diariovasco.com\/wp-content\/uploads\/sites\/71\/2014\/11\/75.png 564w\" sizes=\"(max-width: 300px) 100vw, 300px\" \/><\/p>\n<p><iframe loading=\"lazy\" width=\"500\" height=\"281\" src=\"https:\/\/www.youtube.com\/embed\/LNeM6wQhcJY?feature=oembed\" frameborder=\"0\" allow=\"accelerometer; autoplay; encrypted-media; gyroscope; picture-in-picture\" allowfullscreen><\/iframe><\/p>\n","protected":false},"excerpt":{"rendered":"<p>&#8216;Midsommar&#8217;, la pel\u00edcula del director &#8216;Hereditary&#8217; explora las religiones paganas, la interferencia de extranjeros en otras culturas y la vida rural, con una brutal cr\u00edtica hacia el turista estadounidense que se cree due\u00f1a de todo<\/p>\n","protected":false},"author":101,"featured_media":2119,"comment_status":"open","ping_status":"closed","sticky":false,"template":"","format":"standard","meta":[],"categories":[11,17,18],"tags":[5703,5702,5699,5694,5698,866,5696,5701,5705,5704,5695,5700,2573,5697],"_links":{"self":[{"href":"https:\/\/blogs.diariovasco.com\/fotograma\/wp-json\/wp\/v2\/posts\/2117"}],"collection":[{"href":"https:\/\/blogs.diariovasco.com\/fotograma\/wp-json\/wp\/v2\/posts"}],"about":[{"href":"https:\/\/blogs.diariovasco.com\/fotograma\/wp-json\/wp\/v2\/types\/post"}],"author":[{"embeddable":true,"href":"https:\/\/blogs.diariovasco.com\/fotograma\/wp-json\/wp\/v2\/users\/101"}],"replies":[{"embeddable":true,"href":"https:\/\/blogs.diariovasco.com\/fotograma\/wp-json\/wp\/v2\/comments?post=2117"}],"version-history":[{"count":1,"href":"https:\/\/blogs.diariovasco.com\/fotograma\/wp-json\/wp\/v2\/posts\/2117\/revisions"}],"predecessor-version":[{"id":2121,"href":"https:\/\/blogs.diariovasco.com\/fotograma\/wp-json\/wp\/v2\/posts\/2117\/revisions\/2121"}],"wp:featuredmedia":[{"embeddable":true,"href":"https:\/\/blogs.diariovasco.com\/fotograma\/wp-json\/wp\/v2\/media\/2119"}],"wp:attachment":[{"href":"https:\/\/blogs.diariovasco.com\/fotograma\/wp-json\/wp\/v2\/media?parent=2117"}],"wp:term":[{"taxonomy":"category","embeddable":true,"href":"https:\/\/blogs.diariovasco.com\/fotograma\/wp-json\/wp\/v2\/categories?post=2117"},{"taxonomy":"post_tag","embeddable":true,"href":"https:\/\/blogs.diariovasco.com\/fotograma\/wp-json\/wp\/v2\/tags?post=2117"}],"curies":[{"name":"wp","href":"https:\/\/api.w.org\/{rel}","templated":true}]}}