{"id":2139,"date":"2019-08-22T08:42:49","date_gmt":"2019-08-22T06:42:49","guid":{"rendered":"https:\/\/blogs.diariovasco.com\/fotograma\/?p=2139"},"modified":"2019-08-22T08:42:49","modified_gmt":"2019-08-22T06:42:49","slug":"el-hijo","status":"publish","type":"post","link":"https:\/\/blogs.diariovasco.com\/fotograma\/2019\/08\/22\/el-hijo\/","title":{"rendered":"&#8216;El hijo&#8217;: thriller de sobremesa eficaz"},"content":{"rendered":"<p><strong><img loading=\"lazy\" class=\"alignleft wp-image-2164\" src=\"https:\/\/static-blogs.diariovasco.com\/wp-content\/uploads\/sites\/71\/2019\/08\/el-hijo-cartel.jpg\" alt=\"El hijo\" width=\"307\" height=\"453\" srcset=\"https:\/\/static-blogs.diariovasco.com\/wp-content\/uploads\/sites\/71\/2019\/08\/el-hijo-cartel.jpg 307w, https:\/\/static-blogs.diariovasco.com\/wp-content\/uploads\/sites\/71\/2019\/08\/el-hijo-cartel-203x300.jpg 203w\" sizes=\"(max-width: 307px) 100vw, 307px\" \/>EL HIJO<\/strong><\/p>\n<p><strong>T\u00edtulo original<\/strong>: El hijo<\/p>\n<p><strong>A\u00f1o<\/strong>: 2019<\/p>\n<p><strong>Duraci\u00f3n<\/strong>: 92 minutos<\/p>\n<p><strong>Pa\u00eds<\/strong>:\u00a0Argentina<\/p>\n<p><strong>Direcci\u00f3n<\/strong>:\u00a0<span class=\"director\">Sebasti\u00e1n Schindel<\/span><\/p>\n<p><strong>Guion<\/strong>:\u00a0<span class=\"nb\">Leonel D&#8217;Agostino<\/span><\/p>\n<p><strong>M\u00fasica<\/strong>:\u00a0<span class=\"nb\">Iv\u00e1n Wyszogrod<\/span><\/p>\n<p><strong>Fotograf\u00eda<\/strong>:\u00a0<span class=\"nb\">Guillermo Nieto<\/span><\/p>\n<p><strong>Reparto<\/strong>:\u00a0<span class=\"cast\">Joaqu\u00edn Furriel,<\/span>\u00a0<span class=\"cast\">Martina Gusman,<\/span>\u00a0<span class=\"cast\">Luciano C\u00e1ceres,<\/span>\u00a0<span class=\"cast\">Heidi Toini\u00a0y<\/span>\u00a0<span class=\"cast\">Regina Lamm<\/span><\/p>\n<p><strong>Productora<\/strong>:\u00a0<span class=\"nb\">Buffalo Films<\/span><\/p>\n<p><strong>G\u00e9nero<\/strong>:\u00a0Thriller<\/p>\n<p><strong>Sinopsis<\/strong>: Lorenzo, un pintor de unos 50 a\u00f1os, reconstruye su vida luego de unos tiempos dif\u00edciles. Se encuentra ansioso por el hijo que tendr\u00e1 con su nueva mujer, Sigrid. Durante el embarazo, ella empieza a tener cierto comportamiento obsesivo y malicioso, que tensa la relaci\u00f3n entre ambos. La situaci\u00f3n se complejiza y las emociones no parecen est\u00e1n controladas por la pareja. Con el nacimiento del beb\u00e9, los conflictos se agudizan y el v\u00ednculo entre ellos se torna oscuro y peligroso, hacia un lugar casi sin retorno. (<a href=\"https:\/\/www.filmaffinity.com\/es\/film565973.html\" target=\"_blank\" rel=\"nofollow\">FilmAffinity<\/a>)<\/p>\n<p>Hay ocasiones que deben aprovecharse, y ocasiones que se ve a la legua que no se han aprovechado como deber\u00edan. El caso de la pel\u00edcula\u00a0<strong>&#8216;El hijo&#8217;<\/strong> es una de estas ocasiones que dejan el regusto de estar a medio gas. Podr\u00eda haber sido un thriller realmente potente, pero se queda en un thriller de sobremesa, eso s\u00ed, eficaz.<\/p>\n<p>Nos cuenta la historia de Lorenzo, un pintor argentino, y su pareja, Sigrid, una mujer m\u00e1s joven y extranjera. La pareja intenta por todos los medios quedarse embarazada y cuando lo consiguen las cosas empiezan a cambiar. Ella se vuelve enormemente celosa de su hijo y lo alejar\u00e1 todo posible de su marido con la ayuda de una matrona noruega. \u00c9l, obsesionado, intentar\u00e1 abrirse camino, llegar hasta el hijo, pero fallando estrepitosamente.<\/p>\n<p><strong>&#8216;El hijo&#8217;<\/strong> funciona especialmente cuando el foco de atenci\u00f3n se quita de\u00a0<strong>Joaqu\u00edn Furriel<\/strong>, protagonista de la cinta, y se centra m\u00e1s en qu\u00e9 es lo que est\u00e1 pasando realmente, es decir, en el ni\u00f1o. Los momentos donde el misterio que rodea al peque\u00f1o se vuelven protagonistas funcionan m\u00e1s que bien, aunque sean del nivel de un thriller est\u00e1ndar. Sentimos la necesidad de saber qu\u00e9 pasa con ese ni\u00f1o, qu\u00e9 secreto esconde.<\/p>\n<p><img loading=\"lazy\" class=\"aligncenter size-full wp-image-2163\" src=\"https:\/\/static-blogs.diariovasco.com\/wp-content\/uploads\/sites\/71\/2019\/08\/el-hijo-1.jpg\" alt=\"El hijo\" width=\"628\" height=\"353\" srcset=\"https:\/\/static-blogs.diariovasco.com\/wp-content\/uploads\/sites\/71\/2019\/08\/el-hijo-1.jpg 628w, https:\/\/static-blogs.diariovasco.com\/wp-content\/uploads\/sites\/71\/2019\/08\/el-hijo-1-300x169.jpg 300w\" sizes=\"(max-width: 628px) 100vw, 628px\" \/><\/p>\n<p>En cambio,\u00a0<strong>Sebasti\u00e1n Schindel<\/strong>, nos plantea una pel\u00edcula desde los ojos del padre,\u00a0<strong>Joaqu\u00edn Furriel<\/strong>. Le acompa\u00f1amos en su descenso a la locura, en la obsesi\u00f3n que se crea dentro de \u00e9l y en su frustraci\u00f3n. La pel\u00edcula lo pinta de v\u00edctima, y en cierta medida llegamos a verle de esta manera porque sabemos que parte de una posici\u00f3n de debilidad en todo este asunto, pero no llegamos a conectar como deber\u00edamos. Tampoco lo hacemos con la madre,\u00a0<strong>Heidi Toini<\/strong>, que nos cae mal desde el inicio.<\/p>\n<p>En lo que s\u00ed funciona bien\u00a0<strong>&#8216;El hijo&#8217;<\/strong> es en la ambientaci\u00f3n. Los escenarios, la fotograf\u00eda y el ritmo acompa\u00f1an a la cinta, que, al menos en esto, no decae. Es cierto que el final resulta algo apresurado, pero nada que no podamos pasar por alto. Los escenarios, especialmente el de la casa, est\u00e1n conseguidos, lo que es de agradecer en una pel\u00edcula de este tipo, que trata de imbuirte de la locura de sus personajes.<\/p>\n<p>Otro problema es con el final. Bien, est\u00e1 perfecto si quiere dejar el suspense en lo alto y que sea el espectador quien encaje las piezas, pero no termina de funcionar del todo. No tenemos ninguna informaci\u00f3n que nos permita construirnos nuestro propio final, la pel\u00edcula est\u00e1 tan vac\u00eda de detalles para crear suspense que lastra el final. Una mirada de\u00a0<strong>Martina Gusman<\/strong> que solo nos dice que algo sorprendente pasa, pero nada m\u00e1s. Ese mismo final, con alg\u00fan detalle m\u00e1s repartido previamente por la pel\u00edcula habr\u00eda sido un bombazo.<\/p>\n<p><strong>Lo mejor<\/strong>: La ambientaci\u00f3n.<\/p>\n<p><strong>Lo peor<\/strong>: El final queda cojo.<\/p>\n<p><img loading=\"lazy\" class=\"aligncenter size-medium wp-image-91\" src=\"https:\/\/static-blogs.diariovasco.com\/wp-content\/uploads\/sites\/71\/2014\/11\/6-300x30.png\" alt=\"El hijo\" width=\"300\" height=\"30\" srcset=\"https:\/\/static-blogs.diariovasco.com\/wp-content\/uploads\/sites\/71\/2014\/11\/6-300x30.png 300w, https:\/\/static-blogs.diariovasco.com\/wp-content\/uploads\/sites\/71\/2014\/11\/6.png 564w\" sizes=\"(max-width: 300px) 100vw, 300px\" \/><\/p>\n<p><iframe loading=\"lazy\" width=\"500\" height=\"281\" src=\"https:\/\/www.youtube.com\/embed\/-4slFoJSrF0?feature=oembed\" frameborder=\"0\" allow=\"accelerometer; autoplay; encrypted-media; gyroscope; picture-in-picture\" allowfullscreen><\/iframe><\/p>\n","protected":false},"excerpt":{"rendered":"<p>En lo que s\u00ed funciona bien &#8216;El hijo&#8217; es en la ambientaci\u00f3n. Los escenarios, la fotograf\u00eda y el ritmo acompa\u00f1an a la cinta, que, al menos en esto, no decae<\/p>\n","protected":false},"author":101,"featured_media":2162,"comment_status":"open","ping_status":"closed","sticky":false,"template":"","format":"standard","meta":[],"categories":[18],"tags":[5762,5759,5756,5758,5757,5760,5761],"_links":{"self":[{"href":"https:\/\/blogs.diariovasco.com\/fotograma\/wp-json\/wp\/v2\/posts\/2139"}],"collection":[{"href":"https:\/\/blogs.diariovasco.com\/fotograma\/wp-json\/wp\/v2\/posts"}],"about":[{"href":"https:\/\/blogs.diariovasco.com\/fotograma\/wp-json\/wp\/v2\/types\/post"}],"author":[{"embeddable":true,"href":"https:\/\/blogs.diariovasco.com\/fotograma\/wp-json\/wp\/v2\/users\/101"}],"replies":[{"embeddable":true,"href":"https:\/\/blogs.diariovasco.com\/fotograma\/wp-json\/wp\/v2\/comments?post=2139"}],"version-history":[{"count":2,"href":"https:\/\/blogs.diariovasco.com\/fotograma\/wp-json\/wp\/v2\/posts\/2139\/revisions"}],"predecessor-version":[{"id":2165,"href":"https:\/\/blogs.diariovasco.com\/fotograma\/wp-json\/wp\/v2\/posts\/2139\/revisions\/2165"}],"wp:featuredmedia":[{"embeddable":true,"href":"https:\/\/blogs.diariovasco.com\/fotograma\/wp-json\/wp\/v2\/media\/2162"}],"wp:attachment":[{"href":"https:\/\/blogs.diariovasco.com\/fotograma\/wp-json\/wp\/v2\/media?parent=2139"}],"wp:term":[{"taxonomy":"category","embeddable":true,"href":"https:\/\/blogs.diariovasco.com\/fotograma\/wp-json\/wp\/v2\/categories?post=2139"},{"taxonomy":"post_tag","embeddable":true,"href":"https:\/\/blogs.diariovasco.com\/fotograma\/wp-json\/wp\/v2\/tags?post=2139"}],"curies":[{"name":"wp","href":"https:\/\/api.w.org\/{rel}","templated":true}]}}