{"id":218,"date":"2015-10-23T12:35:22","date_gmt":"2015-10-23T10:35:22","guid":{"rendered":"http:\/\/blogs.diariovasco.com\/fotograma\/?p=218"},"modified":"2015-10-23T12:35:22","modified_gmt":"2015-10-23T10:35:22","slug":"la-cumbre-escarlata-terror-gotico-tenido-de-rojo","status":"publish","type":"post","link":"https:\/\/blogs.diariovasco.com\/fotograma\/2015\/10\/23\/la-cumbre-escarlata-terror-gotico-tenido-de-rojo\/","title":{"rendered":"&#039;La cumbre escarlata&#039;, terror g\u00f3tico te\u00f1ido de rojo"},"content":{"rendered":"<p><img loading=\"lazy\" class=\"alignleft\" title=\"La cumbre escarlata\" src=\"\/\/pics.filmaffinity.com\/La_cumbre_escarlata-917113975-large.jpg\" alt=\"\" width=\"291\" height=\"432\" \/><\/p>\n<p><strong>LA CUMBRE ESCARLATA<\/strong><\/p>\n<p><strong>T\u00edtulo original<\/strong>: Crimson Peak<\/p>\n<p><strong>A\u00f1o<\/strong>: 2015<\/p>\n<p><strong>Duraci\u00f3n<\/strong>: 119 minutos<\/p>\n<p><strong>Pa\u00eds<\/strong>: Estados Unidos<\/p>\n<p><strong>Director<\/strong>: Guillermo del Toro<\/p>\n<p><strong>Guion<\/strong>: Guillermo del Toro, Matthew Robbins y Lucinda Coxon<\/p>\n<p><strong>M\u00fasica<\/strong>: Fernando Vel\u00e1zquez<\/p>\n<p><strong>Fotograf\u00eda<\/strong>: Dan Laustsen<\/p>\n<p><strong>Reparto<\/strong>:\u00a0Mia Wasikowska,\u00a0Jessica Chastain,\u00a0Tom Hiddleston,\u00a0Charlie Hunnam,\u00a0Doug Jones,\u00a0Javier Botet,\u00a0Jim Beaver,\u00a0Burn Gorman,\u00a0Leslie Hope,\u00a0Kimberly-Sue Murray,\u00a0Emily Coutts,\u00a0Gillian Ferrier,\u00a0Matia Jackett,\u00a0Martin Julien<\/p>\n<p><strong>Productora<\/strong>: Legendary Pictures \/ Universal Pictures<\/p>\n<p><strong>G\u00e9nero<\/strong>: Thriller \/ Terror \/ Rom\u00e1ntico<\/p>\n<p>Como consecuencia de una tragedia familiar, una escritora es incapaz de elegir entre el amor de su amigo de la infancia y la tentaci\u00f3n que representa un misterioso desconocido. En un intento por escapar de los fantasmas del pasado, se encuentra de pronto en una casa que respira, sangra\u2026 y recuerda. (<a title=\"La cumbre escarlata\" href=\"http:\/\/www.filmaffinity.com\/es\/film747765.html\">FilmAffinity<\/a>)<\/p>\n<p>El mexicano <strong>Guillermo del Toro<\/strong>\u00a0regresa a los ambientes g\u00f3ticos y terror\u00edficos con los que nos impresion\u00f3 en <strong>&#8216;El laberinto del fauno&#8217;<\/strong>. En esta, su nueva pel\u00edcula, <strong>del Toro<\/strong>, presenta una historia rom\u00e1ntica y decadente, envuelta en una serie de misterios, un impactante aura g\u00f3tica y el misterio de unos fantasmas, que no son m\u00e1s que met\u00e1foras del pasado, como llega a aclarar la protagonista del filme al inicio de la cinta, todo ello ba\u00f1ado en un cautivador e inquietante color rojo, presente en todo momento.<\/p>\n<p><strong>Del Toro<\/strong>\u00a0nos atrapa con el enorme poder visual que impregna toda la cinta, en escenarios perturbadores, oscuros, t\u00e9tricos, decadentes, demenciales y claustrof\u00f3bicos hace luchar a los personajes, y al propio espectador, a sus propios tormentos y fantasmas. Con una banda sonora muy cuidada, una fotograf\u00eda bell\u00edsima y un guion intenso tenemos un filme que har\u00e1 las delicias de los amantes del cine fant\u00e1stico, sobrenatural y con alguna pincelada de terror.<\/p>\n<p><img loading=\"lazy\" style=\"vertical-align: middle;\" src=\"\/\/wrongreel.com\/wp-content\/uploads\/2015\/10\/demon-ghost-from-crimson-peak-2015.jpg\" alt=\"\" width=\"1628\" height=\"877\" \/><\/p>\n<p>Es en el plano actoral donde se pueden encontrar las mayores diferencias y donde recaen los errores del filme. Encontramos por un lado a una excepcional <strong>Jessica Chastain<\/strong>, que pasa de mujer contenida a animal esc\u00e9nico en el \u00faltimo tercio de la pel\u00edcula, haci\u00e9ndose protagonista absoluta del cierre del filme. <strong>Chastain<\/strong>\u00a0(<strong><a title=\"\u2018Interstellar\u2019, la odisea espacial de Nolan\" href=\"https:\/\/blogs.diariovasco.com\/fotograma\/2014\/11\/14\/interstellar-la-odisea-espacial-de-nolan\/\">&#8216;Interstellar&#8217;<\/a><\/strong>) recuerda a la soberbia <strong>Eva Green<\/strong>\u00a0en la serie <strong>&#8216;Penny Dreadful&#8217;<\/strong>, inquietante, fr\u00eda, cautivadora y magn\u00e9tica al mismo tiempo. Junto a ella est\u00e1 un m\u00e1s que correcto <strong>Tom Hiddleston<\/strong>\u00a0(<strong><a title=\"D\u00edas de Festival 4: \u2018Eva no duerme\u2019, \u2018High-rise\u2019 y \u2018Hitchcock\/Truffaut\u2019\" href=\"https:\/\/blogs.diariovasco.com\/fotograma\/2015\/09\/21\/dias-de-festival-4-eva-no-duerme-high-rise-y-hitchcocktruffaut\/\">&#8216;High-Rise&#8217;<\/a><\/strong>), que sigue demostrando el enorme potencial que tiene como actor, su versatilidad y la fuerza que imprime en cada actuaci\u00f3n.<\/p>\n<p>Pero, adem\u00e1s de unos buenos <strong>Chastain <\/strong>y <strong>Hiddleston<\/strong>, tenemos a una floja <strong>Mia Wasikowska<\/strong>\u00a0y un olvidable <strong>Charlie Hunnam<\/strong>. La actriz protagonista de <strong>&#8216;Alicia en el pa\u00eds de las maravillas&#8217;<\/strong>\u00a0de <strong>Tim Burton<\/strong>\u00a0est\u00e1 fr\u00eda y no consigue conectar en ning\u00fan momento con el espectador. El papel de mujer fr\u00e1gil y enamoradiza se queda en nada al lado del magnetismo de sus compa\u00f1eros de reparto antes mencionados, en papeles mucho m\u00e1s agradecidos. Por su parte, <strong>Hunnam<\/strong>, el hombre que rechaz\u00f3 protagonizar <strong><a title=\"\u2018Cincuenta sombras de Grey\u2019 y 124 minutos de p\u00e9rdida de tiempo\" href=\"https:\/\/blogs.diariovasco.com\/fotograma\/2015\/02\/27\/cincuenta-sombras-de-grey-y-124-minutos-de-perdida-de-tiempo\/\">&#8216;Cincuenta sombras de Grey&#8217;<\/a><\/strong>,\u00a0aporta poco o nada, su participaci\u00f3n en la trama principal es todo menos interesante, sirviendo \u00fanicamente para desencadenar todav\u00eda m\u00e1s la locura de los personajes de <strong>Hiddleston <\/strong>y <strong>Chastain<\/strong>.<\/p>\n<p><img loading=\"lazy\" style=\"vertical-align: middle;\" src=\"\/\/www.blastr.com\/sites\/blastr\/files\/CrimsonPeakChastain.jpg\" alt=\"\" width=\"1000\" height=\"562\" \/><\/p>\n<p><strong>Lo mejor<\/strong>: la espectacular interpretaci\u00f3n de <strong>Jessica Chastain<\/strong>, en el papel de su vida.<\/p>\n<p><strong>Lo peor<\/strong>: <strong>Charlie Hunnam<\/strong>.<\/p>\n<p><a href=\"\/fotograma\/wp-content\/uploads\/sites\/71\/2014\/11\/75.png\"><img loading=\"lazy\" class=\"aligncenter size-medium wp-image-94\" title=\"7,5\" src=\"\/fotograma\/wp-content\/uploads\/sites\/71\/2014\/11\/75.png\" alt=\"\" width=\"300\" height=\"29\" srcset=\"https:\/\/static-blogs.diariovasco.com\/wp-content\/uploads\/sites\/71\/2014\/11\/75.png 564w, https:\/\/static-blogs.diariovasco.com\/wp-content\/uploads\/sites\/71\/2014\/11\/75-300x30.png 300w\" sizes=\"(max-width: 300px) 100vw, 300px\" \/><\/a><\/p>\n<p><iframe loading=\"lazy\" src=\"https:\/\/www.youtube.com\/embed\/OojCfDlxg5Q?rel=0\" frameborder=\"0\" width=\"560\" height=\"315\"><\/iframe><\/p>\n","protected":false},"excerpt":{"rendered":"<p>LA CUMBRE ESCARLATA T\u00edtulo original: Crimson Peak A\u00f1o: 2015 Duraci\u00f3n: 119 minutos Pa\u00eds: Estados Unidos Director: Guillermo del Toro Guion: Guillermo del Toro, Matthew Robbins y Lucinda Coxon M\u00fasica: Fernando Vel\u00e1zquez Fotograf\u00eda: Dan Laustsen Reparto:\u00a0Mia Wasikowska,\u00a0Jessica Chastain,\u00a0Tom Hiddleston,\u00a0Charlie Hunnam,\u00a0Doug Jones,\u00a0Javier Botet,\u00a0Jim Beaver,\u00a0Burn Gorman,\u00a0Leslie Hope,\u00a0Kimberly-Sue Murray,\u00a0Emily Coutts,\u00a0Gillian Ferrier,\u00a0Matia Jackett,\u00a0Martin Julien Productora: Legendary Pictures \/ Universal Pictures [&hellip;]<\/p>\n","protected":false},"author":101,"featured_media":0,"comment_status":"open","ping_status":"closed","sticky":false,"template":"","format":"standard","meta":[],"categories":[14,17,18],"tags":[413,469,697,784,942,977,1178,1229,1244,1458,1545,1693,1710,1757,2471],"_links":{"self":[{"href":"https:\/\/blogs.diariovasco.com\/fotograma\/wp-json\/wp\/v2\/posts\/218"}],"collection":[{"href":"https:\/\/blogs.diariovasco.com\/fotograma\/wp-json\/wp\/v2\/posts"}],"about":[{"href":"https:\/\/blogs.diariovasco.com\/fotograma\/wp-json\/wp\/v2\/types\/post"}],"author":[{"embeddable":true,"href":"https:\/\/blogs.diariovasco.com\/fotograma\/wp-json\/wp\/v2\/users\/101"}],"replies":[{"embeddable":true,"href":"https:\/\/blogs.diariovasco.com\/fotograma\/wp-json\/wp\/v2\/comments?post=218"}],"version-history":[{"count":0,"href":"https:\/\/blogs.diariovasco.com\/fotograma\/wp-json\/wp\/v2\/posts\/218\/revisions"}],"wp:attachment":[{"href":"https:\/\/blogs.diariovasco.com\/fotograma\/wp-json\/wp\/v2\/media?parent=218"}],"wp:term":[{"taxonomy":"category","embeddable":true,"href":"https:\/\/blogs.diariovasco.com\/fotograma\/wp-json\/wp\/v2\/categories?post=218"},{"taxonomy":"post_tag","embeddable":true,"href":"https:\/\/blogs.diariovasco.com\/fotograma\/wp-json\/wp\/v2\/tags?post=218"}],"curies":[{"name":"wp","href":"https:\/\/api.w.org\/{rel}","templated":true}]}}