{"id":2187,"date":"2021-10-05T09:00:27","date_gmt":"2021-10-05T07:00:27","guid":{"rendered":"https:\/\/blogs.diariovasco.com\/fotograma\/?p=2187"},"modified":"2021-07-15T18:30:16","modified_gmt":"2021-07-15T16:30:16","slug":"prisioneros","status":"publish","type":"post","link":"https:\/\/blogs.diariovasco.com\/fotograma\/2021\/10\/05\/prisioneros\/","title":{"rendered":"&#8216;Prisioneros&#8217;: un thriller que roza la perfecci\u00f3n"},"content":{"rendered":"<p><strong><img loading=\"lazy\" class=\"alignleft wp-image-2194\" src=\"https:\/\/static-blogs.diariovasco.com\/wp-content\/uploads\/sites\/71\/2019\/08\/prisioneros-cartel.jpg\" alt=\"Prisioneros\" width=\"307\" height=\"453\" srcset=\"https:\/\/static-blogs.diariovasco.com\/wp-content\/uploads\/sites\/71\/2019\/08\/prisioneros-cartel.jpg 307w, https:\/\/static-blogs.diariovasco.com\/wp-content\/uploads\/sites\/71\/2019\/08\/prisioneros-cartel-203x300.jpg 203w\" sizes=\"(max-width: 307px) 100vw, 307px\" \/>PRISIONEROS<\/strong><\/p>\n<p><strong>T\u00edtulo original<\/strong>: Prisoners<\/p>\n<p><strong>A\u00f1o<\/strong>: 2013<\/p>\n<p><strong>Duraci\u00f3n<\/strong>: 153 minutos<\/p>\n<p><strong>Pa\u00eds<\/strong>:\u00a0Estados Unidos<\/p>\n<p><strong>Direcci\u00f3n<\/strong>:\u00a0<span class=\"director\">Denis Villeneuve<\/span><\/p>\n<p><strong>Guion<\/strong>:\u00a0<span class=\"nb\">Aaron Guzikowski<\/span><\/p>\n<p><strong>M\u00fasica<\/strong>:\u00a0<span class=\"nb\">J\u00f3hann J\u00f3hannsson<\/span><\/p>\n<p><strong>Fotograf\u00eda<\/strong>:\u00a0<span class=\"nb\">Roger Deakins<\/span><\/p>\n<p><strong>Reparto<\/strong>:\u00a0<span class=\"cast\">Hugh Jackman,<\/span>\u00a0<span class=\"cast\">Jake Gyllenhaal,<\/span>\u00a0<span class=\"cast\">Viola Davis,<\/span>\u00a0<span class=\"cast\">Maria Bello,<\/span>\u00a0<span class=\"cast\">Terrence Howard,<\/span><span class=\"cast\">Melissa Leo,<\/span>\u00a0<span class=\"cast\">Paul Dano,<\/span>\u00a0<span class=\"cast\">David Dastmalchian,<\/span>\u00a0<span class=\"cast\">Dylan Minnette,<\/span>\u00a0<span class=\"cast\">Erin Gerasimovich,<\/span><span class=\"cast\">Kyla Drew Simmons,<\/span>\u00a0<span class=\"cast\">Zoe Soul,<\/span>\u00a0<span class=\"cast\">Len Cariou,<\/span>\u00a0<span class=\"cast\">Wayne Duvall y<\/span>\u00a0<span class=\"cast\">Sandra Ellis Laffert<\/span><\/p>\n<p><strong>Productora<\/strong>:\u00a0<span class=\"nb\">Alcon Entertainment \/ 8:38 Productions \/ Madhouse Entertainment \/ Warner Bros.<\/span><\/p>\n<p><strong>G\u00e9nero<\/strong>:\u00a0Thriller \/\u00a0Drama<\/p>\n<p><strong>Sinopsis<\/strong>: Keller Dover se enfrenta a la peor de las pesadillas: Anna, su hija de seis a\u00f1os, ha desaparecido con su amiga Joy y, a medida que pasa el tiempo, el p\u00e1nico lo va dominando. Desesperado, decide ocuparse personalmente del asunto. Pero, \u00bfhasta d\u00f3nde est\u00e1 dispuesto a llegar para averiguar el paradero de su hija? (<a href=\"https:\/\/www.filmaffinity.com\/es\/film276566.html\" target=\"_blank\" rel=\"nofollow noopener\">FilmAffinity<\/a>)<\/p>\n<p>En el a\u00f1o 2013 un entonces desconocido\u00a0<a href=\"https:\/\/blogs.diariovasco.com\/fotograma\/2017\/02\/16\/la-llegada-ciencia-ficcion-del-mas-alto-nivel\/\" target=\"_blank\" rel=\"noopener\"><strong>Denis Villeneuve<\/strong><\/a> dio el salto de su Canad\u00e1 natal a Estados Unidos. Todo lo que vino despu\u00e9s es ya historia.\u00a0<strong>&#8216;Sicario&#8217;<\/strong>,\u00a0<strong>&#8216;<a href=\"https:\/\/blogs.diariovasco.com\/fotograma\/2017\/02\/16\/la-llegada-ciencia-ficcion-del-mas-alto-nivel\/\" target=\"_blank\" rel=\"noopener\">La llegada<\/a>&#8216;<\/strong>,\u00a0<strong>&#8216;<a href=\"https:\/\/blogs.diariovasco.com\/fotograma\/2017\/02\/16\/la-llegada-ciencia-ficcion-del-mas-alto-nivel\/\" target=\"_blank\" rel=\"noopener\">Blade Runner 2049<\/a>&#8216;<\/strong> y, la futura,\u00a0<strong>&#8216;Dune&#8217;<\/strong>. Un director que vino para quedarse y que se estren\u00f3 en Hollywood con un sobresaliente thriller con un reparto de altura y una trama que te dejar\u00e1 pegado a la butaca.<\/p>\n<p><strong>&#8216;Prisioneros&#8217;<\/strong> es la historia de la desparici\u00f3n de dos ni\u00f1as y su posterior b\u00fasqueda. A priori estamos ante una pel\u00edcula t\u00edpica del g\u00e9nero. Vemos c\u00f3mo los padres afrontan el dolor, c\u00f3mo la polic\u00eda trata de encontrar a las ni\u00f1as y c\u00f3mo se resuelve el caso. S\u00ed, un thriller polic\u00edaco de libro. Entonces, \u00bfpor qu\u00e9 todo el mundo habla maravillas de ella? Por todo lo extra que el director aporta.<\/p>\n<p><strong>&#8216;Prisioneros&#8217;<\/strong> est\u00e1 especialmente bien ambientada. La sombr\u00eda y lluviosa peque\u00f1a localidad estadounidense donde se sit\u00faan los hechos ya nos sumerge en el ambiente desasosegante y tenebroso de la historia. El ambiente cerrado, oscuro, lleno de grises y totalmente falto de colores oprime a los personajes y al propio espectador.<\/p>\n<p><img loading=\"lazy\" class=\"aligncenter size-full wp-image-2192\" src=\"https:\/\/static-blogs.diariovasco.com\/wp-content\/uploads\/sites\/71\/2019\/08\/prisioneros-2.jpg\" alt=\"Prisioneros\" width=\"628\" height=\"353\" srcset=\"https:\/\/static-blogs.diariovasco.com\/wp-content\/uploads\/sites\/71\/2019\/08\/prisioneros-2.jpg 628w, https:\/\/static-blogs.diariovasco.com\/wp-content\/uploads\/sites\/71\/2019\/08\/prisioneros-2-300x169.jpg 300w\" sizes=\"(max-width: 628px) 100vw, 628px\" \/><\/p>\n<p>El manejo del ritmo, una de las se\u00f1as de identidad de\u00a0<a href=\"https:\/\/blogs.diariovasco.com\/fotograma\/2017\/10\/13\/blade-runner-2049\/\" target=\"_blank\" rel=\"noopener\"><strong>Villeneuve<\/strong><\/a>, viaja aqu\u00ed con total libertad. Nos encontramos con una pel\u00edcula pausada, medida con meticulosidad y que no decae en ning\u00fan momento a pesar de su extensa duraci\u00f3n. Sorprendentemente, para una pel\u00edcula sin demasiada palabra y con una tem\u00e1tica tan vista, la cinta consigue que durante casi dos horas y media no despeguemos los ojos de la pantalla.\u00a0<a href=\"https:\/\/blogs.diariovasco.com\/fotograma\/2017\/02\/16\/la-llegada-ciencia-ficcion-del-mas-alto-nivel\/\" target=\"_blank\" rel=\"noopener\"><strong>Villeneuve<\/strong><\/a> logra que ni se haga pesada ni tan rutinaria y t\u00edpica como cabr\u00eda esperar.<\/p>\n<p>En lugar de saber como espectadores d\u00f3nde est\u00e1n y qu\u00e9 ha sido de las ni\u00f1as, la pel\u00edcula nos omite esta informaci\u00f3n y nos hace part\u00edcipes del proceso de b\u00fasqueda. As\u00ed, con unas peque\u00f1as pinceladas de informaci\u00f3n, como espectadores podemos ir deshojando la margarita hasta dar con la respuesta final. La cinta est\u00e1 hecha espectacularmente, con un dise\u00f1o llamativo y cuidado, por eso, con posteriores visionados podremos encontrar peque\u00f1as pistas que en una primera ocasi\u00f3n pasamos por alto.<\/p>\n<p>Pero no solo el director eleva\u00a0<strong>&#8216;Prisioneros&#8217;<\/strong> al altar de los grandes thrillers, su reparto tambi\u00e9n tiene mucho que decir. Por un lado tenemos a\u00a0<a href=\"https:\/\/blogs.diariovasco.com\/fotograma\/2018\/09\/06\/el-gran-showman\/\" target=\"_blank\" rel=\"noopener\"><strong>Hugh Jackman<\/strong><\/a>, principal protagonista. Se trata de un padre de familia, cazador y protector en extremo que toma las riendas de la b\u00fasqueda por su cuenta. La monta\u00f1a rusa que supone este personaje es de lo m\u00e1s gratificante al ver\u00a0<strong>&#8216;Prisioneros&#8217;<\/strong>. Pasamos de dudar de \u00e9l a apreciarle, a cuestionarle, a apoyarle, a rechazarle y hasta a compadecernos de \u00e9l.\u00a0<a href=\"https:\/\/blogs.diariovasco.com\/fotograma\/2017\/03\/09\/logan-una-despedida-solemne-a-un-gran-personaje\/\" target=\"_blank\" rel=\"noopener\"><strong>Jackman<\/strong><\/a> lo da todo y saca jugo a un bomb\u00f3n de personaje.<\/p>\n<p>Su contrapunto es\u00a0<strong>Maria Bello<\/strong>, interpretando a su mujer. Mientras su marido se echa a la bebida y hace lo imposible por encontrar a su hija, ella se hunde hasta caer en la depresi\u00f3n.\u00a0Ella estalla ante su marido por no protegerlas, por no estar ah\u00ed.\u00a0<strong>Bello<\/strong> no tiene el protagonismo de\u00a0<a href=\"https:\/\/blogs.diariovasco.com\/fotograma\/2017\/03\/08\/lobezno-inmortal-simplifica-la-historia-y-saldras-ganando\/\" target=\"_blank\" rel=\"noopener\"><strong>Jackman<\/strong><\/a>, pero aprovecha excelentemente los minutos que tiene en pantalla.<\/p>\n<p>Por otro lado est\u00e1n los vecinos, los Birch, interpretados por\u00a0<a href=\"https:\/\/blogs.diariovasco.com\/fotograma\/2017\/02\/23\/fences-que-pasaria-si-quitamos-a-denzel-washington-y-viola-davis\/\" target=\"_blank\" rel=\"noopener\"><strong>Viola Davis<\/strong><\/a> y\u00a0<strong>Terrence Howard<\/strong>. Si bien son secundarios como\u00a0<strong>Bello<\/strong>, ellos representan otra forma de afrontar la p\u00e9rdida. Mientras\u00a0<a href=\"https:\/\/blogs.diariovasco.com\/fotograma\/2015\/04\/17\/el-truco-final-todo-efecto-magico-consta-de-tres-partes\/\" target=\"_blank\" rel=\"noopener\"><strong>Jackman<\/strong><\/a> est\u00e1 dispuesto a saltarse las normas, ellos prefieren seguir el camino correcto, apoyarse en las autoridades para encontrar a su hija. De los dos es\u00a0<a href=\"https:\/\/blogs.diariovasco.com\/fotograma\/2017\/02\/23\/fences-que-pasaria-si-quitamos-a-denzel-washington-y-viola-davis\/\" target=\"_blank\" rel=\"noopener\"><strong>Viola Davis<\/strong><\/a> quien destaca por una brillante escena en el ba\u00f1o junto a\u00a0<a href=\"https:\/\/blogs.diariovasco.com\/fotograma\/2015\/01\/30\/12-anos-de-esclavitud-la-gran-pelicula-del-2013\/\" target=\"_blank\" rel=\"noopener\"><strong>Paul Dano<\/strong><\/a>.<\/p>\n<p>Tambi\u00e9n tenemos a un m\u00e1s que consolidado\u00a0<a href=\"https:\/\/blogs.diariovasco.com\/fotograma\/2015\/01\/30\/12-anos-de-esclavitud-la-gran-pelicula-del-2013\/\" target=\"_blank\" rel=\"noopener\"><strong>Paul Dano<\/strong><\/a>. Siempre es un placer verle actuar, ya sea en una pel\u00edcula oscura como esta o en\u00a0<strong>&#8216;<a href=\"https:\/\/blogs.diariovasco.com\/fotograma\/2014\/12\/05\/pequena-miss-sunshine-sencillamente-brillante-y-brillantemente-sencilla\/\" target=\"_blank\" rel=\"noopener\">Peque\u00f1a Miss Sunshine<\/a>&#8216;<\/strong> donde se dio a conocer. El actor saca un enorme partido a su peculiar f\u00edsico para interpretar un personaje de muy pocas palabras y de enorme valor actoral. Lo mismo que\u00a0<a href=\"https:\/\/blogs.diariovasco.com\/fotograma\/2014\/11\/07\/el-juez-robert-downey-jr-a-por-el-oscar\/\" target=\"_blank\" rel=\"noopener\"><strong>Melissa Leo<\/strong><\/a>, que tampoco sale mucho, pero exprime todos los momentos al m\u00e1ximo. Ella da vida a la madre del personaje de\u00a0<a href=\"https:\/\/blogs.diariovasco.com\/fotograma\/2014\/12\/05\/pequena-miss-sunshine-sencillamente-brillante-y-brillantemente-sencilla\/\" target=\"_blank\" rel=\"noopener\"><strong>Dano<\/strong><\/a>, una perturbadora e inquietante mujer.<\/p>\n<p>Finalmente, tenemos al contrapunto de\u00a0<a href=\"https:\/\/blogs.diariovasco.com\/fotograma\/2016\/05\/25\/x-men-dias-del-futuro-pasado-gracias-por-volver-bryan-singer\/\" target=\"_blank\" rel=\"noopener\"><strong>Jackman<\/strong><\/a>,\u00a0<a href=\"https:\/\/blogs.diariovasco.com\/fotograma\/2018\/08\/30\/donnie-darko\/\" target=\"_blank\" rel=\"noopener\"><strong>Jake Gyllenhaal<\/strong><\/a>. El actor, que ya hab\u00eda trabajado con\u00a0<a href=\"https:\/\/blogs.diariovasco.com\/fotograma\/2017\/10\/13\/blade-runner-2049\/\" target=\"_blank\" rel=\"noopener\"><strong>Villeneuve<\/strong><\/a> en\u00a0<strong>&#8216;Enemy&#8217;<\/strong> saca petroleo del personaje del detective. Es el contrapunto perfecto para la violenta personalidad del protagonista. Un polic\u00eda solitario y peculiar, totalmente entregado a su trabajo y sin ninguna relaci\u00f3n humana fuera del trabajo. Particularmente prefiero la actuaci\u00f3n de\u00a0<strong><a href=\"https:\/\/blogs.diariovasco.com\/fotograma\/2017\/01\/26\/nightcrawler-jake-gyllenhaal-soberbio-critica\/\" target=\"_blank\" rel=\"noopener\">Gyllenhaal<\/a><\/strong> a la de\u00a0<strong><a href=\"https:\/\/blogs.diariovasco.com\/fotograma\/2018\/09\/06\/el-gran-showman\/\" target=\"_blank\" rel=\"noopener\">Jackman<\/a><\/strong>, creo que el personaje del polic\u00eda est\u00e1 mejor construido desde el punto de vista del trabajo actoral, mucho m\u00e1s matizado.<\/p>\n<p><strong>&#8216;Prisioneros&#8217;<\/strong> es ese thriller al que llegas sin esperarte nada y que cuando sales de la sala de cine te ha conquistado del todo. Una experiencia cinematogr\u00e1fica plenamente gratificante. Un thriller apasionante. Un m\u00e1s que estupendo aterrizaje de\u00a0<a href=\"https:\/\/blogs.diariovasco.com\/fotograma\/2017\/10\/13\/blade-runner-2049\/\" target=\"_blank\" rel=\"noopener\"><strong>Denis Villeneuve<\/strong><\/a> en Hollywood.<\/p>\n<p><strong>Lo mejor<\/strong>: La atm\u00f3sfera, la direcci\u00f3n y las interpretaciones.<\/p>\n<p><strong>Lo peor<\/strong>: Dura dos horas y media. Que a m\u00ed no me parece mal, pero habr\u00e1 a quien s\u00ed.<\/p>\n<p><img loading=\"lazy\" class=\"aligncenter size-medium wp-image-98\" src=\"https:\/\/static-blogs.diariovasco.com\/wp-content\/uploads\/sites\/71\/2014\/11\/95-300x30.png\" alt=\"Prisioneros\" width=\"300\" height=\"30\" srcset=\"https:\/\/static-blogs.diariovasco.com\/wp-content\/uploads\/sites\/71\/2014\/11\/95-300x30.png 300w, https:\/\/static-blogs.diariovasco.com\/wp-content\/uploads\/sites\/71\/2014\/11\/95.png 564w\" sizes=\"(max-width: 300px) 100vw, 300px\" \/><\/p>\n<p><iframe loading=\"lazy\" width=\"500\" height=\"281\" src=\"https:\/\/www.youtube.com\/embed\/Fy4LsPx4zac?feature=oembed\" frameborder=\"0\" allow=\"accelerometer; autoplay; clipboard-write; encrypted-media; gyroscope; picture-in-picture\" allowfullscreen><\/iframe><\/p>\n","protected":false},"excerpt":{"rendered":"<p>&#8216;Prisioneros&#8217; es ese thriller al que llegas sin esperarte nada y que cuando sales de la sala de cine te ha conquistado del todo. Una experiencia cinematogr\u00e1fica plenamente gratificante. Un thriller apasionante<\/p>\n","protected":false},"author":101,"featured_media":2193,"comment_status":"open","ping_status":"closed","sticky":false,"template":"","format":"standard","meta":[],"categories":[11,18],"tags":[614,2642,5793,5794,1034,1117,5795,5797,5791,1750,1983,5790,5789,5799,5792,2545,5798,5796],"_links":{"self":[{"href":"https:\/\/blogs.diariovasco.com\/fotograma\/wp-json\/wp\/v2\/posts\/2187"}],"collection":[{"href":"https:\/\/blogs.diariovasco.com\/fotograma\/wp-json\/wp\/v2\/posts"}],"about":[{"href":"https:\/\/blogs.diariovasco.com\/fotograma\/wp-json\/wp\/v2\/types\/post"}],"author":[{"embeddable":true,"href":"https:\/\/blogs.diariovasco.com\/fotograma\/wp-json\/wp\/v2\/users\/101"}],"replies":[{"embeddable":true,"href":"https:\/\/blogs.diariovasco.com\/fotograma\/wp-json\/wp\/v2\/comments?post=2187"}],"version-history":[{"count":4,"href":"https:\/\/blogs.diariovasco.com\/fotograma\/wp-json\/wp\/v2\/posts\/2187\/revisions"}],"predecessor-version":[{"id":2646,"href":"https:\/\/blogs.diariovasco.com\/fotograma\/wp-json\/wp\/v2\/posts\/2187\/revisions\/2646"}],"wp:featuredmedia":[{"embeddable":true,"href":"https:\/\/blogs.diariovasco.com\/fotograma\/wp-json\/wp\/v2\/media\/2193"}],"wp:attachment":[{"href":"https:\/\/blogs.diariovasco.com\/fotograma\/wp-json\/wp\/v2\/media?parent=2187"}],"wp:term":[{"taxonomy":"category","embeddable":true,"href":"https:\/\/blogs.diariovasco.com\/fotograma\/wp-json\/wp\/v2\/categories?post=2187"},{"taxonomy":"post_tag","embeddable":true,"href":"https:\/\/blogs.diariovasco.com\/fotograma\/wp-json\/wp\/v2\/tags?post=2187"}],"curies":[{"name":"wp","href":"https:\/\/api.w.org\/{rel}","templated":true}]}}