{"id":2197,"date":"2021-12-28T09:00:02","date_gmt":"2021-12-28T08:00:02","guid":{"rendered":"https:\/\/blogs.diariovasco.com\/fotograma\/?p=2197"},"modified":"2021-07-15T18:04:14","modified_gmt":"2021-07-15T16:04:14","slug":"los-santos-inocentes","status":"publish","type":"post","link":"https:\/\/blogs.diariovasco.com\/fotograma\/2021\/12\/28\/los-santos-inocentes\/","title":{"rendered":"&#8216;Los santos inocentes&#8217;: &#8220;Milana, bonita&#8221;"},"content":{"rendered":"<p><strong><img loading=\"lazy\" class=\"alignleft wp-image-2208\" src=\"https:\/\/static-blogs.diariovasco.com\/wp-content\/uploads\/sites\/71\/2019\/08\/santos-inocentes-cartel.jpg\" alt=\"Los santos inocentes\" width=\"307\" height=\"453\" srcset=\"https:\/\/static-blogs.diariovasco.com\/wp-content\/uploads\/sites\/71\/2019\/08\/santos-inocentes-cartel.jpg 307w, https:\/\/static-blogs.diariovasco.com\/wp-content\/uploads\/sites\/71\/2019\/08\/santos-inocentes-cartel-203x300.jpg 203w\" sizes=\"(max-width: 307px) 100vw, 307px\" \/>LOS SANTOS INOCENTES<\/strong><\/p>\n<p><strong>T\u00edtulo original<\/strong>: Los santos inocentes<\/p>\n<p><strong>A\u00f1o<\/strong>: 1984<\/p>\n<p><strong>Duraci\u00f3n<\/strong>: 103 minutos<\/p>\n<p><strong>Pa\u00eds<\/strong>:\u00a0Espa\u00f1a<\/p>\n<p><strong>Direcci\u00f3n<\/strong>:\u00a0<span class=\"director\">Mario Camus<\/span><\/p>\n<p><strong>Guion<\/strong>:\u00a0<span class=\"nb\">Mario Camus,<\/span>\u00a0<span class=\"nb\">Antonio Larreta y<\/span>\u00a0<span class=\"nb\">Manuel Matji (Novela: Miguel Delibes)<\/span><\/p>\n<p><strong>M\u00fasica<\/strong>:\u00a0<span class=\"nb\">Ant\u00f3n Garc\u00eda Abril<\/span><\/p>\n<p><strong>Fotograf\u00eda<\/strong>:\u00a0<span class=\"nb\">Hans Burmann<\/span><\/p>\n<p><strong>Reparto<\/strong>:\u00a0<span class=\"cast\">Alfredo Landa,<\/span>\u00a0<span class=\"cast\">Francisco Rabal,<\/span>\u00a0<span class=\"cast\">Juan Diego,<\/span>\u00a0<span class=\"cast\">Terele P\u00e1vez,<\/span>\u00a0<span class=\"cast\">Bel\u00e9n Ballesteros,<\/span><span class=\"cast\">Juan Sanchez,<\/span>\u00a0<span class=\"cast\">\u00c1gata Lys,<\/span>\u00a0<span class=\"cast\">Agust\u00edn Gonz\u00e1lez,<\/span>\u00a0<span class=\"cast\">Manuel Zarzo,<\/span>\u00a0<span class=\"cast\">Mary Carrillo,<\/span><span class=\"cast\">Jos\u00e9 Guardiola y<\/span>\u00a0<span class=\"cast\">Maribel Mart\u00edn<\/span><\/p>\n<p><strong>Productora<\/strong>:\u00a0<span class=\"nb\">Ganesh<\/span><\/p>\n<p><strong>G\u00e9nero<\/strong>:\u00a0Drama<\/p>\n<p><strong>Sinopsis<\/strong>: Espa\u00f1a franquista. Durante la d\u00e9cada de los sesenta, una familia de campesinos vive miserablemente en un cortijo extreme\u00f1o bajo la f\u00e9rula del terrateniente. Su vida es renuncia, sacrificio y y obediencia. Su destino est\u00e1 marcado, a no ser que alg\u00fan acontecimiento imprevisto les permita romper sus cadenas. Adaptaci\u00f3n de la novela hom\u00f3nima de Miguel Delibes. (<a href=\"https:\/\/www.filmaffinity.com\/es\/film879812.html\" target=\"_blank\" rel=\"nofollow noopener\">FilmAffinity<\/a>)<\/p>\n<p><strong>&#8216;Los santos inocentes&#8217;<\/strong> est\u00e1 considerada como una de las obras maestras del cine espa\u00f1ol. Una pel\u00edcula que aborda tem\u00e1ticas como la vida rural, las clases sociales, la caza, la religi\u00f3n o la perspectiva de futuro. La pel\u00edcula de\u00a0<strong>Mario Camus<\/strong> disecciona como ninguna esa Espa\u00f1a rural durante\u00a0la dictadura de Franco.<\/p>\n<p>De lo mejor que tiene\u00a0<strong>&#8216;Los santos inocentes&#8217;<\/strong> es su valor de refrescar la memoria de la sociedad. En un momento donde la vida rural ha quedado olvidada, ah\u00ed est\u00e1 la Espa\u00f1a vac\u00eda, recordar que hace no tanto en el campo ocurr\u00edan las cosas que esta cinta retrata.<\/p>\n<p>Vemos en <strong>&#8216;Los santos inocentes&#8217;<\/strong>\u00a0una Espa\u00f1a dividida en dos, qu\u00e9 raro, que por un lado domina con mano de hierro la vida rural (los se\u00f1oritos). Por otro lado, donde la cinta pone m\u00e1s el ojo, los sirvientes, la clase m\u00e1s baja. Los se\u00f1oritos tratan a estas personas como si fueran ganado, un animal m\u00e1s para arar el campo, como el perro que llevan los cazadores para recoger las piezas abatidas. A este nivel se mov\u00eda la sociedad hace no tanto. Me gustar\u00eda pensar que esta sociedad d\u00e9spota y totalitaria para con la gente del campo ha dejado de existir, aunque probablemente solo se haya transformado.<\/p>\n<p><strong>&#8216;Los santos inocentes&#8217;<\/strong> no es ning\u00fan prodigio audiovisual, ni lo pretende ser. Su valor no est\u00e1 en el c\u00f3mo, est\u00e1 en el qu\u00e9. Da igual la forma, la t\u00e9cnica o la banda sonora. Aqu\u00ed lo que destaca es un guion armado a las mil maravillas y unas interpretaciones de quitarse el sombrero.\u00a0<strong>&#8216;Los santos inocentes&#8217;<\/strong> es una historia de personajes, de relaciones humanas. Una historia que se huele, se respira, se siente.<\/p>\n<p><img loading=\"lazy\" class=\"aligncenter size-full wp-image-2206\" src=\"https:\/\/static-blogs.diariovasco.com\/wp-content\/uploads\/sites\/71\/2019\/08\/santos-inocentes-2.jpg\" alt=\"Los santos inocentes\" width=\"628\" height=\"353\" srcset=\"https:\/\/static-blogs.diariovasco.com\/wp-content\/uploads\/sites\/71\/2019\/08\/santos-inocentes-2.jpg 628w, https:\/\/static-blogs.diariovasco.com\/wp-content\/uploads\/sites\/71\/2019\/08\/santos-inocentes-2-300x169.jpg 300w\" sizes=\"(max-width: 628px) 100vw, 628px\" \/><\/p>\n<p>Muy interesante el paralelismo que se puede establecer entre el p\u00e1jaro de Azar\u00edas (<strong>Francisco Rabal<\/strong>), &#8220;Milana, bonita&#8221; y el propio servicio. Se encuentran enjaulados, sin oportunidad de salir. Sus due\u00f1os les dan de comer y les proveen de un hogar, min\u00fasculo y en unas condiciones deplorables. Los se\u00f1oritos necesitan de la servidumbre para limpiar la casa, servir la comida, organizar y gobernar la finca y cazar, pero los tratan como escoria. Y cuando el p\u00e1jaro echa a volar, en un peque\u00f1o momento de libertad, el se\u00f1orito se encarga de disparar para que el pajarillo no vuelva a volar.<\/p>\n<p>La servidumbre, encabezada por\u00a0un enorme\u00a0<strong>Alfredo Landa<\/strong> y una gran\u00a0<a href=\"https:\/\/blogs.diariovasco.com\/fotograma\/2017\/03\/28\/el-bar-el-mejor-alex-de-la-iglesia-en-mucho-tiempo\/\" target=\"_blank\" rel=\"noopener\"><strong>Terele P\u00e1vez<\/strong><\/a>, dicen a todo que s\u00ed, agachan la cabeza y sirven a sus se\u00f1ores en todo lo que haga falta. No cuestionan la autoridad, no cuestionan su situaci\u00f3n, no oponen resistencia. Es como el animal d\u00f3cil, entrenado para servir a un prop\u00f3sito, hasta que deja de ser \u00fatil, como les pasa a Azar\u00edas o Paco. En ese momento, Quirce (<strong>Juan S\u00e1nchez<\/strong>), toma el relevo de su padre para ir a cazar, pero este no muestra la servicialidad de su padre, no da las gracias, no acepta las migas de pan. Este hecho molesta profundamente al se\u00f1orito Iv\u00e1n (<strong>Juan Diego<\/strong>), quien no se siente c\u00f3modo teniendo al lado a alguien que le hace ver que aquello es una imposici\u00f3n. \u00c9l busca un animal domesticado, pero el hijo no lo es.<\/p>\n<p>Pero el verdadero inocente de la historia es Azar\u00edas (<strong>Francisco Rabal<\/strong>), quien desde la mirada de una persona con discapacidad ps\u00edquica. Es quien mejor congenia con Ni\u00f1a Chica, la hija menor de la familia y que padece una enfermedad. Es la mirada m\u00e1s infantil de la historia, la de un ni\u00f1o atrapado en el cuerpo de una persona mayor. Su don con las aves, a las que cuida con devoci\u00f3n, y el disparo de Iv\u00e1n, desatan el giro final. Solo una persona que no se ve enjaulada en esa prisi\u00f3n social donde vive esta familia, que no es consciente de la jaula, puede actuar de la manera en la que Azar\u00edas act\u00faa con el se\u00f1orito Iv\u00e1n.<\/p>\n<p>Es curioso el efecto que ese giro final genera en el espectador. Por un lado el alivio, por otro la alegr\u00eda, pero tambi\u00e9n el miedo y el temor. Las excelentes interpretaciones de\u00a0<strong>Rabal<\/strong>,\u00a0<strong>Landa<\/strong> o\u00a0<strong>Diego<\/strong> nos llevan a que esta culminaci\u00f3n la vivamos con el coraz\u00f3n en un pu\u00f1o. Ya nos hemos identificado con ellos, sentimos su causa, su dolor. Nos reconcome por dentro, porque esto, &#8220;Milana, bonita&#8221;, pasaba antes de ayer en Espa\u00f1a.<\/p>\n<p><strong>Lo mejor<\/strong>: Las interpretaciones son soberbias. Si hubieran existido los\u00a0<strong>Premios Goya<\/strong> en aquella \u00e9poca habr\u00eda arrasado en las categor\u00edas actorales.<\/p>\n<p><strong>Lo peor<\/strong>: No llegar\u00e1 a los que despotrican del cine espa\u00f1ol sin conocerlo.<\/p>\n<p><img loading=\"lazy\" class=\"aligncenter size-medium wp-image-98\" src=\"https:\/\/static-blogs.diariovasco.com\/wp-content\/uploads\/sites\/71\/2014\/11\/95-300x30.png\" alt=\"Los santos inocentes\" width=\"300\" height=\"30\" srcset=\"https:\/\/static-blogs.diariovasco.com\/wp-content\/uploads\/sites\/71\/2014\/11\/95-300x30.png 300w, https:\/\/static-blogs.diariovasco.com\/wp-content\/uploads\/sites\/71\/2014\/11\/95.png 564w\" sizes=\"(max-width: 300px) 100vw, 300px\" \/><\/p>\n<p><iframe loading=\"lazy\" width=\"500\" height=\"281\" src=\"https:\/\/www.youtube.com\/embed\/Sz9wArrcc-U?feature=oembed\" frameborder=\"0\" allow=\"accelerometer; autoplay; encrypted-media; gyroscope; picture-in-picture\" allowfullscreen><\/iframe><\/p>\n","protected":false},"excerpt":{"rendered":"<p>&#8216;Los santos inocentes&#8217; est\u00e1 considerada como una de las obras maestras del cine espa\u00f1ol. Una pel\u00edcula que aborda tem\u00e1ticas como la vida rural, las clases sociales, la caza, la religi\u00f3n o la perspectiva de futuro. La pel\u00edcula de Mario Camus disecciona como ninguna esa Espa\u00f1a rural durante la dictadura de Franco<\/p>\n","protected":false},"author":101,"featured_media":2207,"comment_status":"open","ping_status":"closed","sticky":false,"template":"","format":"standard","meta":[],"categories":[11],"tags":[5806,5466,5803,5804,5228,5808,3682,5805,5802,5807,5809,5800,5389,5801,2413],"_links":{"self":[{"href":"https:\/\/blogs.diariovasco.com\/fotograma\/wp-json\/wp\/v2\/posts\/2197"}],"collection":[{"href":"https:\/\/blogs.diariovasco.com\/fotograma\/wp-json\/wp\/v2\/posts"}],"about":[{"href":"https:\/\/blogs.diariovasco.com\/fotograma\/wp-json\/wp\/v2\/types\/post"}],"author":[{"embeddable":true,"href":"https:\/\/blogs.diariovasco.com\/fotograma\/wp-json\/wp\/v2\/users\/101"}],"replies":[{"embeddable":true,"href":"https:\/\/blogs.diariovasco.com\/fotograma\/wp-json\/wp\/v2\/comments?post=2197"}],"version-history":[{"count":3,"href":"https:\/\/blogs.diariovasco.com\/fotograma\/wp-json\/wp\/v2\/posts\/2197\/revisions"}],"predecessor-version":[{"id":2644,"href":"https:\/\/blogs.diariovasco.com\/fotograma\/wp-json\/wp\/v2\/posts\/2197\/revisions\/2644"}],"wp:featuredmedia":[{"embeddable":true,"href":"https:\/\/blogs.diariovasco.com\/fotograma\/wp-json\/wp\/v2\/media\/2207"}],"wp:attachment":[{"href":"https:\/\/blogs.diariovasco.com\/fotograma\/wp-json\/wp\/v2\/media?parent=2197"}],"wp:term":[{"taxonomy":"category","embeddable":true,"href":"https:\/\/blogs.diariovasco.com\/fotograma\/wp-json\/wp\/v2\/categories?post=2197"},{"taxonomy":"post_tag","embeddable":true,"href":"https:\/\/blogs.diariovasco.com\/fotograma\/wp-json\/wp\/v2\/tags?post=2197"}],"curies":[{"name":"wp","href":"https:\/\/api.w.org\/{rel}","templated":true}]}}