{"id":2199,"date":"2019-08-13T09:14:22","date_gmt":"2019-08-13T07:14:22","guid":{"rendered":"https:\/\/blogs.diariovasco.com\/fotograma\/?p=2199"},"modified":"2019-08-13T09:14:22","modified_gmt":"2019-08-13T07:14:22","slug":"y-tu-mama-tambien","status":"publish","type":"post","link":"https:\/\/blogs.diariovasco.com\/fotograma\/2019\/08\/13\/y-tu-mama-tambien\/","title":{"rendered":"&#8216;Y tu mam\u00e1 tambi\u00e9n&#8217;: las amistades caducan"},"content":{"rendered":"<p><strong><img loading=\"lazy\" class=\"alignleft wp-image-2204\" src=\"https:\/\/static-blogs.diariovasco.com\/wp-content\/uploads\/sites\/71\/2019\/08\/mama-tambien-cartel.jpg\" alt=\"Y tu mam\u00e1 tambi\u00e9n\" width=\"307\" height=\"453\" srcset=\"https:\/\/static-blogs.diariovasco.com\/wp-content\/uploads\/sites\/71\/2019\/08\/mama-tambien-cartel.jpg 307w, https:\/\/static-blogs.diariovasco.com\/wp-content\/uploads\/sites\/71\/2019\/08\/mama-tambien-cartel-203x300.jpg 203w\" sizes=\"(max-width: 307px) 100vw, 307px\" \/>Y TU MAM\u00c1 TAMBI\u00c9N<\/strong><\/p>\n<p><strong>T\u00edtulo original<\/strong>: Y tu mam\u00e1 tambi\u00e9n<\/p>\n<p><strong>A\u00f1o<\/strong>: 2001<\/p>\n<p><strong>Duraci\u00f3n<\/strong>: 105 minutos<\/p>\n<p><strong>Pa\u00eds<\/strong>:\u00a0M\u00e9xico<\/p>\n<p><strong>Direcci\u00f3n<\/strong>:\u00a0<span class=\"director\">Alfonso Cuar\u00f3n<\/span><\/p>\n<p><strong>Guion<\/strong>:\u00a0<span class=\"nb\">Alfonso Cuar\u00f3n y<\/span>\u00a0<span class=\"nb\">Carlos Cuar\u00f3n<\/span><\/p>\n<p><strong>Fotograf\u00eda<\/strong>:\u00a0<span class=\"nb\">Emmanuel Lubezki<\/span><\/p>\n<p><strong>Reparto<\/strong>:\u00a0<span class=\"cast\">Maribel Verd\u00fa,<\/span>\u00a0<span class=\"cast\">Gael Garc\u00eda Bernal,<\/span>\u00a0<span class=\"cast\">Diego Luna,<\/span>\u00a0<span class=\"cast\">Daniel Gim\u00e9nez Cacho,<\/span><span class=\"cast\">Diana Bracho,<\/span>\u00a0<span class=\"cast\">Emilio Echevarr\u00eda,<\/span>\u00a0<span class=\"cast\">Ana L\u00f3pez Mercado,<\/span>\u00a0<span class=\"cast\">Andr\u00e9s Almeida,<\/span><span class=\"cast\">Nathan Grinberg,<\/span>\u00a0<span class=\"cast\">Ver\u00f3nica Langer,<\/span>\u00a0<span class=\"cast\">Mar\u00eda Aura,<\/span>\u00a0<span class=\"cast\">Mayra S\u00e9rbulo,<\/span>\u00a0<span class=\"cast\">Silverio Palacios,<\/span><span class=\"cast\">Arturo R\u00edos y<\/span>\u00a0<span class=\"cast\">Juan Carlos Remolina<\/span><\/p>\n<p><strong>Productora<\/strong>:\u00a0<span class=\"nb\">Producciones Anhelo<\/span><\/p>\n<p><strong>G\u00e9nero<\/strong>: Comedia \/\u00a0Drama<\/p>\n<p><strong>Sinopsis<\/strong>: Aunque pertenecen a clases sociales muy distintas, Julio y Tenoch son grandes amigos. En una fiesta conocen a Luisa, una deprimida chica espa\u00f1ola casada con un primo de Tenoch. Para superar la crisis, Luisa decide acompa\u00f1ar a los dos chicos en un viaje sin rumbo fijo. La aventura pondr\u00e1 a prueba su amistad y marcar\u00e1 sus vidas para siempre. (<a href=\"https:\/\/www.filmaffinity.com\/es\/film275968.html\" target=\"_blank\" rel=\"nofollow\">FilmAffinity<\/a>)<\/p>\n<p><strong>&#8216;Y tu mam\u00e1 tambi\u00e9n&#8217;<\/strong> era una pel\u00edcula a la que ten\u00eda ganas de echar el guante. Me llamaba la atenci\u00f3n dentro de la filmograf\u00eda de\u00a0<a href=\"https:\/\/blogs.diariovasco.com\/fotograma\/2019\/02\/26\/hijos-de-los-hombres\/\" target=\"_blank\"><strong>Alfonso Cuar\u00f3n<\/strong><\/a>, fue su primer gran \u00e9xito, llegando a estar nominada al\u00a0<strong>\u00d3scar a mejor guion original<\/strong>. Una cinta en forma de road movie que lleva a explorar las vidas de tres personas, dos amigos desde la infancia y la prima de uno de ellos.<\/p>\n<p>Los j\u00f3venes Julio y Tenoch,\u00a0<a href=\"https:\/\/blogs.diariovasco.com\/fotograma\/2015\/09\/21\/dias-de-festival-4-eva-no-duerme-high-rise-y-hitchcocktruffaut\/\" target=\"_blank\"><strong>Gael Garc\u00eda Bernal<\/strong><\/a> y\u00a0<a href=\"https:\/\/blogs.diariovasco.com\/fotograma\/2016\/12\/22\/rogue-one-una-historia-de-star-wars-la-sensacion-de-que-algo-falta-flota-en-el-ambiente\/\" target=\"_blank\"><strong>Diego Luna<\/strong><\/a>, son dos amigos de la infancia que lo comparten todo. Ligan juntos, hacen pajas juntos, salen de fiesta juntos&#8230; Un d\u00eda conocen a la novia del primo de Tenoch, una chica espa\u00f1ola que llega a M\u00e9xico para iniciar una nueva vida. Con la crisis matrimonial del personaje de\u00a0<strong>Maribel Verd\u00fa<\/strong> iniciada, los tres parten en un rocambolesco viaje donde ellos dos solo quieren mantener relaciones sexuales con ella, y ella busca la v\u00e1lvula de escape de la infidelidad de su novio.<\/p>\n<p>La historia es tan cotidiana como que se siente aut\u00e9ntica en todo momento. Parece que\u00a0<a href=\"https:\/\/blogs.diariovasco.com\/fotograma\/2018\/12\/18\/roma\/\" target=\"_blank\"><strong>Cuar\u00f3n<\/strong><\/a> les ha puesto una c\u00e1mara y que vivan. La relaci\u00f3n entre los tres primeros personajes es fuerte, potente.\u00a0<a href=\"https:\/\/blogs.diariovasco.com\/fotograma\/2015\/09\/21\/dias-de-festival-4-eva-no-duerme-high-rise-y-hitchcocktruffaut\/\" target=\"_blank\"><strong>Garc\u00eda Bernal<\/strong><\/a> y\u00a0<a href=\"https:\/\/blogs.diariovasco.com\/fotograma\/2016\/12\/22\/rogue-one-una-historia-de-star-wars-la-sensacion-de-que-algo-falta-flota-en-el-ambiente\/\" target=\"_blank\"><strong>Luna<\/strong><\/a> parecen amigos de toda la vida. Esa complicidad que se genera entre ellos y que traspasa la pantalla es de lo mejor que genera\u00a0<a href=\"https:\/\/blogs.diariovasco.com\/fotograma\/2019\/02\/26\/hijos-de-los-hombres\/\" target=\"_blank\"><strong>Cuar\u00f3n<\/strong><\/a>. Lo mismo que es la inclusi\u00f3n de un elemento extra\u00f1o en esta relaci\u00f3n como\u00a0<strong>Maribel Verd\u00fa<\/strong>. La forma en la que esta psic\u00f3loga espa\u00f1ola deconstruye lo que ellos dos creen que es una relaci\u00f3n s\u00f3lida y eterna impresiona. C\u00f3mo los cuestiona, c\u00f3mo se r\u00ede en su cara sin que ellos se den cuenta, c\u00f3mo aplica la madurez ante dos ni\u00f1atos y c\u00f3mo conoce desde el principio qui\u00e9nes son.<\/p>\n<p><img loading=\"lazy\" class=\"aligncenter size-full wp-image-2202\" src=\"https:\/\/static-blogs.diariovasco.com\/wp-content\/uploads\/sites\/71\/2019\/08\/mama-tambien-2.jpg\" alt=\"Y tu mam\u00e1 tambi\u00e9n\" width=\"628\" height=\"353\" srcset=\"https:\/\/static-blogs.diariovasco.com\/wp-content\/uploads\/sites\/71\/2019\/08\/mama-tambien-2.jpg 628w, https:\/\/static-blogs.diariovasco.com\/wp-content\/uploads\/sites\/71\/2019\/08\/mama-tambien-2-300x169.jpg 300w\" sizes=\"(max-width: 628px) 100vw, 628px\" \/><\/p>\n<p>El espectador asiste poco a poco hacia el final inevitable: las amistades caducan. Y a\u00f1adir\u00eda, mucho m\u00e1s en esas edades. Los dos amigos son muy amigos, pero es todo una fantas\u00eda m\u00e1s propia de la edad. Comparten el hecho de tener la misma edad, ambos tener novia, de fumar juntos, de disfrutar de las mismas cosas, pero no comparten la sinceridad necesaria para construir una amistad verdadera. Es esa amistad de juventud que llegado un momento se separa y del que nunca se sabe nada m\u00e1s. Es el ciclo de la vida, el paso a la madurez.<\/p>\n<p>El personaje de\u00a0<strong>Maribel Verd\u00fa<\/strong> en\u00a0<strong>&#8216;Y tu mam\u00e1 tambi\u00e9n&#8217;<\/strong>, muy criticada, no deja de ser un elemento imprescindible para poner en marcha las cosas. Es el personaje que ambos protagonistas necesitan, la pel\u00edcula necesita y nosotros necesitamos. Es una persona misteriosa, sabemos que ha sufrido en su relaci\u00f3n, pero tenemos pocos datos. Hasta el final no se descubre todo el pastel, por lo que tampoco entendemos bien que se embarque en este viaje m\u00e1s propio de unos adolescentes que de una persona adulta. Pero no podemos evitar sentir l\u00e1stima cuando sufre y emocionarnos junto a ella.<\/p>\n<p><strong>&#8216;Y tu mam\u00e1 tambi\u00e9n&#8217;<\/strong> es una caja de sorpresas continua, una road movie que va destapando lentamente sus cartas. Emplea muy inteligentemente el recurso de la voz del narrador para introducirnos las diferentes historias, darnos los datos y adelantarnos lo que va a pasar despu\u00e9s.<\/p>\n<p>En el aspecto negativo, aunque esto es a medias, se\u00f1alar que el empleo de jerga muy propia de M\u00e9xico hace que algunas partes del di\u00e1logo se pierdan, aunque esto le da al mismo tiempo mayor autenticidad a la pel\u00edcula. Tampoco ayuda la dudosa dicci\u00f3n de los protagonistas. Me ocurre lo mismo en el cine espa\u00f1ol. \u00bfTanto cuesta vocalizar bien?<\/p>\n<p>Pero quitando esas minucias,\u00a0<strong>&#8216;Y tu mam\u00e1 tambi\u00e9n&#8217;<\/strong> es una estupenda pel\u00edcula de despedida de la juventud y de apertura de los ojos. Una pel\u00edcula humana en su m\u00e1s amplio sentido. Una cinta que desprende autenticidad por todos sus poros. Estupendas interpretaciones de los tres protagonistas y el empleo de un recurso muy poco utilizado como el narrador presente en toda la pel\u00edcula. De lo mejor que ha hecho\u00a0<a href=\"https:\/\/blogs.diariovasco.com\/fotograma\/2018\/12\/18\/roma\/\" target=\"_blank\"><strong>Alfonso Cuar\u00f3n<\/strong><\/a>, que ya es decir.<\/p>\n<p><strong>Lo mejor<\/strong>: Las interpretaciones tan aut\u00e9nticas del tr\u00edo protagonista.<\/p>\n<p><strong>Lo peor<\/strong>: Hay partes del di\u00e1logo que resultan imposibles de entender si no se est\u00e1 familiarizado con la jerga que manejan.<\/p>\n<p><img loading=\"lazy\" class=\"aligncenter size-medium wp-image-96\" src=\"https:\/\/static-blogs.diariovasco.com\/wp-content\/uploads\/sites\/71\/2014\/11\/85-300x30.png\" alt=\"Y tu mam\u00e1 tambi\u00e9n\" width=\"300\" height=\"30\" srcset=\"https:\/\/static-blogs.diariovasco.com\/wp-content\/uploads\/sites\/71\/2014\/11\/85-300x30.png 300w, https:\/\/static-blogs.diariovasco.com\/wp-content\/uploads\/sites\/71\/2014\/11\/85.png 564w\" sizes=\"(max-width: 300px) 100vw, 300px\" \/><\/p>\n<p><iframe loading=\"lazy\" width=\"500\" height=\"281\" src=\"https:\/\/www.youtube.com\/embed\/COd7Z4dh0aU?feature=oembed\" frameborder=\"0\" allow=\"accelerometer; autoplay; encrypted-media; gyroscope; picture-in-picture\" allowfullscreen><\/iframe><\/p>\n","protected":false},"excerpt":{"rendered":"<p>&#8216;Y tu mam\u00e1 tambi\u00e9n&#8217; es una caja de sorpresas continua, una road movie que va destapando lentamente sus cartas<\/p>\n","protected":false},"author":101,"featured_media":2203,"comment_status":"open","ping_status":"closed","sticky":false,"template":"","format":"standard","meta":[],"categories":[8,11],"tags":[4912,5814,5815,5821,5811,5812,677,5813,901,5822,5818,5810,5819,5816,5820,5817,5823],"_links":{"self":[{"href":"https:\/\/blogs.diariovasco.com\/fotograma\/wp-json\/wp\/v2\/posts\/2199"}],"collection":[{"href":"https:\/\/blogs.diariovasco.com\/fotograma\/wp-json\/wp\/v2\/posts"}],"about":[{"href":"https:\/\/blogs.diariovasco.com\/fotograma\/wp-json\/wp\/v2\/types\/post"}],"author":[{"embeddable":true,"href":"https:\/\/blogs.diariovasco.com\/fotograma\/wp-json\/wp\/v2\/users\/101"}],"replies":[{"embeddable":true,"href":"https:\/\/blogs.diariovasco.com\/fotograma\/wp-json\/wp\/v2\/comments?post=2199"}],"version-history":[{"count":2,"href":"https:\/\/blogs.diariovasco.com\/fotograma\/wp-json\/wp\/v2\/posts\/2199\/revisions"}],"predecessor-version":[{"id":2205,"href":"https:\/\/blogs.diariovasco.com\/fotograma\/wp-json\/wp\/v2\/posts\/2199\/revisions\/2205"}],"wp:featuredmedia":[{"embeddable":true,"href":"https:\/\/blogs.diariovasco.com\/fotograma\/wp-json\/wp\/v2\/media\/2203"}],"wp:attachment":[{"href":"https:\/\/blogs.diariovasco.com\/fotograma\/wp-json\/wp\/v2\/media?parent=2199"}],"wp:term":[{"taxonomy":"category","embeddable":true,"href":"https:\/\/blogs.diariovasco.com\/fotograma\/wp-json\/wp\/v2\/categories?post=2199"},{"taxonomy":"post_tag","embeddable":true,"href":"https:\/\/blogs.diariovasco.com\/fotograma\/wp-json\/wp\/v2\/tags?post=2199"}],"curies":[{"name":"wp","href":"https:\/\/api.w.org\/{rel}","templated":true}]}}