{"id":2226,"date":"2019-08-29T09:00:30","date_gmt":"2019-08-29T07:00:30","guid":{"rendered":"https:\/\/blogs.diariovasco.com\/fotograma\/?p=2226"},"modified":"2019-08-26T18:02:01","modified_gmt":"2019-08-26T16:02:01","slug":"los-chicos-del-coro","status":"publish","type":"post","link":"https:\/\/blogs.diariovasco.com\/fotograma\/2019\/08\/29\/los-chicos-del-coro\/","title":{"rendered":"&#8216;Los chicos del coro&#8217;: ni\u00f1os olvidados, perdidos"},"content":{"rendered":"<p><strong><img loading=\"lazy\" class=\"alignleft wp-image-2247\" src=\"https:\/\/static-blogs.diariovasco.com\/wp-content\/uploads\/sites\/71\/2019\/08\/chicos-coro-cartel.jpg\" alt=\"Los chicos del coro\" width=\"307\" height=\"453\" srcset=\"https:\/\/static-blogs.diariovasco.com\/wp-content\/uploads\/sites\/71\/2019\/08\/chicos-coro-cartel.jpg 307w, https:\/\/static-blogs.diariovasco.com\/wp-content\/uploads\/sites\/71\/2019\/08\/chicos-coro-cartel-203x300.jpg 203w\" sizes=\"(max-width: 307px) 100vw, 307px\" \/>LOS CHICOS DEL CORO<\/strong><\/p>\n<p><strong>T\u00edtulo original<\/strong>: Les Choristes<\/p>\n<p><strong>A\u00f1o<\/strong>: 2004<\/p>\n<p><strong>Duraci\u00f3n<\/strong>: 95 minutos<\/p>\n<p><strong>Pa\u00eds<\/strong>:\u00a0Francia<\/p>\n<p><strong>Direcci\u00f3n<\/strong>:\u00a0<span class=\"director\">Christophe Barratier<\/span><\/p>\n<p><strong>Guion<\/strong>:\u00a0<span class=\"nb\">Christophe Barratier y<\/span>\u00a0<span class=\"nb\">Philippe Lopes-Curval<\/span><\/p>\n<p><strong>M\u00fasica<\/strong>:\u00a0<span class=\"nb\">Bruno Coulais y<\/span>\u00a0<span class=\"nb\">Christophe Barratier<\/span><\/p>\n<p><strong>Fotograf\u00eda<\/strong>:\u00a0<span class=\"nb\">Carlo Varini y<\/span>\u00a0<span class=\"nb\">Dominique Gentil<\/span><\/p>\n<p><strong>Reparto<\/strong>:\u00a0<span class=\"cast\">G\u00e9rard Jugnot,<\/span>\u00a0<span class=\"cast\">Fran\u00e7ois Berl\u00e9and,<\/span>\u00a0<span class=\"cast\">Jean-Baptiste Maunier,<\/span>\u00a0<span class=\"cast\">Jacques Perrin,<\/span><span class=\"cast\">Kad Merad,<\/span>\u00a0<span class=\"cast\">Maxence Perrin,<\/span>\u00a0<span class=\"cast\">Paul Chari\u00e9ras,<\/span>\u00a0<span class=\"cast\">Marie Bunel,<\/span>\u00a0<span class=\"cast\">Jean-Paul Bonnaire y\u00a0<\/span><span class=\"cast\">Gr\u00e9gory Gatignol<\/span><\/p>\n<p><strong>Productora<\/strong>:\u00a0<span class=\"nb\">Galat\u00e9e Films \/ Path\u00e9 Renn Productions \/ France 2 Cinema \/ Novo Arturo Films \/ Centre National de la Cin\u00e9matographie (CNC) \/ Vega Film \/ Canal+<\/span><\/p>\n<p><strong>G\u00e9nero<\/strong>:\u00a0Drama \/\u00a0Comedia<\/p>\n<p>Sinopsis: En 1948 Cl\u00e9ment Mathieu, profesor de m\u00fasica desempleado, acepta un puesto como profesor vigilante en un internado de reeducaci\u00f3n de menores. El sistema represivo aplicado por el director conmociona a Mathieu. Ense\u00f1\u00e1ndoles m\u00fasica y canto coral a estos ni\u00f1os tan dif\u00edciles, Mathieu transformar\u00e1 sus vidas cotidianas. (<a href=\"https:\/\/www.filmaffinity.com\/es\/film458038.html\" target=\"_blank\" rel=\"nofollow\">FilmAffinity<\/a>)<\/p>\n<p><strong>&#8216;Los chicos del coro&#8217;<\/strong> no es una pel\u00edcula novedosa. Hemos visto mil veces esta f\u00f3rmula de ni\u00f1os problem\u00e1ticos que gracias a un maestro adecuado consiguen encauzarse.\u00a0<strong>&#8216;Merl\u00ed&#8217;<\/strong> y\u00a0<strong>&#8216;<a href=\"https:\/\/blogs.diariovasco.com\/fotograma\/2016\/06\/17\/el-club-de-los-poetas-muertos-oh-capitan-mi-capitan\/\" target=\"_blank\">El club de los poetas muertos<\/a>&#8216;<\/strong>, sin el factor de ni\u00f1os problem\u00e1ticos, son un ejemplo de ello.\u00a0<strong>&#8216;<a href=\"https:\/\/blogs.diariovasco.com\/fotograma\/2019\/08\/15\/el-indomable-will-hunting\/\" target=\"_blank\">El indomable Will Hunting<\/a>&#8216;<\/strong> podr\u00eda ser tambi\u00e9n ejemplo, aunque a su manera.<\/p>\n<p>El verdadero fuerte de esta pel\u00edcula, uno de los mayores \u00e9xitos del cine franc\u00e9s del siglo XXI, est\u00e1 en su aspecto m\u00e1s humano.\u00a0<strong>&#8216;Los chicos del coro&#8217;<\/strong> conquista al espectador gracias a la buena construcci\u00f3n de sus personajes. As\u00ed como tambi\u00e9n nos conquista por no ser condescendiente con ninguno de sus protagonistas, ni con el espectador. Nos cuenta una historia donde sus personajes se equivocan, cometen errores, fracasan. No pinta una realidad de color de rosa donde todos los personajes acaban siendo felices. Esta no es una feel-good movie americana, es cine franc\u00e9s. Ellos son de otra manera.<\/p>\n<p><strong>&#8216;Los chicos del coro&#8217;<\/strong> arranca cuando Cl\u00e9ment Mathieu, profesor de m\u00fasica en paro, llega como profesor vigilante a un estricto internado de menores. Sus m\u00e9todos chocar\u00e1n r\u00e1pidamente con el represivo sistema que all\u00ed se aplica. Pronto pondr\u00e1 en marcha una novedosa idea, hacer que los ni\u00f1os aprendan m\u00fasica y canten en un coro.<\/p>\n<p><img loading=\"lazy\" class=\"aligncenter size-full wp-image-2245\" src=\"https:\/\/static-blogs.diariovasco.com\/wp-content\/uploads\/sites\/71\/2019\/08\/chicos-coro-2.jpg\" alt=\"Los chicos del coro\" width=\"628\" height=\"353\" srcset=\"https:\/\/static-blogs.diariovasco.com\/wp-content\/uploads\/sites\/71\/2019\/08\/chicos-coro-2.jpg 628w, https:\/\/static-blogs.diariovasco.com\/wp-content\/uploads\/sites\/71\/2019\/08\/chicos-coro-2-300x169.jpg 300w\" sizes=\"(max-width: 628px) 100vw, 628px\" \/><\/p>\n<p>A todo lo dem\u00e1s nos podemos adelantar como espectadores desde el minuto uno. Sabemos que Mathieu no se encontrar\u00e1 con facilidades en su camino. Que de la clandestinidad del coro en la habitaci\u00f3n de los chicos habr\u00e1 que pasar a un perfil m\u00e1s p\u00fablico. Que no todos los menores acceder\u00e1n a participar en el coro como si nada. Que el chico problem\u00e1tico de la clase resultar\u00e1 ser esencial en este proyecto. Que algo romper\u00e1 la armon\u00eda del grupo para despu\u00e9s unir sus lazos m\u00e1s fuertemente. Y que al final habr\u00e1 algo que haga girar la historia.<\/p>\n<p>\u00bfEs predecible\u00a0<strong>&#8216;Los chicos del coro&#8217;<\/strong>? S\u00ed. Mucho. Much\u00edsimo. Pero da exactamente lo mismo por lo enormemente placentera que resulta de ver. Es una pel\u00edcula que se consume con asombrosa facilidad. Aunque sea una peliculita alegre m\u00e1s. Aunque no pase a la historia como mejor pel\u00edcula. La experiencia de ver\u00a0<strong>&#8216;Los chicos del coro&#8217;<\/strong> va m\u00e1s all\u00e1.<\/p>\n<p>Comentaba antes que esta no es una feel-good movie americana, es cine franc\u00e9s. El matiz es muy importante en este caso. Si estuvi\u00e9ramos en una pel\u00edcula de Hollywood ni los personajes, ni las aristas de la historia, estar\u00edan tan bien tratados. Se tratar\u00eda de una pel\u00edcula para hacernos sentir bien y ya est\u00e1. En cambio,\u00a0<strong>Christophe Barratier<\/strong> nos plantea una historia mucho m\u00e1s compleja desde el punto de vista humano, con personajes mejor armados.<\/p>\n<p>Los ni\u00f1os problem\u00e1ticos son problem\u00e1ticos porque son as\u00ed, no porque deban convencernos de que son problem\u00e1ticos. Hacen bromas y juegos, no dejan de ser ni\u00f1os, pero no siempre miden las consecuencias de sus bromas. Aunque hay un buen fondo en todos ellos, no siempre sus acciones van en la buena direcci\u00f3n. Ninguno de ellos resulta forzado.<\/p>\n<p>La elecci\u00f3n del casting de nuevo nos remite a lo europea que es la pel\u00edcula. Los actores no son necesariamente estrellas de cine, los j\u00f3venes no ten\u00edan apenas experiencia previa, mientras que los adultos s\u00ed tienen trayectoria pero no son actores de primera fila. Todos los int\u00e9rpretes que est\u00e1n en este filme lo est\u00e1n porque encajan en el perfil del personaje, no por una cuesti\u00f3n de taquilla.<\/p>\n<p>En su previsibilidad, hasta la banda sonora subraya el mensaje de la pel\u00edcula, c\u00f3mo no. As\u00ed, canciones como\u00a0<em>&#8216;Caresse sur l&#8217;oc\u00e9an&#8217;<\/em> o\u00a0<em>&#8216;Vois sur ton chemin&#8217;<\/em> nos hablan de gente solitaria, de gente olvidada. Como reza\u00a0<em>&#8216;Vois sur ton chemin&#8217;<\/em> &#8220;Ve sobre tu camino. A los ni\u00f1os perdidos, olvidados, dales la mano para encaminarlos&#8221;. Porque al final,\u00a0<strong>&#8216;Los chicos del coro&#8217;<\/strong> no escapa de ser una pel\u00edcula donde un profesor reconduce a un grupo de alumnos con problemas, en este caso gracias a la m\u00fasica.<\/p>\n<p>Menci\u00f3n especial merece el final. El momento entre Mathieu y Pepinot, el personaje m\u00e1s entra\u00f1able, que cierra todo el c\u00edrculo de la pel\u00edcula de una manera magistral. Alguno podr\u00e1 pensar de ella, como de la pel\u00edcula, que es facilona y tramposa, lacrim\u00f3gena en exceso. Pero ese brev\u00edsimo di\u00e1logo y la cara del chico merecen la hora y media previa.<\/p>\n<p><strong>Lo mejor<\/strong>: Todo, ser\u00e1 que soy facil\u00f3n.<\/p>\n<p><strong>Lo peor<\/strong>: Nada.<\/p>\n<p><img loading=\"lazy\" class=\"aligncenter size-medium wp-image-99\" src=\"https:\/\/static-blogs.diariovasco.com\/wp-content\/uploads\/sites\/71\/2014\/11\/10-300x30.png\" alt=\"Los chicos del coro\" width=\"300\" height=\"30\" srcset=\"https:\/\/static-blogs.diariovasco.com\/wp-content\/uploads\/sites\/71\/2014\/11\/10-300x30.png 300w, https:\/\/static-blogs.diariovasco.com\/wp-content\/uploads\/sites\/71\/2014\/11\/10.png 564w\" sizes=\"(max-width: 300px) 100vw, 300px\" \/><\/p>\n<p><iframe loading=\"lazy\" width=\"500\" height=\"375\" src=\"https:\/\/www.youtube.com\/embed\/OVBgzo5tGp4?feature=oembed\" frameborder=\"0\" allow=\"accelerometer; autoplay; encrypted-media; gyroscope; picture-in-picture\" allowfullscreen><\/iframe><\/p>\n","protected":false},"excerpt":{"rendered":"<p>\u00bfEs predecible &#8216;Los chicos del coro&#8217;? S\u00ed. Mucho. Much\u00edsimo. Pero da exactamente lo mismo por lo enormemente placentera que resulta de ver. Es una pel\u00edcula que se consume con asombrosa facilidad. Aunque sea una peliculita alegre m\u00e1s. Aunque no pase a la historia como mejor pel\u00edcula. La experiencia de ver &#8216;Los chicos del coro&#8217; va m\u00e1s all\u00e1<\/p>\n","protected":false},"author":101,"featured_media":2246,"comment_status":"open","ping_status":"closed","sticky":false,"template":"","format":"standard","meta":[],"categories":[8,11],"tags":[5865,5855,5854,5862,4886,5856,5861,5857,5864,5863,5860,5858,5859],"_links":{"self":[{"href":"https:\/\/blogs.diariovasco.com\/fotograma\/wp-json\/wp\/v2\/posts\/2226"}],"collection":[{"href":"https:\/\/blogs.diariovasco.com\/fotograma\/wp-json\/wp\/v2\/posts"}],"about":[{"href":"https:\/\/blogs.diariovasco.com\/fotograma\/wp-json\/wp\/v2\/types\/post"}],"author":[{"embeddable":true,"href":"https:\/\/blogs.diariovasco.com\/fotograma\/wp-json\/wp\/v2\/users\/101"}],"replies":[{"embeddable":true,"href":"https:\/\/blogs.diariovasco.com\/fotograma\/wp-json\/wp\/v2\/comments?post=2226"}],"version-history":[{"count":2,"href":"https:\/\/blogs.diariovasco.com\/fotograma\/wp-json\/wp\/v2\/posts\/2226\/revisions"}],"predecessor-version":[{"id":2248,"href":"https:\/\/blogs.diariovasco.com\/fotograma\/wp-json\/wp\/v2\/posts\/2226\/revisions\/2248"}],"wp:featuredmedia":[{"embeddable":true,"href":"https:\/\/blogs.diariovasco.com\/fotograma\/wp-json\/wp\/v2\/media\/2246"}],"wp:attachment":[{"href":"https:\/\/blogs.diariovasco.com\/fotograma\/wp-json\/wp\/v2\/media?parent=2226"}],"wp:term":[{"taxonomy":"category","embeddable":true,"href":"https:\/\/blogs.diariovasco.com\/fotograma\/wp-json\/wp\/v2\/categories?post=2226"},{"taxonomy":"post_tag","embeddable":true,"href":"https:\/\/blogs.diariovasco.com\/fotograma\/wp-json\/wp\/v2\/tags?post=2226"}],"curies":[{"name":"wp","href":"https:\/\/api.w.org\/{rel}","templated":true}]}}