{"id":2480,"date":"2019-11-28T09:00:39","date_gmt":"2019-11-28T08:00:39","guid":{"rendered":"https:\/\/blogs.diariovasco.com\/fotograma\/?p=2480"},"modified":"2019-11-27T23:48:03","modified_gmt":"2019-11-27T22:48:03","slug":"vivir-deprisa-amar-despacio","status":"publish","type":"post","link":"https:\/\/blogs.diariovasco.com\/fotograma\/2019\/11\/28\/vivir-deprisa-amar-despacio\/","title":{"rendered":"&#8216;Vivir deprisa, amar despacio&#8217;: amor con fecha de caducidad"},"content":{"rendered":"<p><strong><img loading=\"lazy\" class=\"alignleft wp-image-2483\" src=\"https:\/\/static-blogs.diariovasco.com\/wp-content\/uploads\/sites\/71\/2019\/10\/vivir-deprisa-amar-despacio-cartel.jpg\" alt=\"Vivir deprisa, amar despacio\" width=\"307\" height=\"453\" srcset=\"https:\/\/static-blogs.diariovasco.com\/wp-content\/uploads\/sites\/71\/2019\/10\/vivir-deprisa-amar-despacio-cartel.jpg 307w, https:\/\/static-blogs.diariovasco.com\/wp-content\/uploads\/sites\/71\/2019\/10\/vivir-deprisa-amar-despacio-cartel-203x300.jpg 203w\" sizes=\"(max-width: 307px) 100vw, 307px\" \/>VIVIR DEPRISA, AMAR DESPACIO<\/strong><\/p>\n<p><strong>T\u00edtulo original<\/strong>: Plaire, aimer et courir vite (Sorry Angel)<\/p>\n<p><strong>A\u00f1o<\/strong>: 2018<\/p>\n<p><strong>Duraci\u00f3n<\/strong>: 132 minutos<\/p>\n<p><strong>Pa\u00eds<\/strong>: Francia<\/p>\n<p><strong>Direcci\u00f3n<\/strong>: Christophe Honor\u00e9<\/p>\n<p><strong>Guion<\/strong>: Christophe Honor\u00e9<\/p>\n<p><strong>Fotograf\u00eda<\/strong>: R\u00e9my Chevrin<\/p>\n<p><strong>Reparto<\/strong>: Vincent Lacoste, Pierre Deladonchamps, Denis Podalyd\u00e8s, Rio Vega, Willemijn Kressenhof, Ad\u00e8le Wismes, Cl\u00e9ment M\u00e9tayer, Sophie Letourneur, Marlene Saldana, Teddy Bogaert y Ad\u00e8le Csech<\/p>\n<p><strong>Productora<\/strong>: Les Films Pell\u00e9as \/ arte France Cin\u00e9ma \/ Canal+ \/ Cin\u00e9+<\/p>\n<p><strong>G\u00e9nero<\/strong>: Drama<\/p>\n<p><strong>Sinopsis<\/strong>: Jacques es un escritor que vive en Par\u00eds. Todav\u00eda no ha cumplido 40 a\u00f1os pero cree que lo mejor de la vida est\u00e1 por llegar. Arthur es un estudiante que vive en la Breta\u00f1a francesa. Lee, sonr\u00ede mucho y se niega a aceptar que hay algo imposible en la vida. Jacques y Arthur se gustan y viven como si estuvieran en un sue\u00f1o rom\u00e1ntico o en una historia triste. (<a href=\"https:\/\/www.filmaffinity.com\/es\/film515363.html\" target=\"_blank\" rel=\"nofollow noopener\">FilmAffinity<\/a>)<\/p>\n<p>Francia ha producido en estos dos \u00faltimos a\u00f1os dos de las mejores pel\u00edculas que jam\u00e1s se han rodado con el sida como tema central. La brillante <strong>&#8216;<a href=\"https:\/\/blogs.diariovasco.com\/fotograma\/2018\/01\/25\/120-pulsaciones-por-minuto\/\" target=\"_blank\" rel=\"noopener\">120 pulsaciones por minuto<\/a>&#8216;<\/strong> nos trasladaba a las asambleas y lucha de Act-Up por conseguir tratamientos, ayuda, cura, medidas y prevenci\u00f3n para las personas afectadas por el VIH y el sida. En <strong>&#8216;Vivir deprisa, amar despacio&#8217;<\/strong> nos encontramos una pel\u00edcula m\u00e1s \u00edntima, m\u00e1s recogida, donde el drama del sida se vive entre cuatro paredes, pero con la misma intensidad y dolor que en aquella.<\/p>\n<p>La comunidad LGTBI, principalmente, vivi\u00f3 el final de los 80 y principio de los 90 dentro de una l\u00f3gica neurosis por el drama del sida. En esa situaci\u00f3n extrema donde amigos, vecinos, familiares, conocidos y parejas estaban cayendo como moscas la opci\u00f3n de establecer una relaci\u00f3n sentimental se complicaba enormemente. <strong>&#8216;Vivir deprisa, amar despacio&#8217;<\/strong> nos cuenta una de esas historias, la de un hombre de mediana edad enfermo de sida y un joven de 20 a\u00f1os que se conocen y entablan una relaci\u00f3n dentro de este ambiente dominado por el miedo. Un amor con fecha de caducidad.<\/p>\n<p><img loading=\"lazy\" class=\"aligncenter size-full wp-image-2481\" src=\"https:\/\/static-blogs.diariovasco.com\/wp-content\/uploads\/sites\/71\/2019\/10\/vivir-deprisa-amar-despacio-2.jpg\" alt=\"Vivir deprisa, amar despacio\" width=\"628\" height=\"353\" srcset=\"https:\/\/static-blogs.diariovasco.com\/wp-content\/uploads\/sites\/71\/2019\/10\/vivir-deprisa-amar-despacio-2.jpg 628w, https:\/\/static-blogs.diariovasco.com\/wp-content\/uploads\/sites\/71\/2019\/10\/vivir-deprisa-amar-despacio-2-300x169.jpg 300w\" sizes=\"(max-width: 628px) 100vw, 628px\" \/><\/p>\n<p><strong>Christophe Honor\u00e9<\/strong> nos transporta con brillantez a ese escenario donde lo que deber\u00eda ser eterno, inagotable y para siempre termina de bruces, antes de lo esperado y con dolor. La posibilidad de amar no era algo que se pudieran permitir los enfermos de sida de la \u00e9poca y ah\u00ed el personaje de <strong>Pierre Deladonchamps<\/strong> despliega todo su potencial. Un personaje enormemente atormentado, con miedo de s\u00ed mismo, convencido de que no merece ser amado y que antepone a todos los dem\u00e1s a s\u00ed mismo. \u00c9l es el drama de muchas personas LGTBI de la \u00e9poca que tuvieron que imponerse un armario extra, una capa m\u00e1s tras la que esconder sus \u00faltimos d\u00edas.<\/p>\n<p>Frente a \u00e9l encontramos la otra cara de la moneda. <a href=\"https:\/\/blogs.diariovasco.com\/fotograma\/2018\/05\/17\/lolo-hijo-novia\/\" target=\"_blank\" rel=\"noopener\"><strong>Vincent Lacoste<\/strong><\/a> es una nueva generaci\u00f3n de homosexuales sin el bagaje de la generaci\u00f3n de <strong>Deladonchamps<\/strong>. \u00c9l, por inconsciencia o por juventud, es el trampol\u00edn que necesita Jacques para saltar al vac\u00edo y disfrutar de sus \u00faltimos d\u00edas plenamente. Un trampol\u00edn de emociones que aporta los momentos de luz de la pel\u00edcula. Es brillante la manera en la que <strong>&#8216;Vivir deprisa, amar despacio&#8217;<\/strong> gana en luz cuando aparece Arthur, el personaje de <a href=\"https:\/\/blogs.diariovasco.com\/fotograma\/2018\/05\/17\/lolo-hijo-novia\/\" target=\"_blank\" rel=\"noopener\"><strong>Lacoste<\/strong><\/a>, y se oscurece cuando no est\u00e1 presente.<\/p>\n<p><strong>&#8216;Vivir deprisa, amar despacio&#8217;<\/strong>, como buena pel\u00edcula francesa, no es amable con sus personajes, ni condescendiente. Una cinta que adem\u00e1s de presentar la situaci\u00f3n de la comunidad LGTBI de la \u00e9poca sirve como una brillante met\u00e1fora de los amores breves e intensos. Reivindica los peque\u00f1os momentos, los chispazos y los momentos de claros en d\u00edas nubosos. Unos peque\u00f1os flashes que aclaren el horizonte tenebroso. Principio y finales brillantes que encoger\u00e1n el coraz\u00f3n del espectador.<\/p>\n<p><strong>Lo mejor<\/strong>: El franco retrato que hace de la situaci\u00f3n que viv\u00eda la comunidad LGTBI a principios de los a\u00f1os 90 de puertas adentro.<\/p>\n<p><strong>Lo peor<\/strong>: La parte central de la pel\u00edcula podr\u00eda recortarse 10-15 minutos.<\/p>\n<p><img loading=\"lazy\" class=\"aligncenter size-medium wp-image-98\" src=\"https:\/\/static-blogs.diariovasco.com\/wp-content\/uploads\/sites\/71\/2014\/11\/95-300x30.png\" alt=\"Vivir deprisa, amar despacio\" width=\"300\" height=\"30\" srcset=\"https:\/\/static-blogs.diariovasco.com\/wp-content\/uploads\/sites\/71\/2014\/11\/95-300x30.png 300w, https:\/\/static-blogs.diariovasco.com\/wp-content\/uploads\/sites\/71\/2014\/11\/95.png 564w\" sizes=\"(max-width: 300px) 100vw, 300px\" \/><\/p>\n<p><iframe loading=\"lazy\" width=\"500\" height=\"281\" src=\"https:\/\/www.youtube.com\/embed\/nZ7u3cGMOyE?feature=oembed\" frameborder=\"0\" allow=\"accelerometer; autoplay; encrypted-media; gyroscope; picture-in-picture\" allowfullscreen><\/iframe><\/p>\n","protected":false},"excerpt":{"rendered":"<p>&#8216;Vivir deprisa, amar despacio&#8217; sirve como una brillante met\u00e1fora de los amores breves e intensos. &#8216;Vivir deprisa, amar despacio&#8217; reivindica peque\u00f1os momentos, los chispazos y los momentos de claros en d\u00edas nubosos<\/p>\n","protected":false},"author":101,"featured_media":2482,"comment_status":"open","ping_status":"closed","sticky":false,"template":"","format":"standard","meta":[],"categories":[11],"tags":[6389,6384,6393,6385,6381,6387,6380,6391,6382,6386,6390,6388,4083,6392,6383],"_links":{"self":[{"href":"https:\/\/blogs.diariovasco.com\/fotograma\/wp-json\/wp\/v2\/posts\/2480"}],"collection":[{"href":"https:\/\/blogs.diariovasco.com\/fotograma\/wp-json\/wp\/v2\/posts"}],"about":[{"href":"https:\/\/blogs.diariovasco.com\/fotograma\/wp-json\/wp\/v2\/types\/post"}],"author":[{"embeddable":true,"href":"https:\/\/blogs.diariovasco.com\/fotograma\/wp-json\/wp\/v2\/users\/101"}],"replies":[{"embeddable":true,"href":"https:\/\/blogs.diariovasco.com\/fotograma\/wp-json\/wp\/v2\/comments?post=2480"}],"version-history":[{"count":3,"href":"https:\/\/blogs.diariovasco.com\/fotograma\/wp-json\/wp\/v2\/posts\/2480\/revisions"}],"predecessor-version":[{"id":2517,"href":"https:\/\/blogs.diariovasco.com\/fotograma\/wp-json\/wp\/v2\/posts\/2480\/revisions\/2517"}],"wp:featuredmedia":[{"embeddable":true,"href":"https:\/\/blogs.diariovasco.com\/fotograma\/wp-json\/wp\/v2\/media\/2482"}],"wp:attachment":[{"href":"https:\/\/blogs.diariovasco.com\/fotograma\/wp-json\/wp\/v2\/media?parent=2480"}],"wp:term":[{"taxonomy":"category","embeddable":true,"href":"https:\/\/blogs.diariovasco.com\/fotograma\/wp-json\/wp\/v2\/categories?post=2480"},{"taxonomy":"post_tag","embeddable":true,"href":"https:\/\/blogs.diariovasco.com\/fotograma\/wp-json\/wp\/v2\/tags?post=2480"}],"curies":[{"name":"wp","href":"https:\/\/api.w.org\/{rel}","templated":true}]}}