{"id":2502,"date":"2019-11-12T09:00:57","date_gmt":"2019-11-12T08:00:57","guid":{"rendered":"https:\/\/blogs.diariovasco.com\/fotograma\/?p=2502"},"modified":"2019-11-10T11:20:09","modified_gmt":"2019-11-10T10:20:09","slug":"ventajas-de-viajar-en-tren","status":"publish","type":"post","link":"https:\/\/blogs.diariovasco.com\/fotograma\/2019\/11\/12\/ventajas-de-viajar-en-tren\/","title":{"rendered":"&#8216;Ventajas de viajar en tren&#8217;: &#8220;La verosimilitud est\u00e1 sobrevalorada&#8221;"},"content":{"rendered":"<p><strong><img loading=\"lazy\" class=\"alignleft wp-image-2506\" src=\"https:\/\/static-blogs.diariovasco.com\/wp-content\/uploads\/sites\/71\/2019\/11\/ventajas-viajar-tren-cartel.jpg\" alt=\"Ventajas de viajar en tren\" width=\"307\" height=\"453\" srcset=\"https:\/\/static-blogs.diariovasco.com\/wp-content\/uploads\/sites\/71\/2019\/11\/ventajas-viajar-tren-cartel.jpg 307w, https:\/\/static-blogs.diariovasco.com\/wp-content\/uploads\/sites\/71\/2019\/11\/ventajas-viajar-tren-cartel-203x300.jpg 203w\" sizes=\"(max-width: 307px) 100vw, 307px\" \/>VENTAJAS DE VIAJAR EN TREN<\/strong><\/p>\n<p><strong>T\u00edtulo original<\/strong>:\u00a0Ventajas de viajar en tren<\/p>\n<p><strong>A\u00f1o<\/strong>:\u00a02019<\/p>\n<p><strong>Duraci\u00f3n<\/strong>:\u00a0102 minutos<\/p>\n<p><strong>Pa\u00eds<\/strong>:\u00a0Espa\u00f1a<\/p>\n<p><strong>Direcci\u00f3n<\/strong>:\u00a0Aritz Moreno<\/p>\n<p><strong>Guion<\/strong>:\u00a0Javier Gull\u00f3n (Novela: Antonio Orejudo)<\/p>\n<p><strong>M\u00fasica<\/strong>:\u00a0Cristobal Tapia de Veer<\/p>\n<p><strong>Fotograf\u00eda<\/strong>:\u00a0Javier Agirre Erauso<\/p>\n<p><strong>Reparto<\/strong>:\u00a0Luis Tosar, Pilar Castro, Ernesto Alterio, Quim Guti\u00e9rrez, Bel\u00e9n Cuesta, Macarena Garc\u00eda, Javier Godino, Javier Botet, Gilbert Melki, Ram\u00f3n Barea y Daniel Horvath<\/p>\n<p><strong>Productora<\/strong>:\u00a0Logical Pictures \/ Morena Films \/ Se\u00f1or &amp; Se\u00f1ora \/ Filmax<\/p>\n<p><strong>G\u00e9nero<\/strong>:\u00a0Thriller \/ Comedia \/ Drama<\/p>\n<p><strong>Sinopsis<\/strong>:\u00a0Helga, editora en horas bajas, acaba de internar a su marido en un psiqui\u00e1trico. En el tren de vuelta, un desconocido se le presenta como \u00c1ngel Sanagust\u00edn, psiquiatra que trabaja en la misma cl\u00ednica investigando trastornos de personalidad a trav\u00e9s de los escritos de los pacientes. Durante el trayecto, \u00c1ngel le cuenta a Helga la historia de Mart\u00edn Urales de \u00dabeda, un enfermo paranoico extremadamente peligroso obsesionado, entre otras cosas, con la basura. (<a href=\"https:\/\/www.filmaffinity.com\/es\/film795401.html\" target=\"_blank\" rel=\"nofollow noopener\">FilmAffinity<\/a>)<\/p>\n<p>Es muy extra\u00f1o encontrarse hoy en d\u00eda con pel\u00edculas como\u00a0<strong>&#8216;Ventajas de viajar en tren&#8217;<\/strong>. La opera prima de\u00a0<strong>Aritz Moreno<\/strong> es una rara avis que nos plantea una historia digna de despertar el m\u00e1s furibundo de los enfados en decenas de asociaciones. Una pel\u00edcula capaz de enfadar a todo el mundo, pol\u00edticamente incorrect\u00edsima y que dignifica el cine de humor negro que estaba desapareciendo en un momento de pel\u00edculas cortadas por el mismo patr\u00f3n, donde imperan los chistes f\u00e1ciles y un aburrido humor blanco.<\/p>\n<p><strong>&#8216;Ventajas de viajar en tren&#8217;<\/strong> es una pel\u00edcula muy complicada de resumir. Tanto es as\u00ed que la novela de\u00a0<strong>Antonio Orejudo<\/strong> se calific\u00f3 en su momento como inadaptable. Pero aqu\u00ed estamos. Una mujer viaja en tren y se encuentra con un se\u00f1or que le empieza a contar una historia. La historia tremendamente rocambolesca incluye m\u00e1s historias dentro de ella, a modo de mu\u00f1eca rusa. Pero resulta que la se\u00f1ora, Helga, tambi\u00e9n tiene su propia historia. Pero al final nada es lo que parecer\u00e1. Bueno, si algo puede ser t\u00edpico en esta pel\u00edcula es el argumento contado de esta guisa.<\/p>\n<p><img loading=\"lazy\" class=\"aligncenter size-full wp-image-2504\" src=\"https:\/\/static-blogs.diariovasco.com\/wp-content\/uploads\/sites\/71\/2019\/11\/ventajas-viajar-tren-2.jpg\" alt=\"Ventajas de viajar en tren\" width=\"628\" height=\"353\" srcset=\"https:\/\/static-blogs.diariovasco.com\/wp-content\/uploads\/sites\/71\/2019\/11\/ventajas-viajar-tren-2.jpg 628w, https:\/\/static-blogs.diariovasco.com\/wp-content\/uploads\/sites\/71\/2019\/11\/ventajas-viajar-tren-2-300x169.jpg 300w\" sizes=\"(max-width: 628px) 100vw, 628px\" \/><\/p>\n<p>El donostiarra\u00a0<strong>Aritz Moreno<\/strong> se encarga de sorprendernos en cada momento. Una sucesi\u00f3n de escenarios muy alejados de lugares comunes, con giros de tuerca extremos y todo acompa\u00f1ado de una fotograf\u00eda prodigiosa obra de\u00a0<a href=\"https:\/\/blogs.diariovasco.com\/fotograma\/2019\/09\/26\/la-trinchera-infinita\/\" target=\"_blank\" rel=\"noopener\"><strong>Javier Agirre Erauso<\/strong><\/a>. A la fotograf\u00eda habr\u00eda que a\u00f1adir un guion que se podr\u00eda considerar suicida en esta \u00e9poca de correcci\u00f3n pol\u00edtica. El texto de\u00a0<strong>Javier Gull\u00f3n<\/strong> es una delicia que imprime un ritmo virtuoso a la pel\u00edcula y la dota de la originalidad que necesitaba.<\/p>\n<p><strong>&#8216;Ventajas de viajar en tren<\/strong><strong>&#8216;<\/strong> se resume muy bien en las secuencias que protagonizan\u00a0<a href=\"https:\/\/blogs.diariovasco.com\/fotograma\/2017\/01\/19\/julieta-donde-quedo-el-verdadero-almodovar\/\" target=\"_blank\" rel=\"noopener\"><strong>Pilar Castro<\/strong><\/a> y\u00a0<a href=\"https:\/\/blogs.diariovasco.com\/fotograma\/2018\/07\/19\/primos\/\" target=\"_blank\" rel=\"noopener\"><strong>Quim Guti\u00e9rrez<\/strong><\/a>. Los dos actores tienen la historia m\u00e1s interesante y hacen un trabajo actoral impresionante. Es el puntosde la pel\u00edcula donde el guion juega m\u00e1s al filo de la navaja. Unos momentos donde un paso en falso o una duda podr\u00eda haber terminado por desbaratar la pel\u00edcula. Pero no, porque\u00a0<strong>Aritz Moreno<\/strong> est\u00e1 realmente convencido de lo que est\u00e1 haciendo, de qu\u00e9 historia est\u00e1 contando y en qu\u00e9 terreno est\u00e1 jugando. Asombroso que una pel\u00edcula del siglo XXI se atreva a tanto y adem\u00e1s como carta de presentaci\u00f3n de su director.<\/p>\n<p><strong>&#8216;Ventajas de viajar en tren&#8217;<\/strong> no es una pel\u00edcula perfecta, ni mucho menos. Hay muchas partes que est\u00e1n cogidas con pinzas, pero como se dice en un momento de la pel\u00edcula &#8220;la verosimilitud est\u00e1 sobrevalorada&#8221;. No vamos a ella para encontrarnos verdad, acudimos a\u00a0<strong>&#8216;Ventajas de viajar en tren&#8217;<\/strong> para que nos sorprenda y nos d\u00e9 alg\u00fan que otro bofet\u00f3n.<\/p>\n<p><strong>Lo mejor<\/strong>: Lo arriesgada que es, las escenas de\u00a0<strong><a href=\"https:\/\/blogs.diariovasco.com\/fotograma\/2017\/01\/19\/julieta-donde-quedo-el-verdadero-almodovar\/\" target=\"_blank\" rel=\"noopener\">Pilar Castro<\/a>\u00a0<\/strong>y <a href=\"https:\/\/blogs.diariovasco.com\/fotograma\/2017\/09\/05\/anacleto-agente-secreto-la-importancia-de-las-segundas-oportunidades\/\" target=\"_blank\" rel=\"noopener\"><strong>Quim Guti\u00e9rrez<\/strong><\/a>, y la escena con &#8216;<em>El amor<\/em>&#8216; de\u00a0<a href=\"https:\/\/blogs.diariovasco.com\/fotograma\/2017\/01\/12\/viva-critica-cine\/\" target=\"_blank\" rel=\"noopener\"><strong>Massiel<\/strong><\/a> de fondo.<\/p>\n<p><strong>Lo peor<\/strong>: El \u00faltimo cap\u00edtulo flojea en comparaci\u00f3n al resto de la historia y como pel\u00edcula no deja de ser una excepci\u00f3n puntual m\u00e1s que un camino a seguir.<\/p>\n<p><img loading=\"lazy\" class=\"aligncenter size-medium wp-image-96\" src=\"https:\/\/static-blogs.diariovasco.com\/wp-content\/uploads\/sites\/71\/2014\/11\/85-300x30.png\" alt=\"Ventajas de viajar en tren\" width=\"300\" height=\"30\" srcset=\"https:\/\/static-blogs.diariovasco.com\/wp-content\/uploads\/sites\/71\/2014\/11\/85-300x30.png 300w, https:\/\/static-blogs.diariovasco.com\/wp-content\/uploads\/sites\/71\/2014\/11\/85.png 564w\" sizes=\"(max-width: 300px) 100vw, 300px\" \/><\/p>\n<p><iframe loading=\"lazy\" width=\"500\" height=\"281\" src=\"https:\/\/www.youtube.com\/embed\/FgS_tWjkLN4?feature=oembed\" frameborder=\"0\" allow=\"accelerometer; autoplay; encrypted-media; gyroscope; picture-in-picture\" allowfullscreen><\/iframe><\/p>\n","protected":false},"excerpt":{"rendered":"<p>No vamos a &#8216;Ventajas de viajar en tren&#8217; para encontrarnos verdad, la verosimilitud est\u00e1 sobrevalorada, acudimos a\u00a0&#8216;Ventajas de viajar en tren&#8217; para que nos sorprenda y nos d\u00e9 alg\u00fan que otro bofet\u00f3n<\/p>\n","protected":false},"author":101,"featured_media":2505,"comment_status":"open","ping_status":"closed","sticky":false,"template":"","format":"standard","meta":[],"categories":[8,11,18],"tags":[6378,303,6377,3739,6376,1178,6375,1592,3470,2051,3365,3580,6379],"_links":{"self":[{"href":"https:\/\/blogs.diariovasco.com\/fotograma\/wp-json\/wp\/v2\/posts\/2502"}],"collection":[{"href":"https:\/\/blogs.diariovasco.com\/fotograma\/wp-json\/wp\/v2\/posts"}],"about":[{"href":"https:\/\/blogs.diariovasco.com\/fotograma\/wp-json\/wp\/v2\/types\/post"}],"author":[{"embeddable":true,"href":"https:\/\/blogs.diariovasco.com\/fotograma\/wp-json\/wp\/v2\/users\/101"}],"replies":[{"embeddable":true,"href":"https:\/\/blogs.diariovasco.com\/fotograma\/wp-json\/wp\/v2\/comments?post=2502"}],"version-history":[{"count":2,"href":"https:\/\/blogs.diariovasco.com\/fotograma\/wp-json\/wp\/v2\/posts\/2502\/revisions"}],"predecessor-version":[{"id":2508,"href":"https:\/\/blogs.diariovasco.com\/fotograma\/wp-json\/wp\/v2\/posts\/2502\/revisions\/2508"}],"wp:featuredmedia":[{"embeddable":true,"href":"https:\/\/blogs.diariovasco.com\/fotograma\/wp-json\/wp\/v2\/media\/2505"}],"wp:attachment":[{"href":"https:\/\/blogs.diariovasco.com\/fotograma\/wp-json\/wp\/v2\/media?parent=2502"}],"wp:term":[{"taxonomy":"category","embeddable":true,"href":"https:\/\/blogs.diariovasco.com\/fotograma\/wp-json\/wp\/v2\/categories?post=2502"},{"taxonomy":"post_tag","embeddable":true,"href":"https:\/\/blogs.diariovasco.com\/fotograma\/wp-json\/wp\/v2\/tags?post=2502"}],"curies":[{"name":"wp","href":"https:\/\/api.w.org\/{rel}","templated":true}]}}