{"id":2931,"date":"2020-03-31T09:00:12","date_gmt":"2020-03-31T07:00:12","guid":{"rendered":"https:\/\/blogs.diariovasco.com\/fotograma\/?p=2931"},"modified":"2020-03-28T12:45:33","modified_gmt":"2020-03-28T11:45:33","slug":"matthias-maxime","status":"publish","type":"post","link":"https:\/\/blogs.diariovasco.com\/fotograma\/2020\/03\/31\/matthias-maxime\/","title":{"rendered":"&#8216;Matthias &#038; Maxime&#8217;: Xavier Dolan cierra un ciclo volviendo a sus or\u00edgenes"},"content":{"rendered":"<p><strong><img loading=\"lazy\" class=\"alignleft wp-image-2935\" src=\"https:\/\/static-blogs.diariovasco.com\/wp-content\/uploads\/sites\/71\/2020\/03\/matthias-maxime-cartel.jpg\" alt=\"Matthias &amp; Maxime\" width=\"307\" height=\"453\" srcset=\"https:\/\/static-blogs.diariovasco.com\/wp-content\/uploads\/sites\/71\/2020\/03\/matthias-maxime-cartel.jpg 307w, https:\/\/static-blogs.diariovasco.com\/wp-content\/uploads\/sites\/71\/2020\/03\/matthias-maxime-cartel-203x300.jpg 203w\" sizes=\"(max-width: 307px) 100vw, 307px\" \/>MATTHIAS &amp; MAXIME<\/strong><\/p>\n<p><strong>T\u00edtulo original<\/strong>:\u00a0Matthias et Maxime<\/p>\n<p><strong>A\u00f1o<\/strong>:\u00a02019<\/p>\n<p><strong>Duraci\u00f3n<\/strong>:\u00a0120 minutos<\/p>\n<p><strong>Pa\u00eds<\/strong>:\u00a0Canad\u00e1<\/p>\n<p><strong>Direcci\u00f3n<\/strong>:\u00a0Xavier Dolan<\/p>\n<p><strong>Guion<\/strong>:\u00a0Xavier Dolan<\/p>\n<p><strong>M\u00fasica<\/strong>:\u00a0Jean-Michel Blais<\/p>\n<p><strong>Fotograf\u00eda<\/strong>:\u00a0Andr\u00e9 Turpin<\/p>\n<p><strong>Reparto<\/strong>:\u00a0Xavier Dolan, Anne Dorval, Pier-Luc Funk, Catherine Brunet, Gabriel D&#8217;Almeida Freitas, Antoine Pilon, Marilyn Castonguay, Adib Alkhalidey, Micheline Bernard y Samuel Gauthier<\/p>\n<p><strong>Productora<\/strong>:\u00a0Sons of Manual<\/p>\n<p><strong>G\u00e9nero<\/strong>:\u00a0Drama<\/p>\n<p><strong>Sinopsis<\/strong>:\u00a0Dos amigos de la infancia se besan como parte de la filmaci\u00f3n de un cortometraje para la universidad. Tras el beso, ambos comienzan a preguntarse cu\u00e1les son sus aut\u00e9nticas preferencias sexuales, lo que pone en peligro la estabilidad de sus v\u00ednculos sociales. (<a href=\"https:\/\/www.filmaffinity.com\/es\/film398138.html\" target=\"_blank\" rel=\"nofollow noopener\">FilmAffinity<\/a>)<\/p>\n<p><strong>&#8216;Matthias &amp; Maxime&#8217;<\/strong> tiene mucho de adi\u00f3s, y tambi\u00e9n de hola. La pel\u00edcula se percibe como un adi\u00f3s a una etapa inicial en su carrera de director, etapa que le ha llevado desde\u00a0<strong>&#8216;<a href=\"https:\/\/blogs.diariovasco.com\/fotograma\/2016\/01\/01\/yo-mate-a-mi-madre-la-opera-prima-de-xavier-dolan\/\" target=\"_blank\" rel=\"noopener\">Yo mat\u00e9 a mi madre<\/a>&#8216;<\/strong> hasta esta pel\u00edcula. Una etapa en la que el director nos ha ido diseccionando su yo, sus filias y fobias, y creando un universo reconocible y realmente atractivo. Eso s\u00ed, en el camino ha ido dejando cad\u00e1veres, entre ellos una cr\u00edtica que por defecto ya pone sus pel\u00edculas una nota m\u00e1s baja.<\/p>\n<p>En\u00a0<strong>&#8216;Matthias &amp; Maxime&#8217;<\/strong> <a href=\"https:\/\/blogs.diariovasco.com\/fotograma\/2017\/01\/10\/solo-fin-mundo-xavier-dolan-critica\/\" target=\"_blank\" rel=\"noopener\"><strong>Xavier Dolan<\/strong><\/a> nos cuenta la historia de dos chicos. Ambos participan en un corto donde tienen que besarse, algo que, en principio, a ninguno de los dos les apetece en exceso. Tras este encuentro, Matthias (<strong>Gabriel D&#8217;Almeida Freitas<\/strong>) se sumir\u00e1 en un mar de dudas, su relaci\u00f3n de pareja se resentir\u00e1 y tendr\u00e1 que gestionar lo que se espera de \u00e9l y lo que \u00e9l quiere ser. Por su parte, Maxime (<a href=\"https:\/\/blogs.diariovasco.com\/fotograma\/2019\/04\/11\/identidad-borrada\/\" target=\"_blank\" rel=\"noopener\"><strong>Xavier Dolan<\/strong><\/a>), est\u00e1 a otras cosas, debe dejar a su madre, dependiente, a cargo de su t\u00eda antes de marcharse a trabajar a Australia.<\/p>\n<p><strong>&#8216;Matthias &amp; Maxime&#8217;<\/strong> a pesar de haber sido catalogada como pel\u00edcula ruidosa es la m\u00e1s silenciosa de\u00a0<a href=\"https:\/\/blogs.diariovasco.com\/fotograma\/2016\/10\/14\/mommy-la-mas-completa-de-xavier-dolan\/\" target=\"_blank\" rel=\"noopener\"><strong>Dolan<\/strong><\/a>. El director canadiense busca un plano m\u00e1s introspectivo, en el que los dos personajes principales, sin decirse demasiado, se est\u00e9n hablando continuamente. El juego de miradas, de indirectas, de frases inacabadas las maneja muy bien en esta ocasi\u00f3n. Y s\u00ed, hay gritos y momentos donde los personajes estallan. Es marca de la casa, igual que los momentos musicales o los cambios de aspecto de imagen.<\/p>\n<p><img loading=\"lazy\" class=\"aligncenter size-full wp-image-2933\" src=\"https:\/\/static-blogs.diariovasco.com\/wp-content\/uploads\/sites\/71\/2020\/03\/matthias-maxime-2.jpg\" alt=\"Matthias &amp; Maxime\" width=\"628\" height=\"353\" srcset=\"https:\/\/static-blogs.diariovasco.com\/wp-content\/uploads\/sites\/71\/2020\/03\/matthias-maxime-2.jpg 628w, https:\/\/static-blogs.diariovasco.com\/wp-content\/uploads\/sites\/71\/2020\/03\/matthias-maxime-2-300x169.jpg 300w\" sizes=\"(max-width: 628px) 100vw, 628px\" \/><\/p>\n<p>La pel\u00edcula no es, ni mucho menos, la m\u00e1s brillante de su filmograf\u00eda. Se trata de una pel\u00edcula bastante menor entre las que ha firmado como director. No es un\u00a0<strong>&#8216;<a href=\"https:\/\/blogs.diariovasco.com\/fotograma\/2016\/10\/14\/mommy-la-mas-completa-de-xavier-dolan\/\" target=\"_blank\" rel=\"noopener\">Mommy<\/a>&#8216;<\/strong>, pero s\u00ed que da buena muestra de \u00e9l como director maduro. Es todo menos impulsivo. Sus personajes, como \u00e9l, est\u00e1n ya en la treintena o roz\u00e1ndola. Se mueven por otras motivaciones, ya buscan una estabilidad.<\/p>\n<p>Tambi\u00e9n muestra por su parte madurez el saber volver a un tipo de cine que controla mejor como este\u00a0<strong>&#8216;Matthias &amp; Maxime&#8217;<\/strong>. Aprendi\u00f3 de lo mal que le sali\u00f3 <strong>&#8216;<a href=\"https:\/\/blogs.diariovasco.com\/fotograma\/2020\/02\/04\/the-death-life-of-john-f-donovan\/\" target=\"_blank\" rel=\"noopener\">The death and life of John F. Donovan<\/a>&#8216;<\/strong>. Volvemos a las identidades en construcci\u00f3n; a las etiquetas, o ausencia de ellas; las relaciones madre e hijo, y a las referencias cinematogr\u00e1ficas y musicales. Esta pel\u00edcula es un retorno a casa y por eso gusta m\u00e1s que sus \u00faltimas cintas. En ella sus fans nos encontramos c\u00f3modos, es un tipo de cine que identificamos mejor con su creador.<\/p>\n<p>Pero como ya he comentado, <strong>&#8216;Matthias &amp; Maxime&#8217;<\/strong> cierra una etapa. El retorno a este terreno era necesario para volver a reivindicarse como director, pero tambi\u00e9n lo era para un futuro salto a saber d\u00f3nde. La misma pel\u00edcula nos habla de un choque generacional: la millennial del director y la centennial del personaje de Erika. Hay un salto que su cine deber\u00e1 abordar necesariamente en el futuro. Los millennial ya no son -somos- adolescentes, estamos en otro punto de nuestra vida donde las tonter\u00edas se acabaron, las dudas fuera y es momento de pasar a la acci\u00f3n. Buena prueba de ello es la escena final, que antes\u00a0<a href=\"https:\/\/blogs.diariovasco.com\/fotograma\/2016\/10\/14\/mommy-la-mas-completa-de-xavier-dolan\/\" target=\"_blank\" rel=\"noopener\"><strong>Dolan<\/strong><\/a> habr\u00eda rodado con la m\u00fasica a todo vol\u00famen y que ahora es en silencio. Miradas, gestos, y nada m\u00e1s. \u00bfHacen falta palabras para decir las cosas? En muchas ocasiones, no.<\/p>\n<p><strong>&#8216;Matthias &amp; Maxime&#8217;<\/strong> es el adi\u00f3s al\u00a0<strong><a href=\"https:\/\/blogs.diariovasco.com\/fotograma\/2019\/09\/10\/it-capitulo-2\/\" target=\"_blank\" rel=\"noopener\">Xavier Dolan<\/a>\u00a0<\/strong>adolescente. Una pel\u00edcula que navega entre los momentos m\u00e1s\u00a0<a href=\"https:\/\/blogs.diariovasco.com\/fotograma\/2018\/02\/08\/tom-en-la-granja-xavier-dolan\/\" target=\"_blank\" rel=\"noopener\"><strong>Dolan<\/strong><\/a> (musicales, sensuales y melodram\u00e1ticos) y una introspecci\u00f3n propia de la madurez del director. Un salto en su cine que veremos por qu\u00e9 caminos lleva en los pr\u00f3ximos a\u00f1os. Aqu\u00ed uno que est\u00e1 deseando ver lo que est\u00e1 por venir.<\/p>\n<p><strong>Lo mejor<\/strong>: Es m\u00e1s reposada que sus otras pel\u00edculas.<\/p>\n<p><strong>Lo peor<\/strong>: Sigue tirando de ciertos clich\u00e9s que no les gustar\u00e1n a sus <em>haters<\/em>.<\/p>\n<p><img loading=\"lazy\" class=\"aligncenter size-medium wp-image-94\" src=\"https:\/\/static-blogs.diariovasco.com\/wp-content\/uploads\/sites\/71\/2014\/11\/75-300x30.png\" alt=\"\" width=\"300\" height=\"30\" srcset=\"https:\/\/static-blogs.diariovasco.com\/wp-content\/uploads\/sites\/71\/2014\/11\/75-300x30.png 300w, https:\/\/static-blogs.diariovasco.com\/wp-content\/uploads\/sites\/71\/2014\/11\/75.png 564w\" sizes=\"(max-width: 300px) 100vw, 300px\" \/><\/p>\n<p><iframe loading=\"lazy\" width=\"500\" height=\"281\" src=\"https:\/\/www.youtube.com\/embed\/O6EufLPVOp8?feature=oembed\" frameborder=\"0\" allow=\"accelerometer; autoplay; encrypted-media; gyroscope; picture-in-picture\" allowfullscreen><\/iframe><\/p>\n","protected":false},"excerpt":{"rendered":"<p>&#8216;Matthias &#038; Maxime&#8217; es el adi\u00f3s al\u00a0Xavier Dolan\u00a0adolescente. Un salto en su cine que veremos por qu\u00e9 caminos lleva en los pr\u00f3ximos a\u00f1os<\/p>\n","protected":false},"author":101,"featured_media":2934,"comment_status":"open","ping_status":"closed","sticky":false,"template":"","format":"standard","meta":[],"categories":[11],"tags":[6876,223,6874,6872,6873,6875,6871,6870,6877,2044,6878,2597],"_links":{"self":[{"href":"https:\/\/blogs.diariovasco.com\/fotograma\/wp-json\/wp\/v2\/posts\/2931"}],"collection":[{"href":"https:\/\/blogs.diariovasco.com\/fotograma\/wp-json\/wp\/v2\/posts"}],"about":[{"href":"https:\/\/blogs.diariovasco.com\/fotograma\/wp-json\/wp\/v2\/types\/post"}],"author":[{"embeddable":true,"href":"https:\/\/blogs.diariovasco.com\/fotograma\/wp-json\/wp\/v2\/users\/101"}],"replies":[{"embeddable":true,"href":"https:\/\/blogs.diariovasco.com\/fotograma\/wp-json\/wp\/v2\/comments?post=2931"}],"version-history":[{"count":1,"href":"https:\/\/blogs.diariovasco.com\/fotograma\/wp-json\/wp\/v2\/posts\/2931\/revisions"}],"predecessor-version":[{"id":2936,"href":"https:\/\/blogs.diariovasco.com\/fotograma\/wp-json\/wp\/v2\/posts\/2931\/revisions\/2936"}],"wp:featuredmedia":[{"embeddable":true,"href":"https:\/\/blogs.diariovasco.com\/fotograma\/wp-json\/wp\/v2\/media\/2934"}],"wp:attachment":[{"href":"https:\/\/blogs.diariovasco.com\/fotograma\/wp-json\/wp\/v2\/media?parent=2931"}],"wp:term":[{"taxonomy":"category","embeddable":true,"href":"https:\/\/blogs.diariovasco.com\/fotograma\/wp-json\/wp\/v2\/categories?post=2931"},{"taxonomy":"post_tag","embeddable":true,"href":"https:\/\/blogs.diariovasco.com\/fotograma\/wp-json\/wp\/v2\/tags?post=2931"}],"curies":[{"name":"wp","href":"https:\/\/api.w.org\/{rel}","templated":true}]}}