{"id":3380,"date":"2020-07-28T09:00:50","date_gmt":"2020-07-28T07:00:50","guid":{"rendered":"https:\/\/blogs.diariovasco.com\/fotograma\/?p=3380"},"modified":"2020-07-26T11:17:58","modified_gmt":"2020-07-26T09:17:58","slug":"la-isla-de-las-mentiras","status":"publish","type":"post","link":"https:\/\/blogs.diariovasco.com\/fotograma\/2020\/07\/28\/la-isla-de-las-mentiras\/","title":{"rendered":"&#8216;La isla de las mentiras&#8217;: thriller en el mar gallego"},"content":{"rendered":"<p><strong><img loading=\"lazy\" class=\"alignleft wp-image-3385\" src=\"https:\/\/static-blogs.diariovasco.com\/wp-content\/uploads\/sites\/71\/2020\/07\/isla-mentiras-cartel.jpg\" alt=\"La isla de las mentiras\" width=\"307\" height=\"453\" srcset=\"https:\/\/static-blogs.diariovasco.com\/wp-content\/uploads\/sites\/71\/2020\/07\/isla-mentiras-cartel.jpg 307w, https:\/\/static-blogs.diariovasco.com\/wp-content\/uploads\/sites\/71\/2020\/07\/isla-mentiras-cartel-203x300.jpg 203w\" sizes=\"(max-width: 307px) 100vw, 307px\" \/>LA ISLA DE LAS MENTIRAS<\/strong><\/p>\n<p><strong>T\u00edtulo original<\/strong>:\u00a0La isla de las mentiras<\/p>\n<p><strong>A\u00f1o<\/strong>:\u00a02020<\/p>\n<p><strong>Duraci\u00f3n<\/strong>: 93 minutos<\/p>\n<p><strong>Pa\u00eds<\/strong>:\u00a0Espa\u00f1a \/ Argentina<\/p>\n<p><strong>Direcci\u00f3n<\/strong>:\u00a0Paula Cons<\/p>\n<p><strong>Guion<\/strong>:\u00a0Paula Cons y Luis Mar\u00edas<\/p>\n<p><strong>Fotograf\u00eda<\/strong>:\u00a0Aitor Mantxola<\/p>\n<p><strong>Reparto<\/strong>:\u00a0Nerea Barros, Aitor Luna, Dar\u00edo Grandinetti, Victoria Teijeiro, Ana Oca, Mar\u00eda Costas, Milo Taboada, Celso Bugallo, Machi Salgado, Leire Berrocal, Javier Tolosa, Sergio Quintana, Miguel Borines, Roberto Leal, Ana Santos y Mela Casal<\/p>\n<p><strong>Productora<\/strong>:\u00a0Agallas Films, Aleph Cine, ETB, Historias del T\u00edo Luis, INCAA, ICAA, Ibermedia, Televisi\u00f3n Espa\u00f1ola, Televisi\u00f3n de Galicia<\/p>\n<p><strong>G\u00e9nero<\/strong>:\u00a0Drama \/ Thriller<\/p>\n<p><strong>Sinopsis<\/strong>:\u00a0La madrugada del 2 de enero de 1921, en medio de una espesa niebla, el vapor Santa Isabel, con 260 emigrantes con destino Buenos Aires, se hundi\u00f3 frente a la escarpada y dura costa de la isla de S\u00e1lvora, en Galicia. Esa noche no hab\u00eda hombres en la isla, estaban celebrando las Navidades en tierra firme. La \u00fanica esperanza de los supervivientes que luchaban por no estrellarse contra las rocas eran las pocas mujeres, viejos y ni\u00f1os que viv\u00edan en este lugar. (<a href=\"https:\/\/www.filmaffinity.com\/es\/film687337.html\" target=\"_blank\" rel=\"nofollow noopener\">FilmAffinity<\/a>)<\/p>\n<p>Ambientada en una remota isla de la r\u00eda de Arousa,\u00a0<strong>&#8216;La isla de las mentiras&#8217;<\/strong> nos sumerge de lleno en la Galicia m\u00e1s marina y rural de principios del XX. Un barco sumerge en la proximidad de esta misteriosa isla donde un peque\u00f1o grupo de habitantes vive en condiciones muy precarias. El barco, que transportaba a m\u00e1s de 200 pasajeros, iba con destino a Buenos Aires. Las siempre peligrosas aguas del Atl\u00e1ntico sumergen la embarcaci\u00f3n desencadenando toda la historia de la pel\u00edcula de\u00a0<strong>Paula Cons<\/strong>.<\/p>\n<p>La cinta nos cuenta c\u00f3mo un grupo de mujeres, no hab\u00eda hombres en la isla en ese momento, se suben a un bote y rescatan a una cincuentena de los pasarejos en la oscura noche de niebla y mala mar. A partir de ah\u00ed arranca la pel\u00edcula de tintes polic\u00edacos donde por un lado se condecorar\u00e1 a las h\u00e9roes y por otra se pone en duda la haza\u00f1a de ellas.<\/p>\n<p><img loading=\"lazy\" class=\"aligncenter size-full wp-image-3384\" src=\"https:\/\/static-blogs.diariovasco.com\/wp-content\/uploads\/sites\/71\/2020\/07\/isla-mentiras-1.jpg\" alt=\"La isla de las mentiras\" width=\"628\" height=\"353\" srcset=\"https:\/\/static-blogs.diariovasco.com\/wp-content\/uploads\/sites\/71\/2020\/07\/isla-mentiras-1.jpg 628w, https:\/\/static-blogs.diariovasco.com\/wp-content\/uploads\/sites\/71\/2020\/07\/isla-mentiras-1-300x169.jpg 300w\" sizes=\"(max-width: 628px) 100vw, 628px\" \/><\/p>\n<p><strong>&#8216;La isla de las mentiras&#8217;<\/strong> es de estas pel\u00edculas que empiezan mejor que terminan.\u00a0<strong>Paula Cons<\/strong> establece las bases de la pel\u00edcula de forma brillante. Nos adentra en el d\u00eda a d\u00eda de estas gente y rueda con escasos medios y mucho gusto las escenas de rescate y hundimiento. Centr\u00e1ndose en las caras de sus protagonistas (<a href=\"https:\/\/blogs.diariovasco.com\/fotograma\/2014\/10\/17\/la-isla-minima-visualmente-hipnotica\/\" target=\"_blank\" rel=\"noopener\"><strong>Nerea Barros<\/strong><\/a>,\u00a0<strong>Victoria Tejero<\/strong> y\u00a0<strong>Ana Oca<\/strong>) vemos el horror, la dureza del entorno y la desesperaci\u00f3n m\u00e1s absolutas.<\/p>\n<p>El caso de misterio va aliment\u00e1ndose con continuos giros que hacen que como espectadores cambiemos nuestro parecer. Vamos, lo que toda la vida ha sido un thriller. En este caso los giros vienen de la mano de un\u00a0<a href=\"https:\/\/blogs.diariovasco.com\/fotograma\/2017\/01\/19\/julieta-donde-quedo-el-verdadero-almodovar\/\" target=\"_blank\" rel=\"noopener\"><strong>Dario Grandinetti<\/strong><\/a> que es el encargado de meter el dedo en la herida y poner patas arriba la isla.<\/p>\n<p>Pero lo que mejor logra la pel\u00edcula es su ambientaci\u00f3n. Escaso de medios, sin muchos extras, se basa m\u00e1s en la potencia del paisaje marino gallego.\u00a0<strong>Paula Cons<\/strong> conoce el entorno y lo exprime como ninguna. La crudeza del mar, la angustia de la niebla y el uso de la luz y el viento, perfecto. Desde la isla vemos tierra firme, el continente como los locales lo llaman, pero es un ente lejano, nada tiene que hacer en este lugar. Es una pel\u00edcula tremendamente global, pero que cuenta una historia muy general. Ideal, dura y potente.<\/p>\n<p><strong>&#8216;La isla de las mentiras&#8217;<\/strong> es un thriller sobre clases sociales con la crudeza del mar gallego como tel\u00f3n de fondo. Una acertada pel\u00edcula que hace de la falta de recursos virtud y exprime a un reparto femenino en plena forma.<\/p>\n<p><strong>Lo mejor<\/strong>: El rodaje del paisaje, transporta directamente a esos lugares solitarios de la costa gallega.<\/p>\n<p><strong>Lo peor<\/strong>: No concluye nada y el final no est\u00e1 a la altura del brillante planteamiento inicial.<\/p>\n<p><img loading=\"lazy\" class=\"aligncenter size-medium wp-image-93\" src=\"https:\/\/static-blogs.diariovasco.com\/wp-content\/uploads\/sites\/71\/2014\/11\/7-300x30.png\" alt=\"La isla de las mentiras\" width=\"300\" height=\"30\" srcset=\"https:\/\/static-blogs.diariovasco.com\/wp-content\/uploads\/sites\/71\/2014\/11\/7-300x30.png 300w, https:\/\/static-blogs.diariovasco.com\/wp-content\/uploads\/sites\/71\/2014\/11\/7.png 564w\" sizes=\"(max-width: 300px) 100vw, 300px\" \/><\/p>\n<p><iframe loading=\"lazy\" width=\"500\" height=\"281\" src=\"https:\/\/www.youtube.com\/embed\/K4gQoDIS5ww?feature=oembed\" frameborder=\"0\" allow=\"accelerometer; autoplay; encrypted-media; gyroscope; picture-in-picture\" allowfullscreen><\/iframe><\/p>\n","protected":false},"excerpt":{"rendered":"<p>&#8216;La isla de las mentiras&#8217; es un thriller sobre clases sociales con el mar gallego como tel\u00f3n de fondo. Hace virtud de la falta de recursos<\/p>\n","protected":false},"author":101,"featured_media":3383,"comment_status":"open","ping_status":"closed","sticky":false,"template":"","format":"standard","meta":[],"categories":[11,18],"tags":[7504,7506,7512,3547,599,7514,3027,7515,7509,7508,7507,7513,7511,5513,1880,7516,5517,7510,7505],"_links":{"self":[{"href":"https:\/\/blogs.diariovasco.com\/fotograma\/wp-json\/wp\/v2\/posts\/3380"}],"collection":[{"href":"https:\/\/blogs.diariovasco.com\/fotograma\/wp-json\/wp\/v2\/posts"}],"about":[{"href":"https:\/\/blogs.diariovasco.com\/fotograma\/wp-json\/wp\/v2\/types\/post"}],"author":[{"embeddable":true,"href":"https:\/\/blogs.diariovasco.com\/fotograma\/wp-json\/wp\/v2\/users\/101"}],"replies":[{"embeddable":true,"href":"https:\/\/blogs.diariovasco.com\/fotograma\/wp-json\/wp\/v2\/comments?post=3380"}],"version-history":[{"count":1,"href":"https:\/\/blogs.diariovasco.com\/fotograma\/wp-json\/wp\/v2\/posts\/3380\/revisions"}],"predecessor-version":[{"id":3386,"href":"https:\/\/blogs.diariovasco.com\/fotograma\/wp-json\/wp\/v2\/posts\/3380\/revisions\/3386"}],"wp:featuredmedia":[{"embeddable":true,"href":"https:\/\/blogs.diariovasco.com\/fotograma\/wp-json\/wp\/v2\/media\/3383"}],"wp:attachment":[{"href":"https:\/\/blogs.diariovasco.com\/fotograma\/wp-json\/wp\/v2\/media?parent=3380"}],"wp:term":[{"taxonomy":"category","embeddable":true,"href":"https:\/\/blogs.diariovasco.com\/fotograma\/wp-json\/wp\/v2\/categories?post=3380"},{"taxonomy":"post_tag","embeddable":true,"href":"https:\/\/blogs.diariovasco.com\/fotograma\/wp-json\/wp\/v2\/tags?post=3380"}],"curies":[{"name":"wp","href":"https:\/\/api.w.org\/{rel}","templated":true}]}}