{"id":351,"date":"2016-06-03T19:23:08","date_gmt":"2016-06-03T17:23:08","guid":{"rendered":"http:\/\/blogs.diariovasco.com\/fotograma\/?p=351"},"modified":"2016-06-03T19:23:08","modified_gmt":"2016-06-03T17:23:08","slug":"la-novia-belleza-para-los-sentidos","status":"publish","type":"post","link":"https:\/\/blogs.diariovasco.com\/fotograma\/2016\/06\/03\/la-novia-belleza-para-los-sentidos\/","title":{"rendered":"&#039;La novia&#039;, belleza para los sentidos"},"content":{"rendered":"<p><strong><img loading=\"lazy\" class=\"alignleft\" title=\"La novia\" src=\"\/\/pics.filmaffinity.com\/la_novia-240801984-large.jpg\" alt=\"\" width=\"298\" height=\"430\" \/>LA NOVIA<\/strong><\/p>\n<p><strong>T\u00edtulo original<\/strong>: La novia<\/p>\n<p><strong>A\u00f1o<\/strong>: 2015<\/p>\n<p><strong>Duraci\u00f3n<\/strong>: 93 minutos<\/p>\n<p><strong>Pa\u00eds<\/strong>: Espa\u00f1a<\/p>\n<p><strong>Directora<\/strong>: Paula Ortiz<\/p>\n<p><strong>Guion<\/strong>: Paula Ortiz y Javier Garc\u00eda Arredondo, basado en &#8216;Bodas de sangre&#8217; de Federico Garc\u00eda Lorca<\/p>\n<p><strong>M\u00fasica<\/strong>: Shigeru Umebayashi<\/p>\n<p><strong>Fotograf\u00eda<\/strong>: Migue Amoedo<\/p>\n<p><strong>Reparto<\/strong>:\u00a0Inma Cuesta,\u00a0Asier Etxeandia,\u00a0\u00c1lex Garc\u00eda,\u00a0Luisa Gavasa,\u00a0Carlos \u00c1lvarez-Novoa,\u00a0Ana Fern\u00e1ndez,\u00a0Consuelo Trujillo,\u00a0Leticia Dolera,\u00a0Mar\u00eda Alfonsa Rosso,\u00a0Manuela Vell\u00e9s,\u00a0Mariana Cordero,\u00a0Carmela del Campo,\u00a0\u00c1lvaro Baumann y\u00a0Anchel Pablo<\/p>\n<p><strong>Productora<\/strong>: Get In The Picture Productions<\/p>\n<p><strong>G\u00e9nero<\/strong>: Rom\u00e1ntico \/ Drama<\/p>\n<p>Adaptaci\u00f3n de &#8220;Bodas de sangre&#8221;, de Lorca. Desde peque\u00f1os, Leonardo, el novio y la novia han formado un tri\u00e1ngulo inseparable, pero cuando se acerca la fecha de la boda las cosas se complican porque entre ella y Leonardo siempre ha habido algo m\u00e1s que amistad. La creciente tensi\u00f3n entre ambos es como un hilo invisible que no se puede explicar, pero tampoco romper. (<a href=\"http:\/\/www.filmaffinity.com\/es\/film436269.html\" target=\"_blank\">FilmAffinity<\/a>)<\/p>\n<p>Hay pel\u00edculas que por cuestiones de la vida no las puedes ver cuando est\u00e1n en el cine, las dejas pasar hasta que un d\u00eda, por casualidad, te vuelves a topar con ellas y las ves. Suelen ser pel\u00edculas de las que te esperas poco, aunque te hayan hablado maravillas de ellas, pero ah\u00ed quedan, en un caj\u00f3n.<\/p>\n<p><a href=\"\/fotograma\/wp-content\/uploads\/sites\/71\/2016\/05\/la-novia.jpg\"><img loading=\"lazy\" class=\"aligncenter size-full wp-image-352\" title=\"la novia\" src=\"\/fotograma\/wp-content\/uploads\/sites\/71\/2016\/05\/la-novia.jpg\" alt=\"\" width=\"1200\" height=\"627\" srcset=\"https:\/\/static-blogs.diariovasco.com\/wp-content\/uploads\/sites\/71\/2016\/05\/la-novia.jpg 1200w, https:\/\/static-blogs.diariovasco.com\/wp-content\/uploads\/sites\/71\/2016\/05\/la-novia-300x157.jpg 300w, https:\/\/static-blogs.diariovasco.com\/wp-content\/uploads\/sites\/71\/2016\/05\/la-novia-768x401.jpg 768w, https:\/\/static-blogs.diariovasco.com\/wp-content\/uploads\/sites\/71\/2016\/05\/la-novia-1024x535.jpg 1024w\" sizes=\"(max-width: 1200px) 100vw, 1200px\" \/><\/a><\/p>\n<p>La suerte de no ser aficionado al f\u00fatbol me permite poder disfrutar de estas peque\u00f1as joyas en intimidad mientras el resto de la humanidad est\u00e1 al borde del infarto por descubrir al campe\u00f3n de la Champions League. Pues bien, mientras eso ocurr\u00eda, pude ver <strong>&#8216;La novia&#8217;<\/strong>\u00a0de Paula Ortiz, una pel\u00edcula que no es una simple pel\u00edcula, es un regalo para los sentidos, belleza de principio a fin.<\/p>\n<p>Admito que no estoy familiarizado con la obra original de Federico Garc\u00eda Lorca, &#8216;Bodas de sangre&#8217;, por lo que mi valoraci\u00f3n es \u00fanica y exclusivamente relativa a la pel\u00edcula. Y con el desconocimiento sobre la obra original, <strong>&#8216;La novia&#8217;<\/strong>,\u00a0funciona a la perfecci\u00f3n. Con una puesta en escena que enamora, con una banda sonora de exquisito gusto y, en general, unas actuaciones a la altura.<\/p>\n<p><img loading=\"lazy\" class=\"aligncenter\" title=\"La novia\" src=\"\/\/pics.filmaffinity.com\/La_novia-271829702-large.jpg\" alt=\"\" width=\"973\" height=\"646\" \/><\/p>\n<p>Una fotograf\u00eda espectacular, que enamora. La belleza del paisaje des\u00e9rtico de Arag\u00f3n y de Capadocia (Turqu\u00eda), se convierte en un personaje m\u00e1s. En esa falta de vida del entorno, que funciona como una atadura m\u00e1s para los personajes, se desarrolla este drama intenso y desgarrador.<\/p>\n<p>La banda sonora es otro personaje m\u00e1s, adem\u00e1s del paisaje y aquellos que interpretan los actores. Una selecci\u00f3n musical exquisita, elegida con un impecable gusto y que se mimetiza perfectamente en la historia.<\/p>\n<p><img loading=\"lazy\" class=\"aligncenter\" title=\"La novia\" src=\"\/\/pics.filmaffinity.com\/La_novia-492956570-large.jpg\" alt=\"\" width=\"1147\" height=\"651\" \/><\/p>\n<p>Respecto a los actores, gran trabajo en general, destacando, sobre todo, a <strong>Asier Etxeandia<\/strong>\u00a0y <strong>Luisa Gavasa<\/strong>, ambos merecedores del Goya, aunque el primero se qued\u00f3 sin \u00e9l. <strong>Inma Cuesta<\/strong>\u00a0lo hace bien, no as\u00ed <strong>\u00c1lex Garc\u00eda<\/strong>, imposible de creer en su papel.<\/p>\n<p>Finalmente, cabe destacar, y no precisamente como aspecto positivo, la absoluta falta de dicci\u00f3n y de vocalizaci\u00f3n de la mayor\u00eda de actores. Una cosa es hablar entre susurros, pero no es necesario arrastrar palabras y hacer ininteligibles la mayor\u00eda de las conversaciones, y este es un problema muy generalizado en el cine espa\u00f1ol. He sentido la tentaci\u00f3n de ponerle subt\u00edtulos a la pel\u00edcula para enterarme de lo que dec\u00edan. Por favor, aprendan de <strong>Etxeandia <\/strong>y <strong>Gavasa<\/strong>, se les entiende claro cuando hablan. El espectador no tiene que saber leer los labios, va al cine a disfrutar y no a trabajar intentando sacar en claro cuatro palabras.<\/p>\n<p><img loading=\"lazy\" class=\"aligncenter\" title=\"La novia\" src=\"\/\/img.ecartelera.com\/img\/61800\/61850_la-novia.jpg\" alt=\"\" width=\"960\" height=\"641\" \/><\/p>\n<p><strong>Lo mejor<\/strong>: fotograf\u00eda, escenarios, localizaci\u00f3n, banda sonora, <strong>Asier Etxeandia<\/strong>\u00a0y <strong>Luisa Gavasa<\/strong>.<\/p>\n<p><strong>Lo peor<\/strong>: <strong>\u00c1lex Garc\u00eda<\/strong>\u00a0y la total incapacidad de gran parte del reparto para saber vocalizar, escuelas de dicci\u00f3n ya.<\/p>\n<p><a href=\"\/fotograma\/wp-content\/uploads\/sites\/71\/2014\/11\/85.png\"><img loading=\"lazy\" class=\"aligncenter size-medium wp-image-96\" title=\"8,5\" src=\"\/fotograma\/wp-content\/uploads\/sites\/71\/2014\/11\/85.png\" alt=\"\" width=\"300\" height=\"29\" srcset=\"https:\/\/static-blogs.diariovasco.com\/wp-content\/uploads\/sites\/71\/2014\/11\/85.png 564w, https:\/\/static-blogs.diariovasco.com\/wp-content\/uploads\/sites\/71\/2014\/11\/85-300x30.png 300w\" sizes=\"(max-width: 300px) 100vw, 300px\" \/><\/a><\/p>\n<p><iframe loading=\"lazy\" src=\"https:\/\/www.youtube.com\/embed\/SASmPFHqDX0?rel=0\" frameborder=\"0\" width=\"640\" height=\"360\"><\/iframe><\/p>\n","protected":false},"excerpt":{"rendered":"<p>LA NOVIA T\u00edtulo original: La novia A\u00f1o: 2015 Duraci\u00f3n: 93 minutos Pa\u00eds: Espa\u00f1a Directora: Paula Ortiz Guion: Paula Ortiz y Javier Garc\u00eda Arredondo, basado en &#8216;Bodas de sangre&#8217; de Federico Garc\u00eda Lorca M\u00fasica: Shigeru Umebayashi Fotograf\u00eda: Migue Amoedo Reparto:\u00a0Inma Cuesta,\u00a0Asier Etxeandia,\u00a0\u00c1lex Garc\u00eda,\u00a0Luisa Gavasa,\u00a0Carlos \u00c1lvarez-Novoa,\u00a0Ana Fern\u00e1ndez,\u00a0Consuelo Trujillo,\u00a0Leticia Dolera,\u00a0Mar\u00eda Alfonsa Rosso,\u00a0Manuela Vell\u00e9s,\u00a0Mariana Cordero,\u00a0Carmela del Campo,\u00a0\u00c1lvaro Baumann y\u00a0Anchel [&hellip;]<\/p>\n","protected":false},"author":101,"featured_media":352,"comment_status":"open","ping_status":"closed","sticky":false,"template":"","format":"standard","meta":[],"categories":[11,14],"tags":[110,150,171,178,267,428,434,543,839,1066,1491,1546,1595,1638,1652,1660,1998],"_links":{"self":[{"href":"https:\/\/blogs.diariovasco.com\/fotograma\/wp-json\/wp\/v2\/posts\/351"}],"collection":[{"href":"https:\/\/blogs.diariovasco.com\/fotograma\/wp-json\/wp\/v2\/posts"}],"about":[{"href":"https:\/\/blogs.diariovasco.com\/fotograma\/wp-json\/wp\/v2\/types\/post"}],"author":[{"embeddable":true,"href":"https:\/\/blogs.diariovasco.com\/fotograma\/wp-json\/wp\/v2\/users\/101"}],"replies":[{"embeddable":true,"href":"https:\/\/blogs.diariovasco.com\/fotograma\/wp-json\/wp\/v2\/comments?post=351"}],"version-history":[{"count":0,"href":"https:\/\/blogs.diariovasco.com\/fotograma\/wp-json\/wp\/v2\/posts\/351\/revisions"}],"wp:featuredmedia":[{"embeddable":true,"href":"https:\/\/blogs.diariovasco.com\/fotograma\/wp-json\/wp\/v2\/media\/352"}],"wp:attachment":[{"href":"https:\/\/blogs.diariovasco.com\/fotograma\/wp-json\/wp\/v2\/media?parent=351"}],"wp:term":[{"taxonomy":"category","embeddable":true,"href":"https:\/\/blogs.diariovasco.com\/fotograma\/wp-json\/wp\/v2\/categories?post=351"},{"taxonomy":"post_tag","embeddable":true,"href":"https:\/\/blogs.diariovasco.com\/fotograma\/wp-json\/wp\/v2\/tags?post=351"}],"curies":[{"name":"wp","href":"https:\/\/api.w.org\/{rel}","templated":true}]}}