{"id":443,"date":"2016-09-22T19:36:48","date_gmt":"2016-09-22T17:36:48","guid":{"rendered":"http:\/\/blogs.diariovasco.com\/fotograma\/?p=443"},"modified":"2016-09-22T19:36:48","modified_gmt":"2016-09-22T17:36:48","slug":"dias-de-festival-7-la-reconquista-el-invierno-y-your-name","status":"publish","type":"post","link":"https:\/\/blogs.diariovasco.com\/fotograma\/2016\/09\/22\/dias-de-festival-7-la-reconquista-el-invierno-y-your-name\/","title":{"rendered":"D\u00edas de Festival 7: &#039;La reconquista&#039;, &#039;El invierno&#039; y &#039;Your Name&#039;"},"content":{"rendered":"<p><a href=\"\/fotograma\/wp-content\/uploads\/sites\/71\/2016\/09\/dias-de-festival-7.jpg\"><img loading=\"lazy\" class=\"aligncenter size-full wp-image-444\" title=\"dias de festival 7\" src=\"\/fotograma\/wp-content\/uploads\/sites\/71\/2016\/09\/dias-de-festival-7.jpg\" alt=\"\" width=\"1200\" height=\"627\" srcset=\"https:\/\/static-blogs.diariovasco.com\/wp-content\/uploads\/sites\/71\/2016\/09\/dias-de-festival-7.jpg 1200w, https:\/\/static-blogs.diariovasco.com\/wp-content\/uploads\/sites\/71\/2016\/09\/dias-de-festival-7-300x157.jpg 300w, https:\/\/static-blogs.diariovasco.com\/wp-content\/uploads\/sites\/71\/2016\/09\/dias-de-festival-7-768x401.jpg 768w, https:\/\/static-blogs.diariovasco.com\/wp-content\/uploads\/sites\/71\/2016\/09\/dias-de-festival-7-1024x535.jpg 1024w\" sizes=\"(max-width: 1200px) 100vw, 1200px\" \/><\/a><\/p>\n<p>El <strong>Zinemaldia<\/strong>\u00a0entra en su recta final. El s\u00e9ptimo d\u00eda del <strong>Festival de Cine\u00a0de San Sebasti\u00e1n<\/strong>\u00a0ha sido uno de los menos llamativos de lo que llevamos de semana. Destaca la japonesa <strong>&#8216;Your Name&#8217;<\/strong>\u00a0segunda apuesta del festival donostiarra por la animaci\u00f3n despu\u00e9s de la buena acogida que tuvo <strong>&#8216;<a title=\"D\u00edas de Festival 5: \u2018Bakemono no Ko\u2019, \u2018El ap\u00f3stata\u2019 y \u2018Taxi Teher\u00e1n\u2019\" href=\"https:\/\/blogs.diariovasco.com\/fotograma\/2015\/09\/22\/dias-de-festival-5-bakemono-no-ko-el-apostata-y-taxi-teheran\/\" target=\"_blank\">El ni\u00f1o y la bestia<\/a>&#8216;<\/strong>\u00a0en la pasada edici\u00f3n. En el apartado de decepciones est\u00e1n la espa\u00f1ola <strong>&#8216;La reconquista&#8217;<\/strong>\u00a0y la argentina <strong>&#8216;El invierno&#8217;<\/strong>, que no han ayudado a sobrellevar demasiado el cansancio que se va notando entre un p\u00fablico entregado que no ha parado de devorar cine durante esta semana.<\/p>\n<p><strong>LA RECONQUISTA<\/strong><\/p>\n<p><a href=\"\/fotograma\/wp-content\/uploads\/sites\/71\/2016\/09\/la-reconquista.jpg\"><img loading=\"lazy\" class=\"aligncenter size-full wp-image-447\" title=\"la reconquista\" src=\"\/fotograma\/wp-content\/uploads\/sites\/71\/2016\/09\/la-reconquista.jpg\" alt=\"\" width=\"1200\" height=\"627\" srcset=\"https:\/\/static-blogs.diariovasco.com\/wp-content\/uploads\/sites\/71\/2016\/09\/la-reconquista.jpg 1200w, https:\/\/static-blogs.diariovasco.com\/wp-content\/uploads\/sites\/71\/2016\/09\/la-reconquista-300x157.jpg 300w, https:\/\/static-blogs.diariovasco.com\/wp-content\/uploads\/sites\/71\/2016\/09\/la-reconquista-768x401.jpg 768w, https:\/\/static-blogs.diariovasco.com\/wp-content\/uploads\/sites\/71\/2016\/09\/la-reconquista-1024x535.jpg 1024w\" sizes=\"(max-width: 1200px) 100vw, 1200px\" \/><\/a><\/p>\n<p><strong>T\u00edtulo original<\/strong>: La reconquista<\/p>\n<p><strong>Director<\/strong>: Jon\u00e1s Trueba<\/p>\n<p><strong>Duraci\u00f3n<\/strong>: 108 minutos<\/p>\n<p><strong>Reparto<\/strong>: Itsaso Arana, Francesco Carril, Aura Garrido, Candela Recio y Pablo Hoyos<\/p>\n<p><strong>Pa\u00eds<\/strong>: Espa\u00f1a<\/p>\n<p><strong>G\u00e9nero<\/strong>: Drama<\/p>\n<p><strong>Sinopsis<\/strong>: Manuela y Olmo se reencuentran en un futuro que se hab\u00edan prometido quince a\u00f1os antes, cuando eran adolescentes y vivieron su primer amor. A partir de esta premisa rom\u00e1ntica, <strong>&#8216;La reconquista&#8217;<\/strong> es, en realidad, una pel\u00edcula en busca del tiempo; o sobre la conciencia del tiempo: del tiempo perdido y del tiempo recuperado; sobre lo que recordamos de nosotros mismos y sobre lo que no recordamos; sobre las palabras, los gestos y los sentimientos a los que seguimos guardando fidelidad, porque nos definen y nos interpelan en el presente, el pasado y el futuro.<\/p>\n<p>Negar que a estas alturas del <strong>Festival<\/strong>\u00a0comienzo a experimentar cierto empacho cinematogr\u00e1fico ser\u00eda faltar a la verdad. El <strong>Zinemaldia<\/strong>\u00a0dura una semana, pero es una semana intensa de cine sin parar, y aunque <em>sarna con gusto no pica<\/em>, el cansancio se va haciendo notar. Es por esto, que acudo a las \u00faltimas pel\u00edculas en ser proyectadas, las 7 que veo en los dos \u00faltimos d\u00edas, con ganas de encontrar algo que me consiga sorprender lo suficiente como para estar dos horas totalmente pendiente de la pantalla de cine y no mirar el reloj a cada rato.<\/p>\n<p>La primera pel\u00edcula proyectada en este d\u00eda corresponde a la cinta espa\u00f1ola <strong>&#8216;La reconquista&#8217;<\/strong>. Se trata una pel\u00edcula nost\u00e1lgica y \u00f1o\u00f1a en la que se pretende ensalzar el primer amor y mostrar c\u00f3mo se comporta el ser humano al reencontrarse con ese amor a\u00f1os despu\u00e9s, aunque dejando claro que el primer amor es eso, el primero, que no volver\u00e1 ni ser\u00e1 lo mismo nunca. Todo esto acompa\u00f1ado de mucha cursiler\u00eda, un ritmo lento y muchas canciones de cantautor.<\/p>\n<p>No soy muy dado a pel\u00edculas rom\u00e1nticas, lo reconozco, me parecen pel\u00edculas cortadas todas por el mismo patr\u00f3n, con excepciones, claro. Pero, sinti\u00e9ndolo mucho, esta pel\u00edcula no es una excepci\u00f3n a esa regla, y a pesar de que adorne el conjunto con cierto aire melanc\u00f3lico y canciones de cantautor repetidas como un taladro, es una m\u00e1s. Es un mejunje complicado de aguantar a primera hora de la ma\u00f1ana, cuando lo que m\u00e1s te apetece es algo vivo como <strong>&#8216;<a title=\"D\u00edas de Festival 2: \u2018El hombre de las mil caras\u2019, \u2018I Am Not Madame Bovary\u2019, \u2018The Oath\u2019 y \u2018Vivir y otras ficciones\u2019\" href=\"https:\/\/blogs.diariovasco.com\/fotograma\/2016\/09\/17\/dias-de-festival-2-el-hombre-de-las-mil-caras-i-am-not-madame-bovary-the-oath-y-vivir-y-otras-ficciones\/\" target=\"_blank\">El hombre de las mil caras<\/a>&#8216;<\/strong>, <strong>&#8216;<a title=\"D\u00edas de Festival 3: \u2018Nocturama\u2019, \u2018The Giant\u2019, \u2018On The Milky Road\u2019 y \u2018El porvenir\u2019\" href=\"https:\/\/blogs.diariovasco.com\/fotograma\/2016\/09\/18\/dias-de-festival-3-nocturama-the-giant-on-the-milky-road-y-el-porvenir\/\" target=\"_blank\">Nocturama<\/a>&#8216;<\/strong>, <strong>&#8216;<a title=\"D\u00edas de Festival 4: \u2018Que Dios nos perdone\u2019, \u2018Lady MacBeth\u2019, \u2018Compte Tes Blessures\u2019 y \u2018Porto\u2019\" href=\"https:\/\/blogs.diariovasco.com\/fotograma\/2016\/09\/19\/dias-de-festival-4-que-dios-nos-perdone-lady-macbeth-compte-tes-blessures-y-porto\/\" target=\"_blank\">Que Dios nos perdone<\/a>&#8216;<\/strong>, <strong>&#8216;<a title=\"D\u00edas de Festival 5: \u2018As You Are\u2019, \u2018Playground\u2019 y \u2018Colossal\u2019\" href=\"https:\/\/blogs.diariovasco.com\/fotograma\/2016\/09\/20\/dias-de-festival-5-as-you-are-playground-y-colossal\/\" target=\"_blank\">Colossal<\/a>&#8216;<\/strong>\u00a0o <strong>&#8216;<a title=\"D\u00edas de Festival 6: \u2018Un monstruo viene a verme\u2019, \u2018Snowden\u2019, \u2018Jes\u00fas\u2019 y \u2018I, Daniel Blake\u2019\" href=\"https:\/\/blogs.diariovasco.com\/fotograma\/2016\/09\/21\/dias-de-festival-6-un-monstruo-viene-a-verme-snowden-jesus-y-i-daniel-blake\/\" target=\"_blank\">Un monstruo viene a verme<\/a>&#8216;<\/strong>\u00a0para terminar de despertarte y afrontar con ganas el marat\u00f3n cinematogr\u00e1fico del d\u00eda. <strong>&#8216;La reconquista&#8217;<\/strong>, aunque bien intencionada, queda mejor como cinta para una tarde de fin de semana en cualquier canal de televisi\u00f3n.<\/p>\n<p>No le doy menos nota por varias razones que paso a explicar. Tiene cierto inter\u00e9s todo el arco argumental que va desde el concierto del padre del personaje interpretado por <strong>Itsaso Arana<\/strong>\u00a0hasta que termina la fiesta en la que bailan <strong>Arana<\/strong>\u00a0y <strong>Francesco Carril<\/strong>, los dos protagonistas. El otro momento \u00e1lgido de la pel\u00edcula es toda la secuencia en la que <strong>Carril<\/strong>\u00a0vuelve a casa, hasta que empieza el innecesario flashback que rompe del todo el ritmo de la cinta. A la pel\u00edcula de <strong>Jon\u00e1s Trueba<\/strong>\u00a0le reconozco tambi\u00e9n la virtud de ser, hasta ahora, la \u00fanica pel\u00edcula de la <strong>Secci\u00f3n Oficial<\/strong>\u00a0sin un trasfondo violento o turbio. Por estos motivos, la cinta no se convierte en un mayor desastre.<\/p>\n<p>Es, con diferencia, la peor propuesta espa\u00f1ola en una <strong>Secci\u00f3n Oficial<\/strong>\u00a0que nos ha dejado un muy buen sabor de nuestro cine con las antes mencionadas pel\u00edculas de <strong>Alberto Rodr\u00edguez<\/strong>\u00a0y <strong>Juan Antonio Bayona<\/strong>,\u00a0o con la hilarante <strong>&#8216;<a title=\"D\u00edas de Festival 1: \u2018La doctora de Brest\u2019, \u2018Orpheline\u2019 y \u2018Manda huevos\u2019\" href=\"https:\/\/blogs.diariovasco.com\/fotograma\/2016\/09\/16\/dias-de-festival-1-la-doctora-de-brest-orpheline-y-manda-huevos\/\" target=\"_blank\">Manda huevos<\/a>&#8216;<\/strong>\u00a0de <strong>Diego Gal\u00e1n<\/strong>. La cinta de <strong>Jon\u00e1s Trueba<\/strong>, en cambio, navega entre aquellas propuestas menores de las pel\u00edculas a concurso, y que pueden darse con un canto en los dientes (aqu\u00ed va el aporte violento para que la pel\u00edcula no desentone del todo) por estar seleccionadas en la categor\u00eda m\u00e1s importante del <strong>Festival de San Sebsti\u00e1n<\/strong>.<\/p>\n<p><a href=\"\/fotograma\/wp-content\/uploads\/sites\/71\/2014\/11\/45.png\"><img loading=\"lazy\" class=\"aligncenter size-medium wp-image-88\" title=\"4,5\" src=\"\/fotograma\/wp-content\/uploads\/sites\/71\/2014\/11\/45.png\" alt=\"\" width=\"300\" height=\"29\" srcset=\"https:\/\/static-blogs.diariovasco.com\/wp-content\/uploads\/sites\/71\/2014\/11\/45.png 564w, https:\/\/static-blogs.diariovasco.com\/wp-content\/uploads\/sites\/71\/2014\/11\/45-300x30.png 300w\" sizes=\"(max-width: 300px) 100vw, 300px\" \/><\/a><\/p>\n<p><iframe loading=\"lazy\" src=\"https:\/\/www.youtube.com\/embed\/wTyrFeYMrRg?rel=0\" frameborder=\"0\" width=\"640\" height=\"360\"><\/iframe><\/p>\n<p><strong>EL INVIERNO<\/strong><\/p>\n<p><a href=\"\/fotograma\/wp-content\/uploads\/sites\/71\/2016\/09\/el-invierno.jpg\"><img loading=\"lazy\" class=\"aligncenter size-full wp-image-445\" title=\"el invierno\" src=\"\/fotograma\/wp-content\/uploads\/sites\/71\/2016\/09\/el-invierno.jpg\" alt=\"\" width=\"1200\" height=\"627\" srcset=\"https:\/\/static-blogs.diariovasco.com\/wp-content\/uploads\/sites\/71\/2016\/09\/el-invierno.jpg 1200w, https:\/\/static-blogs.diariovasco.com\/wp-content\/uploads\/sites\/71\/2016\/09\/el-invierno-300x157.jpg 300w, https:\/\/static-blogs.diariovasco.com\/wp-content\/uploads\/sites\/71\/2016\/09\/el-invierno-768x401.jpg 768w, https:\/\/static-blogs.diariovasco.com\/wp-content\/uploads\/sites\/71\/2016\/09\/el-invierno-1024x535.jpg 1024w\" sizes=\"(max-width: 1200px) 100vw, 1200px\" \/><\/a><\/p>\n<p><strong>T\u00edtulo original<\/strong>: El invierno<\/p>\n<p><strong>Director<\/strong>: Emiliano Torres<\/p>\n<p><strong>Duraci\u00f3n<\/strong>: 93 minutos<\/p>\n<p><strong>Reparto<\/strong>: Alejandro Sieveking, Cristian Salguero, Adri\u00e1n Fondari, Pablo Cedr\u00f3n, Mara Bestelli, Violeta Vidal, Eva Jarriau, Rapha\u00ebl Turrents, Rodrigo Iturralde, Ramiro Arlandi, Omar Baigorria, Perro El Diablo, Nazareno Ram\u00edrez, Sebasti\u00e1n Ferrari Ivovich, Pedro Pablo Burgos y Ana Laura Hern\u00e1ndez<\/p>\n<p><strong>Pa\u00eds<\/strong>: Argentina<\/p>\n<p><strong>G\u00e9nero<\/strong>: Drama<\/p>\n<p><strong>Sinopsis<\/strong>: Evans, el viejo capataz de una estancia patag\u00f3nica, recibe a un grupo de trabajadores que llega para la temporada de esquila. Cada a\u00f1o es igual, lo \u00fanico que cambia son los rostros de los hombres, pero esta vez al final de la esquila, Evans es despedido de la estancia y reemplazado en su puesto por Jara, un joven pe\u00f3n llegado del norte. El cambio no ser\u00e1 f\u00e1cil para ninguno de los dos. Cada uno a su manera deber\u00e1 sobrevivir al siguiente invierno.<\/p>\n<p>Uno de estos pasados d\u00edas comentaba que la programaci\u00f3n del <strong>Festival de San Sebasti\u00e1n<\/strong>\u00a0tiene d\u00edas muy buenos y d\u00edas para olvidar, pues bien, el pen\u00faltimo d\u00eda es para olvidar. A la aburrida <strong>&#8216;La reconquista&#8217;<\/strong>\u00a0se suma la todav\u00eda m\u00e1s tediosa <strong>&#8216;El invierno&#8217;<\/strong>. La cinta argentina es lenta como ninguna, con muy pocos di\u00e1logos y ning\u00fan inter\u00e9s posible del espectador hacia la pel\u00edcula.<\/p>\n<p>Los personajes no interesan, y en un pel\u00edcula que se supone dram\u00e1tica, donde los personajes ven perdida su posici\u00f3n social, su trabajo y su modo de vida la identificaci\u00f3n y el inter\u00e9s deben ser elementos fundamentales. Aqu\u00ed no hay nada de eso, al contrario, la indiferencia es tal que al espectador le importa muy poco echarse una cabezada durante su proyecci\u00f3n.<\/p>\n<p>Al salir del pase del Kursaal de las 16:00 he tratado de encontrar una similitud de esta pel\u00edcula con algo. Pues he aqu\u00ed la similitud, es como el Tour de Francia para los espectadores de la tele. <strong>&#8216;El invierno&#8217;<\/strong>\u00a0es algo que cualquier cin\u00e9filo se pondr\u00eda a ver un d\u00eda donde haya descansado poco y necesite alg\u00fan ruido de fondo mientras echa la siesta.<\/p>\n<p>Su \u00fanico punto a favor es la fotograf\u00eda, espectacular el paisaje de la Patagonia. Para ver algo interesante este a\u00f1o la <strong>Secci\u00f3n Oficial<\/strong>\u00a0ha reservado mejores platos.<\/p>\n<p><a href=\"\/fotograma\/wp-content\/uploads\/sites\/71\"><img loading=\"lazy\" class=\"aligncenter size-medium wp-image-83\" title=\"2\" src=\"\/fotograma\/wp-content\/uploads\/sites\/71\/2014\/11\/2.png\" alt=\"\" width=\"300\" height=\"29\" srcset=\"https:\/\/static-blogs.diariovasco.com\/wp-content\/uploads\/sites\/71\/2014\/11\/2.png 564w, https:\/\/static-blogs.diariovasco.com\/wp-content\/uploads\/sites\/71\/2014\/11\/2-300x30.png 300w\" sizes=\"(max-width: 300px) 100vw, 300px\" \/><\/a><\/p>\n<p><iframe loading=\"lazy\" src=\"https:\/\/www.youtube.com\/embed\/652mg4RcwIc?rel=0\" frameborder=\"0\" width=\"640\" height=\"360\"><\/iframe><\/p>\n<p><strong>YOUR NAME<\/strong><\/p>\n<p><a href=\"\/fotograma\/wp-content\/uploads\/sites\/71\/2016\/09\/kimi-no-na-wa.jpg\"><img loading=\"lazy\" class=\"aligncenter size-full wp-image-446\" title=\"kimi no na wa\" src=\"\/fotograma\/wp-content\/uploads\/sites\/71\/2016\/09\/kimi-no-na-wa.jpg\" alt=\"\" width=\"1200\" height=\"627\" srcset=\"https:\/\/static-blogs.diariovasco.com\/wp-content\/uploads\/sites\/71\/2016\/09\/kimi-no-na-wa.jpg 1200w, https:\/\/static-blogs.diariovasco.com\/wp-content\/uploads\/sites\/71\/2016\/09\/kimi-no-na-wa-300x157.jpg 300w, https:\/\/static-blogs.diariovasco.com\/wp-content\/uploads\/sites\/71\/2016\/09\/kimi-no-na-wa-768x401.jpg 768w, https:\/\/static-blogs.diariovasco.com\/wp-content\/uploads\/sites\/71\/2016\/09\/kimi-no-na-wa-1024x535.jpg 1024w\" sizes=\"(max-width: 1200px) 100vw, 1200px\" \/><\/a><\/p>\n<p><strong>T\u00edtulo original<\/strong>: Kimi No Na Wa<\/p>\n<p><strong>Director<\/strong>: Makoto Shinkai<\/p>\n<p><strong>Duraci\u00f3n<\/strong>: 105 minutos<\/p>\n<p><strong>Pa\u00eds<\/strong>: Jap\u00f3n<\/p>\n<p><strong>G\u00e9nero<\/strong>: Animaci\u00f3n \/ Drama \/ Ciencia ficci\u00f3n<\/p>\n<p><strong>Sinopsis<\/strong>: Taki despierta de lo que parece haber sido un sue\u00f1o muy importante. Pero en una habitaci\u00f3n desconocida y no en su cuerpo\u2026 sino en el de una chica. Por otro lado, Mitsuha es una adolescente aburrida de vivir en un pueblo en las monta\u00f1as, que ruega a Dios poder ser un apuesto chico de Tokio en su pr\u00f3xima vida. A la ma\u00f1ana siguiente, Mitsuha despierta convertida en un estudiante de bachillerato. Gracias a la informaci\u00f3n que va recopilando a su alrededor, descubre a qui\u00e9n pertenece el cuerpo que est\u00e1 habitando. Se llama Taki. Sus cuerpos se han intercambiado. Cuando vuelven a despertar, descubren que han regresado a su yo anterior. Pero el sue\u00f1o trae consigo el intercambio de cuerpos una y otra vez. Misteriosamente, se repite el mismo patr\u00f3n todos los d\u00edas. Los dos act\u00faan dando palos de ciego en esos cuerpos que les resultan tan poco familiares, pero comienzan a dejarse notas para comunicarse. Torpemente, consiguen ir superando un reto tras otro y se va creando entre ellos un v\u00ednculo que poco a poco se convierte en algo m\u00e1s. Sin embargo, hay algo que todav\u00eda no saben\u2026 Algo inesperado est\u00e1 a punto de ser revelado.<\/p>\n<p>En la pasada edici\u00f3n del <strong>Zinemaldia<\/strong>\u00a0debut\u00f3 una cinta de animaci\u00f3n entre las propuestas de la <strong>Secci\u00f3n Oficial<\/strong>. Aquel &#8216;<strong><a title=\"D\u00edas de Festival 5: \u2018Bakemono no Ko\u2019, \u2018El ap\u00f3stata\u2019 y \u2018Taxi Teher\u00e1n\u2019\" href=\"https:\/\/blogs.diariovasco.com\/fotograma\/2015\/09\/22\/dias-de-festival-5-bakemono-no-ko-el-apostata-y-taxi-teheran\/\" target=\"_blank\">El ni\u00f1o y la bestia<\/a><\/strong>&#8216;, me cautiv\u00f3, convirti\u00e9ndose en mi cinta favorita de las que compitieron en la 63 edici\u00f3n del <strong>Festival de San Sebasti\u00e1n<\/strong>. Este a\u00f1o recib\u00ed con alegr\u00eda la proyecci\u00f3n de <strong>&#8216;Your Name&#8217;<\/strong>\u00a0dentro de la misma secci\u00f3n, aunque fuera de concurso.<\/p>\n<p>La pel\u00edcula japonesa es el \u00fanico punto positivo de un d\u00eda que se ha tornado triste en cuanto a nivel cinematogr\u00e1fico. La pel\u00edcula de <strong>Makoto Shinkai<\/strong>\u00a0es luz, sobre todo en su primera hora. Una propuesta viva, alegre, intensa y emocional. Consigue estar al nivel, e incluso superar, a muchas de las pel\u00edculas de carne y hueso que hemos podido ver estos d\u00edas.<\/p>\n<p>Tal vez peque de repetir en exceso los momentos musicales. En verdad, dichos momentos sobran bastante, podr\u00edamos haber terminado la pel\u00edcula 20 minutos antes. Pero todo ello no es \u00f3bice para que haya recibido uno de los mayores aplausos por parte de la prensa acreditada. Un sonoro aplauso de un p\u00fablico entregado que ha recibido con los brazos abiertos la segunda apuesta de <strong>Rebordinos<\/strong>\u00a0por la animaci\u00f3n.<\/p>\n<p><a href=\"\/fotograma\/wp-content\/uploads\/sites\/71\"><img loading=\"lazy\" class=\"aligncenter size-medium wp-image-93\" title=\"7\" src=\"\/fotograma\/wp-content\/uploads\/sites\/71\/2014\/11\/7.png\" alt=\"\" width=\"300\" height=\"29\" srcset=\"https:\/\/static-blogs.diariovasco.com\/wp-content\/uploads\/sites\/71\/2014\/11\/7.png 564w, https:\/\/static-blogs.diariovasco.com\/wp-content\/uploads\/sites\/71\/2014\/11\/7-300x30.png 300w\" sizes=\"(max-width: 300px) 100vw, 300px\" \/><\/a><\/p>\n<p><iframe loading=\"lazy\" src=\"https:\/\/www.youtube.com\/embed\/RBBrZ3d2sJE?rel=0\" frameborder=\"0\" width=\"640\" height=\"360\"><\/iframe><\/p>\n","protected":false},"excerpt":{"rendered":"<p>El Zinemaldia entra en su recta final. El s\u00e9ptimo d\u00eda del Festival de Cine de San Sebasti\u00e1n ha sido uno de los menos llamativos de lo que llevamos de semana. Destaca la japonesa &#8216;Your Name&#8217; segunda apuesta del festival donostiarra por la animaci\u00f3n despu\u00e9s de la buena acogida que tuvo &#8216;El ni\u00f1o y la bestia&#8217; en la pasada edici\u00f3n. En el apartado de decepciones est\u00e1n la espa\u00f1ola &#8216;La reconquista&#8217; y la argentina &#8216;El invierno&#8217;, que no han ayudado a sobrellevar demasiado el cansancio que se va notando entre un p\u00fablico entregado que no ha parado de devorar cine durante esta semana.<\/p>\n","protected":false},"author":101,"featured_media":444,"comment_status":"open","ping_status":"closed","sticky":false,"template":"","format":"standard","meta":[],"categories":[3,7,11],"tags":[58,104,173,278,423,557,746,779,817,854,875,1086,1325,1459,1492,1625,1640,1874,1932,1954,1955,2003,2012,2080,2086,2168,2233,2273,2546,2611,2622],"_links":{"self":[{"href":"https:\/\/blogs.diariovasco.com\/fotograma\/wp-json\/wp\/v2\/posts\/443"}],"collection":[{"href":"https:\/\/blogs.diariovasco.com\/fotograma\/wp-json\/wp\/v2\/posts"}],"about":[{"href":"https:\/\/blogs.diariovasco.com\/fotograma\/wp-json\/wp\/v2\/types\/post"}],"author":[{"embeddable":true,"href":"https:\/\/blogs.diariovasco.com\/fotograma\/wp-json\/wp\/v2\/users\/101"}],"replies":[{"embeddable":true,"href":"https:\/\/blogs.diariovasco.com\/fotograma\/wp-json\/wp\/v2\/comments?post=443"}],"version-history":[{"count":0,"href":"https:\/\/blogs.diariovasco.com\/fotograma\/wp-json\/wp\/v2\/posts\/443\/revisions"}],"wp:featuredmedia":[{"embeddable":true,"href":"https:\/\/blogs.diariovasco.com\/fotograma\/wp-json\/wp\/v2\/media\/444"}],"wp:attachment":[{"href":"https:\/\/blogs.diariovasco.com\/fotograma\/wp-json\/wp\/v2\/media?parent=443"}],"wp:term":[{"taxonomy":"category","embeddable":true,"href":"https:\/\/blogs.diariovasco.com\/fotograma\/wp-json\/wp\/v2\/categories?post=443"},{"taxonomy":"post_tag","embeddable":true,"href":"https:\/\/blogs.diariovasco.com\/fotograma\/wp-json\/wp\/v2\/tags?post=443"}],"curies":[{"name":"wp","href":"https:\/\/api.w.org\/{rel}","templated":true}]}}