{"id":471,"date":"2016-10-19T12:38:33","date_gmt":"2016-10-19T10:38:33","guid":{"rendered":"http:\/\/blogs.diariovasco.com\/fotograma\/?p=471"},"modified":"2016-10-19T12:38:33","modified_gmt":"2016-10-19T10:38:33","slug":"angeles-y-demonios-mejora-el-ritmo-la-tension-y-el-interes","status":"publish","type":"post","link":"https:\/\/blogs.diariovasco.com\/fotograma\/2016\/10\/19\/angeles-y-demonios-mejora-el-ritmo-la-tension-y-el-interes\/","title":{"rendered":"&#039;\u00c1ngeles y demonios&#039;, mejora el ritmo, la tensi\u00f3n y el inter\u00e9s"},"content":{"rendered":"<p><strong><img loading=\"lazy\" class=\"alignleft\" title=\"Angeles y demonios\" src=\"\/\/pics.filmaffinity.com\/ngeles_y_demonios-801904990-large.jpg\" alt=\"\" width=\"323\" height=\"432\" \/>\u00c1NGELES Y DEMONIOS<\/strong><\/p>\n<p><strong>T\u00edtulo original<\/strong>: Angels &#038; Demons<\/p>\n<p><strong>A\u00f1o<\/strong>: 2009<\/p>\n<p><strong>Duraci\u00f3n<\/strong>: 138 minutos<\/p>\n<p><strong>Pa\u00eds<\/strong>: Estados Unidos<\/p>\n<p><strong>Director<\/strong>: Ron Howard<\/p>\n<p><strong>Guion<\/strong>: Akiva Goldsman y David Koepp<\/p>\n<p><strong>M\u00fasica<\/strong>: Hans Zimmer<\/p>\n<p><strong>Fotograf\u00eda<\/strong>: Salvatore Totino<\/p>\n<p><strong>Reparto<\/strong>:\u00a0Tom Hanks,\u00a0Ewan McGregor,\u00a0Ayelet Zurer,\u00a0Stellan Skarsg\u00e5rd,\u00a0Pierfrancesco Favino,\u00a0Nikolaj Lie Kaas,\u00a0Armin Mueller-Stahl,\u00a0Thure Lindhardt,\u00a0David Pasquesi,Cosimo Fusco y\u00a0Victor Alfieri<\/p>\n<p><strong>Productora<\/strong>: Columbia Pictures<\/p>\n<p><strong>G\u00e9nero<\/strong>: Thriller<\/p>\n<p>Puedes leer tambi\u00e9n sobre otras pel\u00edculas basadas en las novelas de\u00a0<strong>Dan Brown<\/strong>\u00a0como\u00a0<strong>&#8216;<a title=\"\u2018El c\u00f3digo Da Vinci\u2019, la pel\u00edcula anticl\u00edmax\" href=\"https:\/\/blogs.diariovasco.com\/fotograma\/2016\/10\/17\/el-codigo-da-vinci-la-pelicula-anticlimax\/\" target=\"_blank\">El c\u00f3digo Da Vinci<\/a>&#8216;<\/strong>\u00a0e\u00a0<strong>&#8216;<a title=\"\u2018Inferno\u2019, un batiburrillo que no engancha\" href=\"https:\/\/blogs.diariovasco.com\/fotograma\/2016\/10\/21\/inferno-un-batiburrillo-que-no-engancha\/\" target=\"_blank\">Inferno<\/a>&#8216;<\/strong>.<\/p>\n<p>El profesor de simbolog\u00eda religiosa Robert Langdon, absorto en la investigaci\u00f3n de una antigua secta sat\u00e1nica, la de los &#8220;Illuminati&#8221;, busca el arma m\u00e1s mort\u00edfera de la humanidad (antimateria), que algunos miembros de esta secta han introducido en el Vaticano. Langdon y una cient\u00edfica italiana se lanzan a una carrera contrarreloj para evitar el desastre. (<a title=\"\u00c1ngeles y demonios\" href=\"http:\/\/www.filmaffinity.com\/es\/film810307.html\" target=\"_blank\">FilmAffinity<\/a>)<\/p>\n<p>Despu\u00e9s de una primera entrega que convenci\u00f3 al p\u00fablico, por su recaudaci\u00f3n, pero no a la cr\u00edtica, <strong>Ron Howard<\/strong>\u00a0y <strong>Tom Hanks<\/strong>\u00a0(<strong>&#8216;<a title=\"\u2018El puente de los esp\u00edas\u2019, poca acci\u00f3n y mucho personaje\" href=\"https:\/\/blogs.diariovasco.com\/fotograma\/2016\/02\/19\/el-puente-de-los-espias-poca-accion-y-mucho-personaje\/\" target=\"_blank\">El puente de los esp\u00edas<\/a>&#8216;<\/strong>)\u00a0regresan a la carga con <strong>&#8216;\u00c1ngeles y demonios&#8217;<\/strong>. Originalmente \u00e9sta debi\u00f3 ser la primera entrega en el cine, si atendemos a la serie literaria, pero mejor comenzar con el best-seller y despu\u00e9s explotar toda la franquicia.<\/p>\n<p><a href=\"\/fotograma\/wp-content\/uploads\/sites\/71\/2016\/10\/angeles-y-demonios.jpg\"><img loading=\"lazy\" class=\"aligncenter size-full wp-image-472\" title=\"angeles y demonios\" src=\"\/fotograma\/wp-content\/uploads\/sites\/71\/2016\/10\/angeles-y-demonios.jpg\" alt=\"\" width=\"1200\" height=\"627\" srcset=\"https:\/\/static-blogs.diariovasco.com\/wp-content\/uploads\/sites\/71\/2016\/10\/angeles-y-demonios.jpg 1200w, https:\/\/static-blogs.diariovasco.com\/wp-content\/uploads\/sites\/71\/2016\/10\/angeles-y-demonios-300x157.jpg 300w, https:\/\/static-blogs.diariovasco.com\/wp-content\/uploads\/sites\/71\/2016\/10\/angeles-y-demonios-768x401.jpg 768w, https:\/\/static-blogs.diariovasco.com\/wp-content\/uploads\/sites\/71\/2016\/10\/angeles-y-demonios-1024x535.jpg 1024w\" sizes=\"(max-width: 1200px) 100vw, 1200px\" \/><\/a><\/p>\n<p>Si <strong>&#8216;<a title=\"\u2018El c\u00f3digo Da Vinci\u2019, la pel\u00edcula anticl\u00edmax\" href=\"https:\/\/blogs.diariovasco.com\/fotograma\/2016\/10\/17\/el-codigo-da-vinci-la-pelicula-anticlimax\/\" target=\"_blank\">El c\u00f3digo Da Vinci<\/a>&#8216;<\/strong>\u00a0comenzaba con mucha fuerza y despu\u00e9s se desinflaba, <strong>&#8216;\u00c1ngeles y demonios&#8217;<\/strong>\u00a0consigue mantener mejor el ritmo a lo largo de toda la cinta. Los hechos que narra permiten que la tensi\u00f3n se mantenga en lo alto de principio a final. As\u00ed mismo, el guion facilita que el espectador est\u00e9 m\u00e1s atento durante las m\u00e1s de dos horas que dura la cinta basada en el libro de <strong>Dan Brown<\/strong>.<\/p>\n<p>En esta segunda entrega de las historias de Robert Langdon, el escenario es la Ciudad del Vaticano, as\u00ed que, ya lo puedes imaginar, la Iglesia Cat\u00f3lica se neg\u00f3 en rotundo a que pudieran rodar en sus edificios y lugares. Y, como ocurriera con <strong>&#8216;<a title=\"\u2018El c\u00f3digo Da Vinci\u2019, la pel\u00edcula anticl\u00edmax\" href=\"https:\/\/blogs.diariovasco.com\/fotograma\/2016\/10\/17\/el-codigo-da-vinci-la-pelicula-anticlimax\/\" target=\"_blank\">El c\u00f3digo Da Vinci<\/a>&#8216;<\/strong>, esto result\u00f3 en una publicidad gratuita para la pel\u00edcula.<\/p>\n<p><img loading=\"lazy\" class=\"aligncenter\" title=\"Angeles y demonios\" src=\"\/\/pics.filmaffinity.com\/ngeles_y_demonios-987486917-large.jpg\" alt=\"\" width=\"1200\" height=\"805\" \/><\/p>\n<p>En <strong>&#8216;\u00c1ngeles y demonios&#8217;<\/strong>\u00a0se suman <strong>Ewan McGregor<\/strong>\u00a0(<strong>&#8216;<a title=\"D\u00edas de Festival 8: \u2018American Pastoral\u2019, \u2018Ikari\u2019, \u2018Yourself And Yours\u2019 y \u2018The Odyssey\u2019\" href=\"https:\/\/blogs.diariovasco.com\/fotograma\/2016\/09\/23\/dias-de-festival-8-american-pastoral-ikari-yourself-and-yours-y-the-odyssey\/\" target=\"_blank\">American Pastoral<\/a>&#8216;<\/strong>) y\u00a0<strong>Stellan Skarsg\u00e5rd<\/strong>\u00a0(<strong>&#8216;<a title=\"\u2018Mamma Mia!\u2019, despidiendo el verano a ritmo de ABBA\" href=\"https:\/\/blogs.diariovasco.com\/fotograma\/2014\/08\/29\/mamma-mia-despidiendo-el-verano-a-ritmo-de-musica\/\" target=\"_blank\">Mamma Mia!<\/a>&#8216;<\/strong>), el resto de actores son int\u00e9rpretes italianos que el gran p\u00fablico no conoce. En general, nos encontramos ante un reparto m\u00e1s en forma que en <strong>&#8216;<a title=\"\u2018El c\u00f3digo Da Vinci\u2019, la pel\u00edcula anticl\u00edmax\" href=\"https:\/\/blogs.diariovasco.com\/fotograma\/2016\/10\/17\/el-codigo-da-vinci-la-pelicula-anticlimax\/\" target=\"_blank\">El c\u00f3digo Da Vinci<\/a>&#8216;<\/strong>. Se nota que el material literario en el que se basa esta pel\u00edcula no tiene el mismo tir\u00f3n de aquel, era necesario destacar y ofrecer algo m\u00e1s.<\/p>\n<p><strong>Howard<\/strong>\u00a0y compa\u00f1\u00eda consiguen construir una historia m\u00e1s sensata y disfrutable por el espectador. Aunque la parte de la ciencia ficci\u00f3n sigue ah\u00ed, <strong>&#8216;\u00c1ngeles y demonios&#8217;<\/strong>\u00a0es m\u00e1s digerible que su hermana mayor. Una pel\u00edcula para los amantes del cine de acci\u00f3n. Abstenerse religiosos empedernidos.<\/p>\n<p><img loading=\"lazy\" class=\"aligncenter\" title=\"Angeles y demonios\" src=\"\/\/pics.filmaffinity.com\/ngeles_y_demonios-468385250-large.jpg\" alt=\"\" width=\"1781\" height=\"1200\" \/><\/p>\n<p><strong>Lo mejor<\/strong>: la recreaci\u00f3n de las localizaciones, especialmente el Vaticano.<\/p>\n<p><strong>Lo peor<\/strong>: tiene un acto central m\u00e1s irregular, falla en mantener el ritmo constante.<\/p>\n<p><a href=\"\/fotograma\/wp-content\/uploads\/sites\/71\"><img loading=\"lazy\" class=\"aligncenter size-medium wp-image-93\" title=\"7\" src=\"\/fotograma\/wp-content\/uploads\/sites\/71\/2014\/11\/7.png\" alt=\"\" width=\"300\" height=\"29\" srcset=\"https:\/\/static-blogs.diariovasco.com\/wp-content\/uploads\/sites\/71\/2014\/11\/7.png 564w, https:\/\/static-blogs.diariovasco.com\/wp-content\/uploads\/sites\/71\/2014\/11\/7-300x30.png 300w\" sizes=\"(max-width: 300px) 100vw, 300px\" \/><\/a><\/p>\n<p><iframe loading=\"lazy\" src=\"https:\/\/www.youtube.com\/embed\/kS3HjPPiofM?rel=0\" frameborder=\"0\" width=\"640\" height=\"360\"><\/iframe><\/p>\n","protected":false},"excerpt":{"rendered":"<p>El profesor de simbolog\u00eda religiosa Robert Langdon, absorto en la investigaci\u00f3n de una antigua secta sat\u00e1nica, la de los &#8220;Illuminati&#8221;, busca el arma m\u00e1s mort\u00edfera de la humanidad (antimateria), que algunos miembros de esta secta han introducido en el Vaticano. Langdon y una cient\u00edfica italiana se lanzan a una carrera contrarreloj para evitar el desastre.<\/p>\n","protected":false},"author":101,"featured_media":472,"comment_status":"open","ping_status":"closed","sticky":false,"template":"","format":"standard","meta":[],"categories":[18],"tags":[202,204,252,282,550,631,825,1905,2046,2175,2348,2443,2469,2533],"_links":{"self":[{"href":"https:\/\/blogs.diariovasco.com\/fotograma\/wp-json\/wp\/v2\/posts\/471"}],"collection":[{"href":"https:\/\/blogs.diariovasco.com\/fotograma\/wp-json\/wp\/v2\/posts"}],"about":[{"href":"https:\/\/blogs.diariovasco.com\/fotograma\/wp-json\/wp\/v2\/types\/post"}],"author":[{"embeddable":true,"href":"https:\/\/blogs.diariovasco.com\/fotograma\/wp-json\/wp\/v2\/users\/101"}],"replies":[{"embeddable":true,"href":"https:\/\/blogs.diariovasco.com\/fotograma\/wp-json\/wp\/v2\/comments?post=471"}],"version-history":[{"count":0,"href":"https:\/\/blogs.diariovasco.com\/fotograma\/wp-json\/wp\/v2\/posts\/471\/revisions"}],"wp:featuredmedia":[{"embeddable":true,"href":"https:\/\/blogs.diariovasco.com\/fotograma\/wp-json\/wp\/v2\/media\/472"}],"wp:attachment":[{"href":"https:\/\/blogs.diariovasco.com\/fotograma\/wp-json\/wp\/v2\/media?parent=471"}],"wp:term":[{"taxonomy":"category","embeddable":true,"href":"https:\/\/blogs.diariovasco.com\/fotograma\/wp-json\/wp\/v2\/categories?post=471"},{"taxonomy":"post_tag","embeddable":true,"href":"https:\/\/blogs.diariovasco.com\/fotograma\/wp-json\/wp\/v2\/tags?post=471"}],"curies":[{"name":"wp","href":"https:\/\/api.w.org\/{rel}","templated":true}]}}