{"id":478,"date":"2016-10-28T10:42:59","date_gmt":"2016-10-28T08:42:59","guid":{"rendered":"http:\/\/blogs.diariovasco.com\/fotograma\/?p=478"},"modified":"2016-10-28T10:42:59","modified_gmt":"2016-10-28T08:42:59","slug":"ot-la-pelicula-para-los-autenticos-fans-de-los-triunfitos","status":"publish","type":"post","link":"https:\/\/blogs.diariovasco.com\/fotograma\/2016\/10\/28\/ot-la-pelicula-para-los-autenticos-fans-de-los-triunfitos\/","title":{"rendered":"&#039;Ot: la pel\u00edcula&#039;, para los aut\u00e9nticos fans de los triunfitos"},"content":{"rendered":"<p><strong><img loading=\"lazy\" class=\"alignleft\" title=\"OT: la pel\u00edcula\" src=\"\/\/pics.filmaffinity.com\/ot_la_pelicula-165488355-large.jpg\" alt=\"\" width=\"318\" height=\"454\" \/>OT: LA PEL\u00cdCULA<\/strong><\/p>\n<p><strong>T\u00edtulo original<\/strong>: OT: la pel\u00edcula<\/p>\n<p><strong>A\u00f1o<\/strong>: 2002<\/p>\n<p><strong>Duraci\u00f3n<\/strong>: 85 minutos<\/p>\n<p><strong>Pa\u00eds<\/strong>: Espa\u00f1a<\/p>\n<p><strong>Director<\/strong>: Jaume Balaguer\u00f3 y Paco Plaza<\/p>\n<p><strong>Guion<\/strong>: Jaume Balaguer\u00f3 y Paco Plaza<\/p>\n<p><strong>Fotograf\u00eda<\/strong>: Pablo Rosso<\/p>\n<p><strong>Reparto<\/strong>: Rosa L\u00f3pez, David Bisbal, David Bustamante, Chenoa, Manu Tenorio, Ver\u00f3nica Romero, Gisela Llad\u00f3, Nuria Ferg\u00f3, Naim Thomas, \u00c1lex Casademunt, Alejandro Parre\u00f1o, Juan Camus, Natalia, Geno Machado, Javi\u00e1n, Mireia Mont\u00e1vez y Poty<\/p>\n<p><strong>Productora<\/strong>: Academia de Artistas S.L.<\/p>\n<p><strong>G\u00e9nero<\/strong>: Documental<\/p>\n<p>Documental sobre la multitudinaria gira de los alumnos de &#8220;Operaci\u00f3n Triunfo&#8221;, un exitoso programa espa\u00f1ol consistente en una academia musical televisada para formar a j\u00f3venes cantantes. Dicho programa obtuvo alt\u00edsimas cuotas de audiencia en la televisi\u00f3n espa\u00f1ola, los discos de sus galas se vendieron por cientos de miles y facilitaron -inicialmente- las carreras profesionales de todos sus participantes. Narra la gira veraniega durante la cual los j\u00f3venes, convertidos en estrellas, recorrieron Espa\u00f1a dando conciertos. (<a title=\"OT: La Pel\u00edcula\" href=\"http:\/\/www.filmaffinity.com\/es\/film787489.html\" target=\"_blank\">FilmAffinity<\/a>)<\/p>\n<p>2002 fue el a\u00f1o en que Espa\u00f1a entera se paraliz\u00f3 para ver la aventura de 16 chicos y chicas en busca de su sue\u00f1o, cantar. <strong>Operaci\u00f3n Triunfo<\/strong> fue, es y ser\u00e1 historia viva de nuestra televisi\u00f3n y cultura popular. Negar la influencia de este programa en toda una generaci\u00f3n, incluso en m\u00e1s de una, es negar la realidad. <strong>Operaci\u00f3n Triunfo<\/strong> marc\u00f3 de tal manera que hoy, con el reencuentro, 15 a\u00f1os despu\u00e9s, est\u00e1 volviendo a paralizar al pa\u00eds.<\/p>\n<p><iframe loading=\"lazy\" src=\"https:\/\/www.youtube.com\/embed\/v9d_yHWitpQ?rel=0\" frameborder=\"0\" width=\"640\" height=\"360\"><\/iframe><\/p>\n<p>Aquellos <strong>Bisbal<\/strong>, <strong>Chenoa<\/strong>, <strong>Bustamante<\/strong>, <strong>Rosa<\/strong>, <strong>Naim<\/strong>, <strong>Gisela<\/strong>, <strong>Manu<\/strong>, <strong>Ver\u00f3nica<\/strong> o <strong>Nuria<\/strong>, enamoraron a todo un pa\u00eds con sus ilusiones durante 5 meses de programa de televisi\u00f3n. Ellos devolvieron al <strong>Festival de Eurovisi\u00f3n<\/strong> al primer plano que nunca debi\u00f3 haber abandonado, y consiguieron un hito hist\u00f3rico al marcar la incre\u00edble cifra de un 80% de cuota de pantalla durante el <strong>Festival de Eurovisi\u00f3n 2002<\/strong>, algo imposible de repetir hoy por hoy. M\u00e1s de 12 millones de personas segu\u00edan en directo a unos chicos crecer hasta convertirse en estrellas de la m\u00fasica.<\/p>\n<p>El cuento fue bonito, nos ilusion\u00f3 a todos, pero tambi\u00e9n dej\u00f3 tras de s\u00ed una pel\u00edcula, un documental. Los posteriormente directores de cine de terror, <strong>Balaguer\u00f3<\/strong>\u00a0y <strong>Plaza<\/strong>, probaron suerte con este documental que tiene m\u00e1s de intenci\u00f3n que de resultado. Una historia \u00fanicamente contada para los fans fans fans del formato, entre los que me incluyo, pero que tiene poco de art\u00edstico o cinematogr\u00e1fico. En general, todos los documentales sobre conciertos tienen esa carencia, aportan realmente poco m\u00e1s.<\/p>\n<p><iframe loading=\"lazy\" src=\"https:\/\/www.youtube.com\/embed\/LFeAWFfdsd8?rel=0\" frameborder=\"0\" width=\"640\" height=\"360\"><\/iframe><\/p>\n<p>Su mayor virtud es mostrar como un grupo de chavales pasa del anonimato m\u00e1s absoluto, con permiso de <strong>Naim Thomas<\/strong> que s\u00ed hab\u00eda tenido alg\u00fan que otro papel relevante en el cine, incluyendo la famosa escena de ba\u00f1era en <strong>&#8216;Caricias&#8217;<\/strong>, al estrellato m\u00e1s desmesurado. Las dudas, los miedos, los llantos, las alegr\u00edas, los ba\u00f1os de masas y las soledades m\u00e1s buscadas, todo eso lo recoge un documental, al que hay que reprochar que se queda m\u00e1s en la insinuaci\u00f3n que en el mensaje directo que deber\u00eda tener. Se dejan entrever algunas de las confesiones que estos d\u00edas, los mismos protagonistas, est\u00e1n volviendo a sacar a colaci\u00f3n.<\/p>\n<p><strong>Operaci\u00f3n Triunfo<\/strong> aport\u00f3 mucho a la m\u00fasica, ya que consigui\u00f3 que la imparable decadencia de un sistema de industria musical en Espa\u00f1a viviera un par de a\u00f1os extra de esplendor gracias a chicos y chicas que fueron dejados de lado por los importantes de la industria, los mismos que hoy matar\u00edan por cantar con <strong>Bisbal<\/strong>, por poner un ejemplo. <strong>Operaci\u00f3n Triunfo<\/strong> resucit\u00f3 la m\u00fasica en la televisi\u00f3n y aport\u00f3 una nueva forma de hacer realitys y talent shows dejando de lado el tono de bronca y morbo de <strong>Gran Hermano<\/strong> o <strong>Supervivientes<\/strong>.<\/p>\n<p><iframe loading=\"lazy\" src=\"https:\/\/www.youtube.com\/embed\/vX-zcE42Tvc?rel=0\" frameborder=\"0\" width=\"640\" height=\"360\"><\/iframe><\/p>\n<p>Este documental, igual que la serie de documentales que ahora <strong>La 1 <\/strong>de<strong> Televisi\u00f3n Espa\u00f1ola<\/strong> emite, son un regalo para los fans. Para todos los dem\u00e1s, detractores, haters o gente que pasa de este fen\u00f3meno de masas, ser\u00e1 un documental sumamente aburrido y que pasar\u00e1 con m\u00e1s pena que gloria.<\/p>\n<p><strong>Lo mejor<\/strong>: tiene pinceladas de cruda realidad con las confesiones de los 16 triunfitos.<\/p>\n<p><strong>Lo peor<\/strong>: las actuaciones en directo est\u00e1n muy mal rodadas y no consigue el efecto que documentales como\u00a0<strong>&#8216;<a title=\"\u2018En la cama con Madonna\u2019, tributo a la Reina del Pop\" href=\"https:\/\/blogs.diariovasco.com\/fotograma\/2015\/05\/22\/en-la-cama-con-madonna-tributo-a-la-reina-del-pop\/\" target=\"_blank\">En la cama con Madonna<\/a>&#8216;<\/strong>\u00a0s\u00ed consegu\u00eda.<\/p>\n<p><a href=\"\/fotograma\/wp-content\/uploads\/sites\/71\"><img loading=\"lazy\" class=\"aligncenter size-medium wp-image-87\" title=\"4\" src=\"\/fotograma\/wp-content\/uploads\/sites\/71\/2014\/11\/4.png\" alt=\"\" width=\"300\" height=\"29\" srcset=\"https:\/\/static-blogs.diariovasco.com\/wp-content\/uploads\/sites\/71\/2014\/11\/4.png 564w, https:\/\/static-blogs.diariovasco.com\/wp-content\/uploads\/sites\/71\/2014\/11\/4-300x30.png 300w\" sizes=\"(max-width: 300px) 100vw, 300px\" \/><\/a><\/p>\n<p><iframe loading=\"lazy\" src=\"https:\/\/www.youtube.com\/embed\/myJYnB3Buzs?rel=0\" frameborder=\"0\" width=\"640\" height=\"360\"><\/iframe><\/p>\n","protected":false},"excerpt":{"rendered":"<p>OT: la pel\u00edcula, igual que la serie de documentales que ahora La 1 de Televisi\u00f3n Espa\u00f1ola emite, son un regalo para los fans. Para todos los dem\u00e1s, detractores, haters o gente que pasa de este fen\u00f3meno de masas, ser\u00e1 un documental sumamente aburrido y que pasar\u00e1 con m\u00e1s pena que gloria.<\/p>\n","protected":false},"author":101,"featured_media":479,"comment_status":"open","ping_status":"closed","sticky":false,"template":"","format":"standard","meta":[],"categories":[10],"tags":[103,107,474,609,613,922,950,1175,1176,1359,1635,1817,1851,1859,1914,1937,1947,1948,1957,2056,2187,2530],"_links":{"self":[{"href":"https:\/\/blogs.diariovasco.com\/fotograma\/wp-json\/wp\/v2\/posts\/478"}],"collection":[{"href":"https:\/\/blogs.diariovasco.com\/fotograma\/wp-json\/wp\/v2\/posts"}],"about":[{"href":"https:\/\/blogs.diariovasco.com\/fotograma\/wp-json\/wp\/v2\/types\/post"}],"author":[{"embeddable":true,"href":"https:\/\/blogs.diariovasco.com\/fotograma\/wp-json\/wp\/v2\/users\/101"}],"replies":[{"embeddable":true,"href":"https:\/\/blogs.diariovasco.com\/fotograma\/wp-json\/wp\/v2\/comments?post=478"}],"version-history":[{"count":0,"href":"https:\/\/blogs.diariovasco.com\/fotograma\/wp-json\/wp\/v2\/posts\/478\/revisions"}],"wp:featuredmedia":[{"embeddable":true,"href":"https:\/\/blogs.diariovasco.com\/fotograma\/wp-json\/wp\/v2\/media\/479"}],"wp:attachment":[{"href":"https:\/\/blogs.diariovasco.com\/fotograma\/wp-json\/wp\/v2\/media?parent=478"}],"wp:term":[{"taxonomy":"category","embeddable":true,"href":"https:\/\/blogs.diariovasco.com\/fotograma\/wp-json\/wp\/v2\/categories?post=478"},{"taxonomy":"post_tag","embeddable":true,"href":"https:\/\/blogs.diariovasco.com\/fotograma\/wp-json\/wp\/v2\/tags?post=478"}],"curies":[{"name":"wp","href":"https:\/\/api.w.org\/{rel}","templated":true}]}}