{"id":582,"date":"2017-03-14T09:00:42","date_gmt":"2017-03-14T08:00:42","guid":{"rendered":"http:\/\/blogs.diariovasco.com\/fotograma\/?p=556"},"modified":"2017-03-14T09:00:56","modified_gmt":"2017-03-14T08:00:56","slug":"jackie-un-vision-diferente-a-la-primera-dama-mas-famosa","status":"publish","type":"post","link":"https:\/\/blogs.diariovasco.com\/fotograma\/2017\/03\/14\/jackie-un-vision-diferente-a-la-primera-dama-mas-famosa\/","title":{"rendered":"&#039;Jackie&#039;, un visi\u00f3n diferente a la primera dama m\u00e1s famosa"},"content":{"rendered":"<p><strong><img loading=\"lazy\" class=\"alignleft\" title=\"Jackie\" src=\"\/\/pics.filmaffinity.com\/Jackie-457365380-large.jpg\" alt=\"\" width=\"285\" height=\"422\" \/>JACKIE<\/strong><\/p>\n<p><strong>T\u00edtulo original<\/strong>: Jackie<\/p>\n<p><strong>A\u00f1o<\/strong>: 2016<\/p>\n<p><strong>Duraci\u00f3n<\/strong>: 95 minutos<\/p>\n<p><strong>Pa\u00eds<\/strong>: Estados Unidos<\/p>\n<p><strong>Director<\/strong>: Pablo Larra\u00edn<\/p>\n<p><strong>Guion<\/strong>: Noah Oppenheim<\/p>\n<p><strong>M\u00fasica<\/strong>: Mica Levi<\/p>\n<p><strong>Fotograf\u00eda<\/strong>: St\u00e9phane Fontaine<\/p>\n<p><strong>Reparto<\/strong>:\u00a0Natalie Portman,\u00a0Peter Sarsgaard,\u00a0Billy Crudup,\u00a0John Hurt,\u00a0Greta Gerwig,\u00a0John Carroll Lynch,\u00a0Richard E. Grant,\u00a0Max Casella,\u00a0Beth Grant,\u00a0Caspar Phillipson,\u00a0Julie Judd,\u00a0Sara Verhagen,\u00a0Sunnie Pelant,\u00a0H\u00e9l\u00e8ne Kuhn,\u00a0Deborah Findlay y Corey Johnson<\/p>\n<p><strong>Productora<\/strong>: LD Entertainment<\/p>\n<p><strong>G\u00e9nero<\/strong>: Drama \/ Biogr\u00e1fico<\/p>\n<p>Pel\u00edcula sobre la ex primera dama estadounidense Jacqueline Kennedy, centrada en los d\u00edas inmediatamente posteriores al asesinato de JFK, en Dallas, el 22 de noviembre del a\u00f1o 1963. (<a title=\"Jackie\" href=\"http:\/\/www.filmaffinity.com\/es\/film178161.html\" target=\"_blank\">FilmAffinity<\/a>)<\/p>\n<p>En un momento donde la pol\u00edtica estadounidense nos interesa tanto por un hombre llamado Donald Trump, la llegada de <strong>&#8216;Jackie&#8217;<\/strong>\u00a0a la cartelera a finales de febrero puede llamarse como poner una pica en Flandes. La pel\u00edcula no pudo haber llegado en un momento m\u00e1s oportuno, casi todo lo contrario a este post, que de seguir la t\u00f3nica habitual tendr\u00eda que haberse publicado justo despu\u00e9s de su estreno, pero entre los <strong>\u00d3scars<\/strong>, otros estrenos intermedios y alguna que otra promesa de pel\u00edcula a comentar, ha ido releg\u00e1ndose hasta casi un mes despu\u00e9s.<\/p>\n<p><a href=\"\/fotograma\/wp-content\/uploads\/sites\/71\/2017\/02\/jackie.jpg\"><img loading=\"lazy\" class=\"aligncenter size-full wp-image-559\" title=\"jackie\" src=\"\/fotograma\/wp-content\/uploads\/sites\/71\/2017\/02\/jackie.jpg\" alt=\"\" width=\"1200\" height=\"627\" \/><\/a><\/p>\n<p>A pesar de esta demora, <strong>&#8216;Jackie&#8217;<\/strong>\u00a0merece un an\u00e1lisis pormenorizado que aqu\u00ed viene, porque una pel\u00edcula biogr\u00e1fica donde se analiza una de las figuras p\u00fablicas femeninas m\u00e1s importantes de la historia merece su an\u00e1lisis exhaustivo. Y es que es imposible negar la influencia que Jacqeline Bouvier Kennedy ejerci\u00f3 como primera dama, como referente de la moda y como la imagen de la mujer estadounidense durante tantos a\u00f1os. Su turbulenta vida social al lado de John Fitzgerald Kennedy o al lado de Arist\u00f3teles Onassis la convirtieron tambi\u00e9n en una figura de primer nivel para la prensa rosa.<\/p>\n<p>As\u00ed y todo, en <strong>&#8216;Jackie&#8217;<\/strong>\u00a0se nos muestra la figura de la primera dama en las horas previas y, sobre todo, posteriores al atentado en Dallas donde JFK perdi\u00f3 la vida. Se nos presenta a una mujer luchadora, superada por las circunstancias y decidida que no quiso quedarse en un segundo plano. Esas horas hicieron de Jackie la mujer de los Estados Unidos, y marc\u00f3 una senda incuestionable para futuras primeras damas que no siempre han sabido llenar con acierto sus sucesoras.<\/p>\n<p><img loading=\"lazy\" class=\"aligncenter\" title=\"Jackie\" src=\"\/\/pics.filmaffinity.com\/Jackie-383271637-large.jpg\" alt=\"\" width=\"1920\" height=\"1008\" \/><\/p>\n<p>El gran fuerte de <strong>&#8216;Jackie&#8217;<\/strong>\u00a0es la actuaci\u00f3n de su protagonista, <strong>Natalie Portman<\/strong>, que hace suyo el papel y da el resto con el personaje de Jacqueline Kennedy. Consigue, probablemente, la mejor actuaci\u00f3n de su carrera, muy por encima de <strong>&#8216;<a title=\"\u2018Cisne negro\u2019, la b\u00fasqueda desesperada de la perfecci\u00f3n\" href=\"https:\/\/blogs.diariovasco.com\/fotograma\/2016\/08\/05\/cisne-negro-la-busqueda-desesperada-de-la-perfeccion\/\" target=\"_blank\">Cisne Negro<\/a>&#8216;<\/strong>\u00a0y alejada ya de sus dudosos papeles del inicio de su carrera. La actriz se reivindica como int\u00e9rprete con su mejor papel hasta la fecha, un personaje que mima y que dota de un nuevo nivel.<\/p>\n<p>La cinta tiene adem\u00e1s la gran virtud de no liar al espectador, y mira que podr\u00eda ser f\u00e1cil por estar narrado con saltos temporales constantes. Una narraci\u00f3n inteligente, f\u00e1cil de seguir, con suficiente \u00e9pica y emoci\u00f3n, aunque con cierta frialdad. Se tiene que poner realmente duro en el momento del atentado en Dallas para provocar un peque\u00f1o sobresalto en el espectador, pero en ning\u00fan otro momento se crea un nudo en el est\u00f3mago.<\/p>\n<p><img loading=\"lazy\" class=\"aligncenter\" title=\"Jackie\" src=\"\/\/pics.filmaffinity.com\/Jackie-916998622-large.jpg\" alt=\"\" width=\"1800\" height=\"1200\" \/><\/p>\n<p>La cinta es tambi\u00e9n el \u00faltimo trabajo del gran <strong>Jon Hurt<\/strong>, recientemente fallecido. DEP<\/p>\n<p><strong>Lo mejor<\/strong>: la interpretaci\u00f3n de <strong>Natalie Portman<\/strong>.<\/p>\n<p><strong>Lo peor<\/strong>: le falta emoci\u00f3n.<\/p>\n<p><a href=\"\/fotograma\/wp-content\/uploads\/sites\/71\/2014\/11\/75.png\"><img loading=\"lazy\" class=\"aligncenter size-medium wp-image-94\" title=\"7,5\" src=\"\/fotograma\/wp-content\/uploads\/sites\/71\/2014\/11\/75.png\" alt=\"\" width=\"300\" height=\"29\" srcset=\"https:\/\/static-blogs.diariovasco.com\/wp-content\/uploads\/sites\/71\/2014\/11\/75.png 564w, https:\/\/static-blogs.diariovasco.com\/wp-content\/uploads\/sites\/71\/2014\/11\/75-300x30.png 300w\" sizes=\"(max-width: 300px) 100vw, 300px\" \/><\/a><\/p>\n<p><iframe loading=\"lazy\" src=\"\/\/www.youtube.com\/embed\/_d_mDVLB8Jg\" frameborder=\"0\" width=\"425\" height=\"350\"><\/iframe><\/p>\n","protected":false},"excerpt":{"rendered":"<p>En Jackie se nos muestra la figura de la primera dama en las horas previas y, sobre todo, posteriores al atentado en Dallas donde JFK perdi\u00f3 la vida. Se nos presenta a una mujer luchadora, superada por las circunstancias y decidida que no quiso quedarse en un segundo plano<\/p>\n","protected":false},"author":101,"featured_media":591,"comment_status":"open","ping_status":"closed","sticky":false,"template":"","format":"standard","meta":[],"categories":[6,11],"tags":[334,354,2733,546,2739,2742,2744,2746,2749,2750,2752,2760,1864,2763,2765,2766,2768,2771],"_links":{"self":[{"href":"https:\/\/blogs.diariovasco.com\/fotograma\/wp-json\/wp\/v2\/posts\/582"}],"collection":[{"href":"https:\/\/blogs.diariovasco.com\/fotograma\/wp-json\/wp\/v2\/posts"}],"about":[{"href":"https:\/\/blogs.diariovasco.com\/fotograma\/wp-json\/wp\/v2\/types\/post"}],"author":[{"embeddable":true,"href":"https:\/\/blogs.diariovasco.com\/fotograma\/wp-json\/wp\/v2\/users\/101"}],"replies":[{"embeddable":true,"href":"https:\/\/blogs.diariovasco.com\/fotograma\/wp-json\/wp\/v2\/comments?post=582"}],"version-history":[{"count":1,"href":"https:\/\/blogs.diariovasco.com\/fotograma\/wp-json\/wp\/v2\/posts\/582\/revisions"}],"predecessor-version":[{"id":590,"href":"https:\/\/blogs.diariovasco.com\/fotograma\/wp-json\/wp\/v2\/posts\/582\/revisions\/590"}],"wp:featuredmedia":[{"embeddable":true,"href":"https:\/\/blogs.diariovasco.com\/fotograma\/wp-json\/wp\/v2\/media\/591"}],"wp:attachment":[{"href":"https:\/\/blogs.diariovasco.com\/fotograma\/wp-json\/wp\/v2\/media?parent=582"}],"wp:term":[{"taxonomy":"category","embeddable":true,"href":"https:\/\/blogs.diariovasco.com\/fotograma\/wp-json\/wp\/v2\/categories?post=582"},{"taxonomy":"post_tag","embeddable":true,"href":"https:\/\/blogs.diariovasco.com\/fotograma\/wp-json\/wp\/v2\/tags?post=582"}],"curies":[{"name":"wp","href":"https:\/\/api.w.org\/{rel}","templated":true}]}}