{"id":622,"date":"2017-06-06T09:00:14","date_gmt":"2017-06-06T07:00:14","guid":{"rendered":"http:\/\/blogs.diariovasco.com\/fotograma\/?p=618"},"modified":"2017-06-06T09:00:14","modified_gmt":"2017-06-06T07:00:14","slug":"kalebegiak-cuando-tienes-12-historias-y-no-todas-cumplen","status":"publish","type":"post","link":"https:\/\/blogs.diariovasco.com\/fotograma\/2017\/06\/06\/kalebegiak-cuando-tienes-12-historias-y-no-todas-cumplen\/","title":{"rendered":"&#039;Kalebegiak&#039;, cuando tienes 12 historias y no todas cumplen"},"content":{"rendered":"<p><strong><img loading=\"lazy\" class=\"alignleft\" title=\"Kalebegiak\" src=\"https:\/\/pics.filmaffinity.com\/kalebegiak-230178527-large.jpg\" alt=\"Kalebegiak | El fotograma\" width=\"307\" height=\"453\" \/>KALEBEGIAK<\/strong><\/p>\n<p><strong>T\u00edtulo original<\/strong>: Kalebegiak<\/p>\n<p><strong>A\u00f1o<\/strong>: 2016<\/p>\n<p><strong>Duraci\u00f3n<\/strong>: 100 minutos<\/p>\n<p><strong>Pa\u00eds<\/strong>: Espa\u00f1a<\/p>\n<p><strong>Director<\/strong>:\u00a0Koldo Almandoz,\u00a0Asier Altuna,\u00a0Luiso Berdejo,\u00a0Daniel Calparsoro,\u00a0I\u00f1aki Camacho,Borja Cobeaga,\u00a0Mar\u00eda Elorza,\u00a0Telmo Esnal,\u00a0Maider Fernandez Iriarte,Isabel Herguera,\u00a0Ekain Irigoien,\u00a0Julio Medem,\u00a0Izibene O\u00f1ederra,\u00a0Gracia Querejeta y Imanol Uribe<\/p>\n<p><strong>Guion<\/strong>:\u00a0Koldo Almandoz,\u00a0Asier Altuna,\u00a0Telmo Esnal,\u00a0K\u00e1ndido Uranga,\u00a0Luiso Berderjo,\u00a0Daniel Calparsoro,\u00a0Borja Cobeaga,\u00a0Diego San Jos\u00e9,\u00a0Ekaitz Cruz,\u00a0Mar\u00eda Elorza,\u00a0Maider Fern\u00e1ndez,\u00a0Isabel Herguera,\u00a0Izibene O\u00f1ederra,\u00a0Ekain Irigoien,\u00a0Inko Mart\u00edn y Julio Medem<\/p>\n<p><strong>M\u00fasica<\/strong>:\u00a0Ignacio Bilbao,\u00a0Xabier Erkizia,\u00a0Pascal Gaigne,\u00a0Alberto Iglesias,\u00a0Angel Illarramendi,Xabier Otaolea,\u00a0Javi Pez,\u00a0Alba Sanchez,\u00a0Joserra Senperena y Javier Ucar<\/p>\n<p><strong>Fotograf\u00eda<\/strong>:\u00a0Javier Agirre Erauso,\u00a0Gonzalo Berridi,\u00a0Pedro Castro,\u00a0Gorka Gomez Andreu,\u00a0Flavio Labiano,\u00a0Aitor Mantxola y Odei Zabaleta<\/p>\n<p><strong>Reparto<\/strong>:\u00a0Ram\u00f3n Agirre,\u00a0Marta Etura,\u00a0B\u00e1rbara Goenaga,\u00a0Paco Sagarzazu,\u00a0Alfonso Torregrosa,Kandido Uranga,\u00a0Nagore Aranburu,\u00a0Egoitz Lasa,\u00a0Xabier Perurena y\u00a0Javier Tolosa<\/p>\n<p><strong>Productora<\/strong>: Moriarti Produkzioak<\/p>\n<p><strong>G\u00e9nero<\/strong>: Drama \/ Comedia<\/p>\n<p>Doce cortometrajes, doce retratos de la ciudad de San Sebasti\u00e1n. Nombres hist\u00f3ricos y j\u00f3venes promesas de la cinematograf\u00eda guipuzcoana conviven en esta pel\u00edcula impulsada por Donostia \/ San Sebasti\u00e1n 2016, Capital Europea de la Cultura. (<a title=\"Kalebegiak\" href=\"https:\/\/www.filmaffinity.com\/es\/film292836.html\" target=\"_blank\">FilmAffinity<\/a>)<\/p>\n<p><img loading=\"lazy\" class=\"aligncenter\" title=\"Iraila\" src=\"\/\/www.kalebegiak.eus\/wp-content\/uploads\/2016\/09\/Iraila.jpg\" alt=\"Kalebegiak | El fotograma\" width=\"2048\" height=\"858\" \/><\/p>\n<p>Producida dentro de San Sebasti\u00e1n 2016, <strong>&#8216;Kalebegiak&#8217;<\/strong>\u00a0es la mirada de 12 directores, 15 en realidad, sobre la ciudad de San Sebasti\u00e1n. Aqu\u00ed hay para todos los gustos, las cosas como son, es imposible detestar las 12 historias, como es imposible amarlas todas. Y esto es el principal lastre de una pel\u00edcula compuesta por tantas piezas. Y para ser m\u00e1s preciso ir\u00e9 desgranando una a una todas ellas.<\/p>\n<p>Comienza la historia con <strong>&#8216;Iraila&#8217;<\/strong>\u00a0de <strong>Asier Altuna <\/strong>\u00a0(<strong>&#8216;<a title=\"D\u00edas de Festival 3: \u201921 nuits avec Pattie\u2019, \u2018Sparrows\u2019 y \u2018Amama\u2019\" href=\"https:\/\/blogs.diariovasco.com\/fotograma\/2015\/09\/20\/dias-de-festival-3-21-nuits-avec-pattie-sparrows-y-amama\/\" target=\"_blank\">Amama<\/a>&#8216;<\/strong>) y <strong>Telmo Esnal<\/strong>. El corto sigue a un pescador que se acerca a la isla de Santa Clara en pleno domingo de regata de La Concha y sufre un accidente. Sus gritos de socorro se enmudecen entre todo el ruido de la fiesta del remo. Como inicio es potente y supone una de las historias mejor construidas de todas. Tiene poes\u00eda, tiene melancol\u00eda y produce un sentimiento desasosegante que cala.<\/p>\n<p><img loading=\"lazy\" class=\"aligncenter\" title=\"Txintxorro\" src=\"\/\/www.kalebegiak.eus\/wp-content\/uploads\/2016\/09\/Txintxorro.jpg\" alt=\"Kalebegiak | El fotograma\" width=\"1680\" height=\"704\" \/><\/p>\n<p>La segunda historia, <strong>&#8216;Kutxa beltza&#8217;<\/strong>, de <strong>Isabel Herguera<\/strong>\u00a0e <strong>Izibene O\u00f1ederra<\/strong>, es el \u00fanico corto de animaci\u00f3n de la pel\u00edcula. Sigue las andanzas de un perro. Me result\u00f3 anodina, molesta y con un tipo de animaci\u00f3n tremendamente cansina. De las 12 historias me parece la peor de todas, un momento de descanso hasta la siguiente historia.<\/p>\n<p><strong>Gracia Querejeta<\/strong>\u00a0presenta en <strong>&#8216;Txintxorro&#8217;<\/strong>\u00a0una historia de adolescentes. Con la excusa de preparar un barco para el Abordaje Pirata, dos ni\u00f1os y una ni\u00f1a conversan y se pelean en esa edad de descubrir el primer amor. Frente a la inocencia de ellos dos, la chica aporta ese grado de madurez al que llegan antes las chicas y que colisiona con la infantilidad de los chicos a esa edad.<\/p>\n<p><img loading=\"lazy\" class=\"aligncenter\" title=\"Kalebegiak\" src=\"\/\/www.kalebegiak.eus\/wp-content\/uploads\/2016\/09\/La-casa-del-frio.jpg\" alt=\"Kalebegiak | El fotograma\" width=\"2048\" height=\"858\" \/><\/p>\n<p><strong>Imanol Uribe<\/strong>\u00a0(<strong>&#8216;<a title=\"D\u00edas de Festival 6: \u2018El Rey de La Habana\u2019, \u2018Moira\u2019, \u2018Lejos del mar\u2019 y \u2018Freeheld\u2019\" href=\"https:\/\/blogs.diariovasco.com\/fotograma\/2015\/09\/23\/dias-de-festival-6-el-rey-de-la-habana-moira-lejos-del-mar-y-freeheld\/\" target=\"_blank\">Lejos del mar<\/a>&#8216;<\/strong>) nos trae uno de los dos documentales que componen este cuadro. En <strong>&#8216;La casa del fr\u00edo&#8217;<\/strong>\u00a0nos acercamos a esa gente que vive en la calle y requiere de la ayuda econ\u00f3mica de otros para poder sobrevivir. La historia de una serie de personas, que durante la noche residen en un barrac\u00f3n de Zorroaga y durante el d\u00eda est\u00e1n obligados a deambular por la ciudad esperando que llegue la noche siguiente. La otra cara de Donostia.<\/p>\n<p>La historia del colgante en <strong>&#8216;Puntu itsua&#8217;<\/strong>, de <strong>I\u00f1aki Camacho<\/strong>, es correcta, cumple. Ni molesta, ni sobra, ni falta. Es una historia que pasa sin pena ni gloria y que habla de la bondad humana. Bien rodada, pero llegados a este punto el p\u00fablico reclama historias con m\u00e1s gancho que en este caso no llegan con esta historia.<\/p>\n<p><img loading=\"lazy\" class=\"aligncenter\" title=\"Kalebegiak\" src=\"\/\/www.kalebegiak.eus\/wp-content\/uploads\/2016\/09\/Kresala.jpg\" alt=\"Kalebegiak | El fotograma\" width=\"2048\" height=\"858\" \/><\/p>\n<p><strong>&#8216;Kresala&#8217;<\/strong>\u00a0de <strong>Ekain Irigoien<\/strong>\u00a0es una de las apuestas m\u00e1s arriesgadas del conjunto. Una historia tremendamente dura, con un final aterrador y que marca la oscuridad y la frialdad de esa vecina letal que tiene Donostia, la mar. Historia sobrecogedora de un padre que busca en la tormenta el cuerpo de sus hijos. La fuerza de la mar vuelve a aparecer aqu\u00ed como en casi todas las historias de la cinta.<\/p>\n<p>Cruzamos el ecuador con la historia de <strong>&#8216;Testimonio&#8217;<\/strong>\u00a0de <strong>Daniel Calparsoro<\/strong>. Era inevitable que el terrorismo estuviera presente de alguna manera en la historia. El testimonio impactante de\u00a0Barbara D\u00fchrkop contando el asesinato de su marido impacta por su dureza y franqueza. Historia emocionante y reconciliadora.<\/p>\n<p><img loading=\"lazy\" class=\"aligncenter\" title=\"Kalebegiak\" src=\"\/\/www.kalebegiak.eus\/wp-content\/uploads\/2016\/09\/LA-Observer.jpg\" alt=\"Kalebegiak | El fotograma\" width=\"1888\" height=\"804\" \/><\/p>\n<p>En <strong>&#8216;La chica de la luz&#8217;<\/strong>\u00a0tenemos otro descanso de lo verdaderamente interesante. Nuevo documental que habla con la china de las luces de la Parte Vieja. Poco que comentar de este corto de <strong>Maider Fern\u00e1ndez<\/strong>\u00a0y <strong>Mar\u00eda Elorza<\/strong>.<\/p>\n<p>Tras esta historia encontramos mi favorita de las 12. En <strong>&#8216;Los \u00c1ngeles Observer&#8217;<\/strong>, de <strong>Luiso Berdejo<\/strong>,\u00a0encontramos la \u00fanica pel\u00edcula rodada fuera de Donostia. Esta peque\u00f1a historia en blanco y negro nos traslada a una peque\u00f1a casa en Los \u00c1ngeles donde <strong>Miguel Melo<\/strong>\u00a0y <strong>Rance Howard<\/strong>\u00a0viven en una cotidianidad absoluta su amor por su ciudad. El robo es una excusa para hablar del cari\u00f1o que todo donostiarra expatriado siente hacia su ciudad. Emocionante, verdadero, bestial.<\/p>\n<p><img loading=\"lazy\" class=\"aligncenter\" title=\"Kalebegiak\" src=\"\/\/www.kalebegiak.eus\/wp-content\/uploads\/2016\/09\/Narciso.jpg\" alt=\"Kalebegiak | El fotograma | Cine gay\" width=\"1646\" height=\"690\" \/><\/p>\n<p><strong>&#8216;Narciso&#8217;, <\/strong>de <strong>Koldo Almandoz<\/strong>, nos lleva en forma de ciencia ficci\u00f3n hacia ese donostiarra enamorado de s\u00ed mismo que hasta tendr\u00eda relaciones sexuales consigo mismo. Despu\u00e9s de este spoiler, nos encontramos ante uno de los cortos m\u00e1s impactantes de todo el conjunto, es el \u00fanico que he visto de nuevo una vez terminada la pel\u00edcula, ah\u00ed lo dejo.<\/p>\n<p><strong>&#8216;Bidexka&#8217;<\/strong>, de <strong>Borja Cobeaga<\/strong>, es la pen\u00faltima entrega de esta cinta. Es la comedia m\u00e1s grande de la pel\u00edcula. El juego que nos plantea <strong>Cobeaga<\/strong>\u00a0divierte, llama la atenci\u00f3n y sirve para desatascar en un punto ya pesado de la pel\u00edcula. No es el mejor de los cortos, pero bueno, cumple su funci\u00f3n.<\/p>\n<p><img loading=\"lazy\" class=\"aligncenter\" title=\"Kalebegiak\" src=\"\/\/www.kalebegiak.eus\/wp-content\/uploads\/2016\/09\/Bidexka-2.jpg\" alt=\"Kalebegiak | El fotograma\" width=\"1498\" height=\"858\" \/><\/p>\n<p>Cierra <strong>&#8216;Kalebegiak&#8217;<\/strong>\u00a0el corto de <strong>Julio Medem<\/strong>, <strong>&#8216;La ballena azul&#8217;<\/strong>. La supina tonter\u00eda para cerrar del mar sobre una historia real de 3 personajes muy relacionados con la ciudad: Crist\u00f3bal Balenciaga, Goiko y la reina Mar\u00eda Cristina. Abrimos con mar y cerramos con mar, ok, para darle cierto sentido de narraci\u00f3n est\u00e1 bien. Hubiese preferido <strong>&#8216;Kresala&#8217;<\/strong>\u00a0o <strong>&#8216;Iraila&#8217;<\/strong>\u00a0cerrando.<\/p>\n<p><strong>Lo mejor<\/strong>: <strong>&#8216;Los \u00c1ngeles Observer&#8217;<\/strong>.<\/p>\n<p><strong>Lo peor<\/strong>: <strong>&#8216;Kutxa beltza&#8217;<\/strong>.<\/p>\n<p><a href=\"\/fotograma\/wp-content\/uploads\/sites\/71\/2014\/11\/6.png\"><img loading=\"lazy\" class=\"aligncenter size-medium wp-image-91\" title=\"6\" src=\"\/fotograma\/wp-content\/uploads\/sites\/71\/2014\/11\/6-300x29.png\" alt=\"\" width=\"300\" height=\"29\" \/><\/a><\/p>\n<p><iframe loading=\"lazy\" src=\"\/\/www.youtube.com\/embed\/aHjChDJaxus\" frameborder=\"0\" width=\"425\" height=\"350\"><\/iframe><\/p>\n","protected":false},"excerpt":{"rendered":"<p>KALEBEGIAK T\u00edtulo original: Kalebegiak A\u00f1o: 2016 Duraci\u00f3n: 100 minutos Pa\u00eds: Espa\u00f1a Director:\u00a0Koldo Almandoz,\u00a0Asier Altuna,\u00a0Luiso Berdejo,\u00a0Daniel Calparsoro,\u00a0I\u00f1aki Camacho,Borja Cobeaga,\u00a0Mar\u00eda Elorza,\u00a0Telmo Esnal,\u00a0Maider Fernandez Iriarte,Isabel Herguera,\u00a0Ekain Irigoien,\u00a0Julio Medem,\u00a0Izibene O\u00f1ederra,\u00a0Gracia Querejeta y Imanol Uribe Guion:\u00a0Koldo Almandoz,\u00a0Asier Altuna,\u00a0Telmo Esnal,\u00a0K\u00e1ndido Uranga,\u00a0Luiso Berderjo,\u00a0Daniel Calparsoro,\u00a0Borja Cobeaga,\u00a0Diego San Jos\u00e9,\u00a0Ekaitz Cruz,\u00a0Mar\u00eda Elorza,\u00a0Maider Fern\u00e1ndez,\u00a0Isabel Herguera,\u00a0Izibene O\u00f1ederra,\u00a0Ekain Irigoien,\u00a0Inko Mart\u00edn y Julio Medem M\u00fasica:\u00a0Ignacio Bilbao,\u00a0Xabier Erkizia,\u00a0Pascal Gaigne,\u00a0Alberto Iglesias,\u00a0Angel [&hellip;]<\/p>\n","protected":false},"author":101,"featured_media":0,"comment_status":"open","ping_status":"closed","sticky":false,"template":"","format":"standard","meta":[],"categories":[8,11],"tags":[2949,266,2963,2965,2977,2990,2991,3010,1059,3017,3021,3024,3027,3038,3042,1392,3051,3067,3070,3071,1684,1848,1958,2081,3122,3137],"_links":{"self":[{"href":"https:\/\/blogs.diariovasco.com\/fotograma\/wp-json\/wp\/v2\/posts\/622"}],"collection":[{"href":"https:\/\/blogs.diariovasco.com\/fotograma\/wp-json\/wp\/v2\/posts"}],"about":[{"href":"https:\/\/blogs.diariovasco.com\/fotograma\/wp-json\/wp\/v2\/types\/post"}],"author":[{"embeddable":true,"href":"https:\/\/blogs.diariovasco.com\/fotograma\/wp-json\/wp\/v2\/users\/101"}],"replies":[{"embeddable":true,"href":"https:\/\/blogs.diariovasco.com\/fotograma\/wp-json\/wp\/v2\/comments?post=622"}],"version-history":[{"count":0,"href":"https:\/\/blogs.diariovasco.com\/fotograma\/wp-json\/wp\/v2\/posts\/622\/revisions"}],"wp:attachment":[{"href":"https:\/\/blogs.diariovasco.com\/fotograma\/wp-json\/wp\/v2\/media?parent=622"}],"wp:term":[{"taxonomy":"category","embeddable":true,"href":"https:\/\/blogs.diariovasco.com\/fotograma\/wp-json\/wp\/v2\/categories?post=622"},{"taxonomy":"post_tag","embeddable":true,"href":"https:\/\/blogs.diariovasco.com\/fotograma\/wp-json\/wp\/v2\/tags?post=622"}],"curies":[{"name":"wp","href":"https:\/\/api.w.org\/{rel}","templated":true}]}}