{"id":631,"date":"2017-07-04T09:00:27","date_gmt":"2017-07-04T07:00:27","guid":{"rendered":"http:\/\/blogs.diariovasco.com\/fotograma\/?p=631"},"modified":"2017-07-04T09:00:27","modified_gmt":"2017-07-04T07:00:27","slug":"el-club-de-los-cinco-sin-la-tonteria-teen-habitual","status":"publish","type":"post","link":"https:\/\/blogs.diariovasco.com\/fotograma\/2017\/07\/04\/el-club-de-los-cinco-sin-la-tonteria-teen-habitual\/","title":{"rendered":"&#039;El Club de los Cinco&#039;, sin la tonter\u00eda teen habitual"},"content":{"rendered":"<p><strong><img loading=\"lazy\" class=\"alignleft\" title=\"The Breakfast Club\" src=\"https:\/\/pics.filmaffinity.com\/El_club_de_los_cinco-192309838-large.jpg\" alt=\"The Breakfast Club | El Club de los Cinco | Cr\u00edtica de cine | El Fotograma | El Diario Vasco\" width=\"307\" height=\"453\" \/>EL CLUB DE LOS CINCO<\/strong><\/p>\n<p><strong>T\u00edtulo original<\/strong>: The Breakfast Club<\/p>\n<p><strong>A\u00f1o<\/strong>: 1985<\/p>\n<p><strong>Duraci\u00f3n<\/strong>: 100 minutos<\/p>\n<p><strong>Pa\u00eds<\/strong>:\u00a0Estados Unidos<\/p>\n<p><strong>Director<\/strong>: John Hughes<\/p>\n<p><strong>Guion<\/strong>: John Hughes<\/p>\n<p><strong>M\u00fasica<\/strong>: Keith Forsey<\/p>\n<p><strong>Fotograf\u00eda<\/strong>: Thomas Del Ruth<\/p>\n<p><strong>Reparto<\/strong>: Emilio Est\u00e9vez,\u00a0Judd Nelson,\u00a0Ally Sheedy,\u00a0Anthony Michael Hall,\u00a0Molly Ringwald,Paul Gleason y\u00a0John Kapelos<\/p>\n<p><strong>Productora<\/strong>: Universal Pictures<\/p>\n<p><strong>G\u00e9nero<\/strong>: Comedia<\/p>\n<p>Cinco estudiantes de distinta educaci\u00f3n, formaci\u00f3n y gustos son castigados a pasar un s\u00e1bado en el instituto en el que estudian. Pronto las desavenencias entre ellos aparecen, especialmente cuando el director que les vigila se ausenta del aula&#8230; Comedia juvenil de culto de los a\u00f1os ochenta. (<a title=\"The Breakfast Club\" href=\"https:\/\/www.filmaffinity.com\/es\/film345630.html\" target=\"_blank\">FilmAffinity<\/a>)<\/p>\n<p>En muchas ocasiones me he quejado del tono excesivamente infantil que se le da a productos dirigidos a ni\u00f1os y adolescentes. Esa p\u00e1tina de idiotez intencionada que poco beneficio trae para los espectadores y que termina desvirtuando y devaluando un producto que podr\u00eda ser interesante. Con <strong>&#8216;El Club de los Cinco&#8217;<\/strong>, el t\u00edtulo en ingl\u00e9s mola m\u00e1s, <strong>&#8216;The Breakfast Club&#8217;<\/strong>, encontramos un ejemplo cl\u00e1sico de cine de adolescentes sin tonter\u00edas.<\/p>\n<p>Esta pel\u00edcula del a\u00f1o 1985, es uno de estos filmes imperecederos. No caduca nunca. Su guion es tan brillante que se puede disfrutar igual que en los 80 y no se queda obsoleto. Y, lo mejor de todo, el guion no es simpl\u00f3n, ya que los adolescentes tratan temas de toda clase y condici\u00f3n, y que rara vez podemos encontrar en el cine destinado en exclusiva a ellos.<\/p>\n<p><img loading=\"lazy\" class=\"aligncenter\" title=\"The Breakfast Club\" src=\"https:\/\/pics.filmaffinity.com\/El_club_de_los_cinco-659148238-large.jpg\" alt=\"The Breakfast Club | El Club de los Cinco | Cr\u00edtica de cine | El Fotograma | El Diario Vasco\" width=\"1146\" height=\"675\" \/><\/p>\n<p>Con un elenco que ha hecho carrera posteriormente tanto en cine como en tele, <strong>&#8216;The Breakfast Club&#8217;<\/strong>\u00a0se sostiene sobre cinco pilares bien dise\u00f1ados y que consiguen abarcar gran parte de los estereotipos de adolescentes americanos de instituto. Desde la animadora, el futbolista, el empoll\u00f3n-pringado, la marginada y el macarra, todo est\u00e1 aqu\u00ed condensado. Pero todo cambia cuando te das cuenta que aqu\u00ed los guionistas no han empleado a los personajes como mero relleno de la historia, sino que cumplen un rol esencial en toda la funci\u00f3n.<\/p>\n<p>Los\u00a0<strong>Emilio Est\u00e9vez<\/strong>,\u00a0<strong>Judd Nelson<\/strong>,\u00a0<strong>Ally Sheedy<\/strong>,\u00a0<strong>Anthony Michael Hall<\/strong> y <strong>Molly Ringwald<\/strong> son grandes actores. Demuestran que lo dan todo en dar vida a unos personajes ricos en matices y muy interesantes para el espectador, especialmente por su buen hacer. Hubo una \u00e9poca en la que se eleg\u00eda \u00a0a los actores de las teen movies por su talento interpretativo, y no por sus aptitudes para desfilar en una pasarela o ser tronista.<\/p>\n<p>Lo dije con <strong>&#8216;<a title=\"\u2018Jongens\u2019, fuera estereotipos y fuera complejos\" href=\"https:\/\/blogs.diariovasco.com\/fotograma\/2017\/06\/20\/jongens-fuera-estereotipos-y-fuera-complejos\/\" target=\"_blank\">Jongens<\/a>&#8216;<\/strong>\u00a0y me repetir\u00e9 otra vez: cuando no se toma por est\u00fapido al espectador el resultado es mucho mejor. Los adolescentes no son idiotas, no se les tiene que hablar como personas deficientes o a las que les falta un golpe de horno, son gente suficientemente capaz para tratar todo tipo de asuntos. Esta pel\u00edcula es un ejemplo clar\u00edsimo que a muchos adultos les puede escocer, ya que aqu\u00ed se habla de todo y sin tapujos.<\/p>\n<p><img loading=\"lazy\" class=\"aligncenter\" title=\"The Breakfast Club\" src=\"https:\/\/pics.filmaffinity.com\/El_club_de_los_cinco-874974755-large.jpg\" alt=\"The Breakfast Club | El Club de los Cinco | Cr\u00edtica de cine | El Fotograma | El Diario Vasco\" width=\"1200\" height=\"800\" \/><\/p>\n<p>Por cierto, agradecer a un cap\u00edtulo especial de la serie catalana <strong>&#8216;Merl\u00ed&#8217;<\/strong>\u00a0el hecho de haber llegado hasta esta pel\u00edcula. En la serie creada por <strong>H\u00e9ctor Lozano<\/strong>\u00a0y protagonizada por <strong>Francesc Orella<\/strong>\u00a0(<strong>&#8216;<a title=\"\u2018Lasa y Zabala\u2019, necesario relato de un oscuro episodio\" href=\"https:\/\/blogs.diariovasco.com\/fotograma\/2014\/10\/24\/lasa-y-zabala-necesario-relato-de-un-oscuro-episodio\/\" target=\"_blank\">Lasa y Zabala<\/a>&#8216;<\/strong>), <strong>David Solans<\/strong>\u00a0(<strong>&#8216;<a title=\"\u2018Hijo de Ca\u00edn\u2019, partida de ajedrez con David Solans\" href=\"https:\/\/blogs.diariovasco.com\/fotograma\/2017\/01\/03\/hijo-cain-david-solans-cine-critica\/\" target=\"_blank\">Hijo de Ca\u00edn<\/a>&#8216;<\/strong>) y <strong>Carlos Cuevas<\/strong>, se homenaje\u00f3 brillantemente a esta cinta con uno de los cap\u00edtulos m\u00e1s brillantes de su segunda temporada. Por cierto, tanto <strong>&#8216;Merl\u00ed&#8217;<\/strong>\u00a0como <strong>&#8216;El Club de los Cinco&#8217;<\/strong>, o el reciente \u00e9xito noruego <strong>&#8216;Skam&#8217;<\/strong>,\u00a0tienen en com\u00fan que est\u00e1n dirigidos a un p\u00fablico adolescente, pero sin subestimar sus capacidades, convirti\u00e9ndose todos ellos en productos de culto.<\/p>\n<p><strong>Lo mejor<\/strong>: el quinteto protagonista y el guion que no da puntada sin hilo.<\/p>\n<p><strong>Lo peor<\/strong>: el final, excesivamente atropellado y que rompe la magia de todo lo anterior.<\/p>\n<p><a href=\"\/fotograma\/wp-content\/uploads\/sites\/71\/2014\/11\/9.png\"><img loading=\"lazy\" class=\"aligncenter size-medium wp-image-97\" title=\"9\" src=\"\/fotograma\/wp-content\/uploads\/sites\/71\/2014\/11\/9-300x29.png\" alt=\"The Breakfast Club | El Club de los Cinco | Cr\u00edtica de cine | El Fotograma | El Diario Vasco\" width=\"300\" height=\"29\" \/><\/a><\/p>\n<p><iframe loading=\"lazy\" src=\"\/\/www.youtube.com\/embed\/BSXBvor47Zs\" frameborder=\"0\" width=\"425\" height=\"350\"><\/iframe><\/p>\n","protected":false},"excerpt":{"rendered":"<p>Cinco estudiantes de distinta educaci\u00f3n, formaci\u00f3n y gustos son castigados a pasar un s\u00e1bado en el instituto en el que estudian. Pronto las desavenencias entre ellos aparecen, especialmente cuando el director que les vigila se ausenta del aula&#8230; Comedia juvenil de culto de los a\u00f1os ochenta.<\/p>\n","protected":false},"author":101,"featured_media":0,"comment_status":"open","ping_status":"closed","sticky":false,"template":"","format":"standard","meta":[],"categories":[8],"tags":[2952,2958,2993,2997,3032,3033,3036,3079,1985,3125],"_links":{"self":[{"href":"https:\/\/blogs.diariovasco.com\/fotograma\/wp-json\/wp\/v2\/posts\/631"}],"collection":[{"href":"https:\/\/blogs.diariovasco.com\/fotograma\/wp-json\/wp\/v2\/posts"}],"about":[{"href":"https:\/\/blogs.diariovasco.com\/fotograma\/wp-json\/wp\/v2\/types\/post"}],"author":[{"embeddable":true,"href":"https:\/\/blogs.diariovasco.com\/fotograma\/wp-json\/wp\/v2\/users\/101"}],"replies":[{"embeddable":true,"href":"https:\/\/blogs.diariovasco.com\/fotograma\/wp-json\/wp\/v2\/comments?post=631"}],"version-history":[{"count":0,"href":"https:\/\/blogs.diariovasco.com\/fotograma\/wp-json\/wp\/v2\/posts\/631\/revisions"}],"wp:attachment":[{"href":"https:\/\/blogs.diariovasco.com\/fotograma\/wp-json\/wp\/v2\/media?parent=631"}],"wp:term":[{"taxonomy":"category","embeddable":true,"href":"https:\/\/blogs.diariovasco.com\/fotograma\/wp-json\/wp\/v2\/categories?post=631"},{"taxonomy":"post_tag","embeddable":true,"href":"https:\/\/blogs.diariovasco.com\/fotograma\/wp-json\/wp\/v2\/tags?post=631"}],"curies":[{"name":"wp","href":"https:\/\/api.w.org\/{rel}","templated":true}]}}