{"id":645,"date":"2017-07-25T09:00:17","date_gmt":"2017-07-25T07:00:17","guid":{"rendered":"http:\/\/blogs.diariovasco.com\/fotograma\/?p=642"},"modified":"2017-07-25T14:34:14","modified_gmt":"2017-07-25T12:34:14","slug":"dunkerque-christopher-nolan-critica-cine","status":"publish","type":"post","link":"https:\/\/blogs.diariovasco.com\/fotograma\/2017\/07\/25\/dunkerque-christopher-nolan-critica-cine\/","title":{"rendered":"&#8216;Dunkerque&#8217;, Nolan renuncia al di\u00e1logo pero no a los fuegos artificiales"},"content":{"rendered":"<p><strong><img loading=\"lazy\" class=\"alignleft\" title=\"Dunkerque\" src=\"https:\/\/pics.filmaffinity.com\/Dunkerque-531538517-large.jpg\" alt=\"Dunkerque | Dunkirk | Cr\u00edtica de cine\" width=\"307\" height=\"453\" \/>DUNKERQUE<\/strong><\/p>\n<p><strong>T\u00edtulo original<\/strong>: Dunkirk<\/p>\n<p><strong>A\u00f1o<\/strong>: 2017<\/p>\n<p><strong>Duraci\u00f3n<\/strong>: 107 minutos<\/p>\n<p><strong>Pa\u00eds<\/strong>: Estados Unidos<\/p>\n<p><strong>Director<\/strong>: Christopher Nolan<\/p>\n<p><strong>Guion<\/strong>: Christopher Nolan<\/p>\n<p><strong>M\u00fasica<\/strong>: Hans Zimmer<\/p>\n<p><strong>Fotograf\u00eda<\/strong>: Hoyte van Hoytema<\/p>\n<p><strong>Reparto<\/strong>:\u00a0Fionn Whitehead,\u00a0Tom Hardy,\u00a0Mark Rylance,\u00a0Kenneth Branagh,\u00a0Harry Styles,Jack Lowden,\u00a0Aneurin Barnard,\u00a0Cillian Murphy,\u00a0James D&#8217;Arcy,\u00a0Barry Keoghan,Tom Glynn-Carney,\u00a0Bradley Hall,\u00a0Damien Bonnard,\u00a0Jochum ten Haaf y\u00a0Michel Biel<\/p>\n<p><strong>Productora<\/strong>: Warner Bros. Pictures \/ Syncopy<\/p>\n<p><strong>G\u00e9nero<\/strong>: B\u00e9lico \/ Acci\u00f3n<\/p>\n<p>A\u00f1o 1940, en plena Guerra Mundial. En las playas de Dunkerque, cientos de miles de soldados de las tropas brit\u00e1nicas y aliadas se encuentran rodeadas por el avance del ejercito alem\u00e1n que ha invadido Francia. Atrapados en la playa, con el mar cort\u00e1ndoles el paso, las tropas se enfrentan a una situaci\u00f3n angustiosa que empeora a medida que el enemigo se acerca&#8230; Basada en hechos reales. (<a title=\"Dunkerque\" href=\"https:\/\/www.filmaffinity.com\/es\/film895384.html\" target=\"_blank\">FilmAffinity<\/a>)<\/p>\n<p>Estamos ante una de las pel\u00edculas m\u00e1s apote\u00f3sicas del a\u00f1o, sin ning\u00fan g\u00e9nero de duda. La cr\u00edtica se ha rendido a sus pies y todo ello cuando <strong>Christopher Nolan<\/strong>\u00a0acumula cada vez m\u00e1s detractores posturetas porque es un director que fascina al p\u00fablico y hace cine comercial. Pero esta vez, hasta esos que dudan de \u00e9l han tenido que admitir que se ha salido.<\/p>\n<p><img loading=\"lazy\" class=\"aligncenter\" title=\"Dunkerque\" src=\"https:\/\/pics.filmaffinity.com\/Dunkerque-725566302-large.jpg\" alt=\"Dunkerque | Dunkirk | Cr\u00edtica de cine\" width=\"1902\" height=\"796\" \/><\/p>\n<p>Despu\u00e9s de dirigir cine de ciencia ficci\u00f3n, de superh\u00e9roes, de magos, hacer reboots, remakes, etc. nos sorprende con la mejor pel\u00edcula b\u00e9lica desde <strong>&#8216;<a title=\"\u2018Salvar al soldado Ryan\u2019, la mejor batalla jam\u00e1s rodada\" href=\"https:\/\/blogs.diariovasco.com\/fotograma\/2016\/08\/19\/salvar-al-soldado-ryan-la-mejor-batalla-jamas-rodada\/\" target=\"_blank\">Salvar al soldado Ryan<\/a>&#8216;<\/strong>, y esto son palabras mayores. Todo en <strong>&#8216;Dunkerque&#8217;<\/strong>\u00a0transmite \u00e9pica, grandilocuencia, emoci\u00f3n y tensi\u00f3n. No renuncia a crear un relato aut\u00e9ntico por priorizar elementos extra, aunque claro, siendo <strong>Nolan<\/strong>\u00a0estos elementos extra son parte del todo.<\/p>\n<p>Quien haya seguido la trayectoria del director brit\u00e1nico sabr\u00e1 que sus pel\u00edculas est\u00e1n bien montadas, como es el caso de <strong>&#8216;Dunkerque&#8217;<\/strong>. Mezcla tiempos para a\u00f1adir complejidad a la hora de seguir la narraci\u00f3n, aqu\u00ed tambi\u00e9n. Los personajes femeninos brillan tirando a poco, aqu\u00ed directamente se cuentan con los dedos de una mano y ninguna tiene una sola l\u00ednea de di\u00e1logo. La m\u00fasica est\u00e1 ah\u00ed para engrandecer todo, subrayar hasta el m\u00e1s m\u00ednimo detalle y para hacer que la sala de cine tiemble durante todo el metraje, gracias <strong>Hans Zimmer<\/strong>\u00a0por garantizar esto. Y el espectador parece asistir a una cinta h\u00edper compleja, aunque si para a pensarlo est\u00e1 ante una pel\u00edcula que no trata un tema complicado sino que lo envuelve de tal manera que s\u00ed parece enrevesado.<\/p>\n<p><img loading=\"lazy\" class=\"aligncenter\" title=\"Dunkerque\" src=\"https:\/\/pics.filmaffinity.com\/Dunkerque-561790058-large.jpg\" alt=\"Dunkerque | Dunkirk | Cr\u00edtica de cine\" width=\"1800\" height=\"1200\" \/><\/p>\n<p>Con todos los mimbres de <strong>Nolan<\/strong>, <strong>&#8216;Dunkerque&#8217;<\/strong>\u00a0no deja de ser una grandiosa pel\u00edcula que bebe de lo mejor y lo peor del director de <strong>&#8216;<a title=\"\u2018El truco final\u2019, \u201cTodo efecto m\u00e1gico consta de tres partes\u201d\" href=\"https:\/\/blogs.diariovasco.com\/fotograma\/2015\/04\/17\/el-truco-final-todo-efecto-magico-consta-de-tres-partes\/\" target=\"_blank\">El truco final<\/a>&#8216;<\/strong>. Tal vez lo que sorprende es la poca duraci\u00f3n de la cinta, apenas 107 minutos, cuando est\u00e1 habituado a regalarnos pel\u00edculas eternas como <strong>&#8216;<a title=\"\u2018Interstellar\u2019, la odisea espacial de Nolan\" href=\"https:\/\/blogs.diariovasco.com\/fotograma\/2014\/11\/14\/interstellar-la-odisea-espacial-de-nolan\/\" target=\"_blank\">Interstellar<\/a>&#8216;<\/strong>. Y tambi\u00e9n sorprende que renuncia a los di\u00e1logos, casi sin ellos, la pel\u00edcula se construye con m\u00e1s silencios de personajes y m\u00e1s ruido de la banda sonora, aut\u00e9ntica protagonista de la pel\u00edcula.<\/p>\n<p>Veo absurdo el hecho de los saltos temporales en esta pel\u00edcula, y lo voy a explicar m\u00e1s detenidamente. En <strong>&#8216;Memento&#8217;<\/strong>\u00a0la narraci\u00f3n de la misma obligaba a mezclarlo las escenas para que el espectador cayera en la confusi\u00f3n del personaje interpretado por <strong>Guy Pearce<\/strong>\u00a0(<strong>&#8216;<a title=\"\u2018Las aventuras de Priscilla, reina del desierto\u2019, \u00bfqui\u00e9n no querr\u00eda viajar en ese autob\u00fas?\" href=\"https:\/\/blogs.diariovasco.com\/fotograma\/2016\/04\/22\/las-aventuras-de-priscilla-reina-del-desierto-quien-no-querria-viajar-en-ese-autobus\/\" target=\"_blank\">Las aventuras de Priscilla, reina del desierto<\/a>&#8216;<\/strong>). En <strong>&#8216;El truco final&#8217;<\/strong>\u00a0es necesario ir intercalando para que en la \u00faltima escena sea el protagonista quien explique el truco. En <strong>&#8216;Origen&#8217;<\/strong>\u00a0no se mezcla exactamente el tiempo, son las dimensiones de los sue\u00f1os, pero tiene su sentido en la trama. Aqu\u00ed lo veo m\u00e1s postureo que otra cosa. Nos llega a poner la pel\u00edcula en estricto orden temporal y nos hubiese entretenido igualmente. La t\u00e9cnica aqu\u00ed aporta m\u00e1s bien poco.<\/p>\n<p><img loading=\"lazy\" class=\"aligncenter\" title=\"Dunkerque\" src=\"https:\/\/pics.filmaffinity.com\/Dunkerque-551730909-large.jpg\" alt=\"Dunkerque | Dunkirk | Cr\u00edtica de cine\" width=\"1777\" height=\"804\" \/><\/p>\n<p>Pero todos estos &#8220;peros&#8221; no lastran la pel\u00edcula, que est\u00e1 contada y rodada con el m\u00e1ximo gusto posible por parte de un director que ya ha dejado claro que esta historia es algo as\u00ed como una parte personal de s\u00ed mismo. Ha renunciado a gran parte de los di\u00e1logos, y creo que de renunciar a muchos de los efectos sonoros del se\u00f1or <strong>Zimmer<\/strong>\u00a0hubiese engrandecido todav\u00eda m\u00e1s la historia. Menos es m\u00e1s.\u00a0De todos modos, a <strong>Nolan<\/strong>\u00a0le salva que es, en cierto modo, un alumno aventajado de los <strong>Spielberg<\/strong>, <strong>Kubrick<\/strong>\u00a0y tantos otros grandes cl\u00e1sicos, cine actual, s\u00ed, pero con ese aroma de grandes mitos de la direcci\u00f3n.<\/p>\n<p>Actoralmente se puede destacar el gran trabajo de los reci\u00e9n llegados <strong>Fionn Whitehead<\/strong>\u00a0y <strong>Harry Styles<\/strong>, s\u00ed, uno de los One Direction. Y los depurados trabajos de los veteranos <strong>Tom Hardy<\/strong>\u00a0(<strong>&#8216;<a title=\"\u2018El renacido\u2019, esta vez s\u00ed Leo\" href=\"https:\/\/blogs.diariovasco.com\/fotograma\/2016\/02\/12\/el-renacido-esta-vez-si-leo\/\" target=\"_blank\">El renacido<\/a>&#8216;<\/strong>), <strong>Mark Rylance<\/strong>\u00a0(<strong>&#8216;<a title=\"\u2018El puente de los esp\u00edas\u2019, poca acci\u00f3n y mucho personaje\" href=\"https:\/\/blogs.diariovasco.com\/fotograma\/2016\/02\/19\/el-puente-de-los-espias-poca-accion-y-mucho-personaje\/\" target=\"_blank\">El puente de los esp\u00edas<\/a>&#8216;<\/strong>) o <strong>Kenneth Branagh<\/strong>. Echo en falta al habitual de <strong>Nolan<\/strong>, el se\u00f1or <strong>Michael Caine<\/strong>\u00a0(<strong>&#8216;<a title=\"\u2018Kingsman. Servicio secreto\u2019, Bond tiene heredero\" href=\"https:\/\/blogs.diariovasco.com\/fotograma\/2015\/03\/13\/kingsman-servicio-secreto-bond-tiene-heredero\/\" target=\"_blank\">Kingsman<\/a>&#8216;<\/strong>), aunque no falta otro habitual como <strong>Cillian Murphy<\/strong>.<\/p>\n<p><img loading=\"lazy\" class=\"aligncenter\" title=\"Dunkerque\" src=\"https:\/\/pics.filmaffinity.com\/Dunkerque-597811305-large.jpg\" alt=\"Dunkerque | Dunkirk | Cr\u00edtica de cine\" width=\"1920\" height=\"805\" \/><\/p>\n<p>En conclusi\u00f3n, <strong>Nolan<\/strong>\u00a0hace el cine que a \u00e9l le gusta y el p\u00fablico devora con deseo. Una cinta con una complejidad reducida, con una narraci\u00f3n enrevesada sin necesidad con saltos temporales que aportan poco o nada, y con una banda sonora que es la aut\u00e9ntica gran protagonista. Poco di\u00e1logo, s\u00ed, pero sin renunciar a los fuegos artificiales marca de la casa, que se note de quien es la pel\u00edcula.<\/p>\n<p><strong>Lo mejor<\/strong>: a pesar de todos los fuegos de artificio, es una pel\u00edcula que pasar\u00e1 a la historia por m\u00e9ritos propios.<\/p>\n<p><strong>Lo peor<\/strong>: podr\u00eda haber reducido la cantidad de efectos sonoros, renunciado al ya manido salto temporal vac\u00edo de sentido y apostado por el menos es m\u00e1s en todos los aspectos.<\/p>\n<p><a href=\"\/fotograma\/wp-content\/uploads\/sites\/71\/2014\/11\/9.png\"><img loading=\"lazy\" class=\"aligncenter size-medium wp-image-97\" title=\"9\" src=\"\/fotograma\/wp-content\/uploads\/sites\/71\/2014\/11\/9.png\" alt=\"Dunkerque | Dunkirk | Cr\u00edtica de cine\" width=\"300\" height=\"29\" srcset=\"https:\/\/static-blogs.diariovasco.com\/wp-content\/uploads\/sites\/71\/2014\/11\/9.png 564w, https:\/\/static-blogs.diariovasco.com\/wp-content\/uploads\/sites\/71\/2014\/11\/9-300x30.png 300w\" sizes=\"(max-width: 300px) 100vw, 300px\" \/><\/a><\/p>\n<p><iframe loading=\"lazy\" width=\"500\" height=\"281\" src=\"https:\/\/www.youtube.com\/embed\/DsRcqwGOmUU?feature=oembed\" frameborder=\"0\" allowfullscreen><\/iframe><\/p>\n<p>&nbsp;<\/p>\n","protected":false},"excerpt":{"rendered":"<p>Dunkerque: A\u00f1o 1940, en plena Guerra Mundial. En las playas de Dunkerque, cientos de miles de soldados de las tropas brit\u00e1nicas y aliadas se encuentran rodeadas por el avance del ejercito alem\u00e1n que ha invadido Francia. Atrapados en la playa, con el mar cort\u00e1ndoles el paso, las tropas se enfrentan a una situaci\u00f3n angustiosa que empeora a medida que el enemigo se acerca&#8230; Basada en hechos reales.<\/p>\n","protected":false},"author":101,"featured_media":0,"comment_status":"open","ping_status":"closed","sticky":false,"template":"","format":"standard","meta":[],"categories":[2,5],"tags":[3144,3149,3152,510,3156,3161,3166,3167,3172,3178,3182,1124,3187,3194,1679,3206,3219,2470],"_links":{"self":[{"href":"https:\/\/blogs.diariovasco.com\/fotograma\/wp-json\/wp\/v2\/posts\/645"}],"collection":[{"href":"https:\/\/blogs.diariovasco.com\/fotograma\/wp-json\/wp\/v2\/posts"}],"about":[{"href":"https:\/\/blogs.diariovasco.com\/fotograma\/wp-json\/wp\/v2\/types\/post"}],"author":[{"embeddable":true,"href":"https:\/\/blogs.diariovasco.com\/fotograma\/wp-json\/wp\/v2\/users\/101"}],"replies":[{"embeddable":true,"href":"https:\/\/blogs.diariovasco.com\/fotograma\/wp-json\/wp\/v2\/comments?post=645"}],"version-history":[{"count":3,"href":"https:\/\/blogs.diariovasco.com\/fotograma\/wp-json\/wp\/v2\/posts\/645\/revisions"}],"predecessor-version":[{"id":651,"href":"https:\/\/blogs.diariovasco.com\/fotograma\/wp-json\/wp\/v2\/posts\/645\/revisions\/651"}],"wp:attachment":[{"href":"https:\/\/blogs.diariovasco.com\/fotograma\/wp-json\/wp\/v2\/media?parent=645"}],"wp:term":[{"taxonomy":"category","embeddable":true,"href":"https:\/\/blogs.diariovasco.com\/fotograma\/wp-json\/wp\/v2\/categories?post=645"},{"taxonomy":"post_tag","embeddable":true,"href":"https:\/\/blogs.diariovasco.com\/fotograma\/wp-json\/wp\/v2\/tags?post=645"}],"curies":[{"name":"wp","href":"https:\/\/api.w.org\/{rel}","templated":true}]}}