{"id":670,"date":"2017-08-15T12:41:44","date_gmt":"2017-08-15T10:41:44","guid":{"rendered":"http:\/\/blogs.diariovasco.com\/fotograma\/?p=670"},"modified":"2017-08-15T12:41:44","modified_gmt":"2017-08-15T10:41:44","slug":"brujas-zugarramurdi-terele-pavez","status":"publish","type":"post","link":"https:\/\/blogs.diariovasco.com\/fotograma\/2017\/08\/15\/brujas-zugarramurdi-terele-pavez\/","title":{"rendered":"&#8216;Las brujas de Zugarramurdi&#8217;, hasta siempre Terele P\u00e1vez"},"content":{"rendered":"<p><strong><img loading=\"lazy\" class=\"alignleft size-medium\" src=\"https:\/\/pics.filmaffinity.com\/Las_brujas_de_Zugarramurdi-740102179-large.jpg\" alt=\"Cr\u00edtica Las brujas de Zugarramurdi\" width=\"307\" height=\"453\" \/>LAS BRUJAS DE ZUGARRAMURDI<\/strong><\/p>\n<p><strong>T\u00edtulo original<\/strong>: Las brujas de Zugarramurdi<\/p>\n<p><strong>A\u00f1o<\/strong>: 2013<\/p>\n<p><strong>Duraci\u00f3n<\/strong>: 112 minutos<\/p>\n<p><strong>Pa\u00eds<\/strong>: Espa\u00f1a<\/p>\n<p><strong>Director<\/strong>:\u00a0<span class=\"director\">\u00c1lex de la Iglesia<\/span><\/p>\n<p><strong>Guion<\/strong>:\u00a0<span class=\"nb\">\u00c1lex de la Iglesia y<\/span>\u00a0<span class=\"nb\">Jorge Guerricaechevarr\u00eda<\/span><\/p>\n<p><strong>M\u00fasica<\/strong>:\u00a0<span class=\"nb\">Joan Valent<\/span><\/p>\n<p><strong>Fotograf\u00eda<\/strong>:\u00a0<span class=\"nb\">Kiko de la Rica<\/span><\/p>\n<p><strong>Reparto<\/strong>:\u00a0<span class=\"cast\">Hugo Silva,<\/span>\u00a0<span class=\"cast\">Mario Casas,<\/span>\u00a0<span class=\"cast\">Carmen Maura,<\/span>\u00a0<span class=\"cast\">Terele P\u00e1vez,<\/span>\u00a0<span class=\"cast\">Carolina Bang,<\/span><span class=\"cast\">Jaime Ord\u00f3\u00f1ez,<\/span>\u00a0<span class=\"cast\">Gabriel Delgado,<\/span>\u00a0<span class=\"cast\">Pep\u00f3n Nieto,<\/span>\u00a0<span class=\"cast\">Secun de la Rosa,<\/span><span class=\"cast\">Macarena G\u00f3mez,<\/span>\u00a0<span class=\"cast\">Enrique Vill\u00e9n,<\/span>\u00a0<span class=\"cast\">Javier Botet,<\/span>\u00a0<span class=\"cast\">Santiago Segura,<\/span>\u00a0<span class=\"cast\">Carlos Areces,<\/span><span class=\"cast\">Manuel Tallaf\u00e9,<\/span>\u00a0<span class=\"cast\">Mar\u00eda Barranco y<\/span>\u00a0<span class=\"cast\">Alexandra Jim\u00e9nez<\/span><\/p>\n<p><strong>Productora<\/strong>:\u00a0<span class=\"nb\">Enrique Cerezo P.C. \/ La Ferme! Productions<\/span><\/p>\n<p><strong>G\u00e9nero<\/strong>:\u00a0Comedia \/\u00a0Fant\u00e1stico \/\u00a0Terror<\/p>\n<p>Dos parados cometen un atraco y huyen perseguidos por la polic\u00eda y por la ex mujer de uno de ellos. As\u00ed, se adentran en los bosques impenetrables de Navarra y caen en las garras de una horda de mujeres enloquecidas que se alimentan de carne humana. (<a href=\"https:\/\/www.filmaffinity.com\/es\/film496503.html\" target=\"_blank\">FilmAffinity<\/a>)<\/p>\n<p>La noticia del fallecimiento de\u00a0<strong>Terele P\u00e1vez<\/strong> (<strong>&#8216;<a href=\"https:\/\/blogs.diariovasco.com\/fotograma\/2017\/03\/28\/el-bar-el-mejor-alex-de-la-iglesia-en-mucho-tiempo\/\" target=\"_blank\">El Bar<\/a>&#8216;<\/strong>) me pill\u00f3 saliendo del cine, ese lugar donde tantas veces hemos podido disfrutar de su enorme talento actoral. Aquella mujer que un d\u00eda\u00a0<strong>\u00c1lex De la Iglesia<\/strong> (<strong>&#8216;<a href=\"https:\/\/blogs.diariovasco.com\/fotograma\/2015\/09\/19\/dias-de-festival-2-sunset-song-evolution-y-mi-gran-noche\/\" target=\"_blank\">Mi gran noche<\/a>&#8216;<\/strong>) tuvo a bien rescatar y tra\u00e9rnosla a unas generaciones recientes que no la hubi\u00e9semos descubierto si no fuera por el t\u00e1ndem que formaron el director y la actriz bilba\u00ednos.<\/p>\n<p><img loading=\"lazy\" class=\"aligncenter size-medium\" src=\"\/\/e00-elmundo.uecdn.es\/assets\/multimedia\/imagenes\/2017\/08\/11\/15024815264212.jpg\" alt=\"Cr\u00edtica Las brujas de Zugarramurdi\" width=\"1300\" height=\"643\" \/><\/p>\n<p><strong>Terele P\u00e1vez<\/strong> sum\u00f3 muchas pel\u00edculas a una trayectoria envidiable, pero fue con esta locura de su\u00a0<strong>\u00c1lex<\/strong> con el que le lleg\u00f3 el premio definitivo de su carrera, el\u00a0<strong>Goya a mejor actriz de reparto<\/strong>. Su actuaci\u00f3n es genial, aunque no me atrever\u00eda a decir que es esta la mejor de toda su carrera, probablemente no.\u00a0<strong>P\u00e1vez<\/strong> dio vida a la abuela de la peculiar familia de brujas formada por\u00a0<strong>Carmen Maura\u00a0<\/strong>y\u00a0<strong>Carolina Bang<\/strong>.<\/p>\n<p>Aunque en su momento se dio m\u00e1s bombo al retorno de\u00a0<strong>Maura<\/strong> a las \u00f3rdenes de\u00a0<strong>De la Iglesia<\/strong>, es la de\u00a0<strong>P\u00e1vez<\/strong> la actuaci\u00f3n m\u00e1s cre\u00edble de todas. Su personaje, Maritxu, impone. Es de esos personajes que\u00a0<strong>Terele P\u00e1vez<\/strong> tantas veces interpret\u00f3 y a los que dotaba de todo el peso actoral que arrastraba. Una lecci\u00f3n de actuaci\u00f3n entre todo el esperpento que rodea a la cinta.<\/p>\n<p><img loading=\"lazy\" class=\"aligncenter size-medium\" src=\"\/\/1.bp.blogspot.com\/-iHH1Wup7VA8\/UlcfHOf_YgI\/AAAAAAAACDg\/L3oRxkXB8rY\/s1600\/las-brujas-de-zugarramurdi-foto-pelc3adcula-3910.jpg\" alt=\"Cr\u00edtica Las brujas de Zugarramurdi\" width=\"1600\" height=\"681\" \/><\/p>\n<p>Pero, centr\u00e1ndome en la pel\u00edcula, de nuevo\u00a0<strong>\u00c1lex De la Iglesia<\/strong> comienza d\u00e1ndolo todo para terminar desinfl\u00e1ndose como un sufl\u00e9. La primera hora es absolutamente brillante, delirante, r\u00e1pido, impresionante y sorpresivo. En cambio, la \u00faltima hora va renqueando dej\u00e1ndonos el amargo poso de siempre, con esos finales atropellados y donde esperamos mucho m\u00e1s.<\/p>\n<p>No obstante, no voy a centrarme en la locura final desmedida, sino en ese inicio que es de lo mejor que el cine espa\u00f1ol ha dado en la \u00faltima d\u00e9cada. El delirio del director bilba\u00edno alcanza su cima con el atraco y posterior huida de cinco hombres a cada cual m\u00e1s esperp\u00e9ntico.\u00a0<strong>Hugo Silva<\/strong> y su hijo son la nota seria del grupo donde brilla\u00a0<strong>Mario Casas<\/strong>. El actor de\u00a0<strong>&#8216;Los hombres de Paco&#8217;<\/strong> consigue sacar lo mejor de s\u00ed interpretando a personajes atontados, despistados y con pocas luces. La dupla que forma con\u00a0<strong>\u00c1lex De la Iglesia<\/strong> es impagable, y da buena cuenta de ello el\u00a0<strong>Premio Feroz<\/strong> que recibi\u00f3 por su actuaci\u00f3n.<\/p>\n<p><img loading=\"lazy\" class=\"aligncenter size-medium\" src=\"\/\/cazadoresderecompensas.com\/wp-content\/uploads\/2013\/10\/las-brujas.jpg\" alt=\"Cr\u00edtica Las brujas de Zugarramurdi\" width=\"1600\" height=\"673\" \/><\/p>\n<p>Junto a ellos el ausente hombre de Badajos y\u00a0<strong>Jaime Ord\u00f3\u00f1ez<\/strong>, otro de los habituales del director bilba\u00edno.\u00a0<strong>Ord\u00f3\u00f1ez<\/strong> aqu\u00ed nos da la peor de sus tres actuaciones junto a este director, pero sigue siendo una actuaci\u00f3n brillante como el taxista perdedor.<\/p>\n<p>Y como esta pel\u00edcula es un desfile y goteo continuado de personajes variopintos, tenemos que hablar del aquelarre de brujas.\u00a0<strong>Carmen Maura<\/strong> desentona en un papel que no le viene bien desde el mismo momento en que se viste de predicadora.\u00a0<strong>Carolina Bang<\/strong> no est\u00e1 convincente tampoco, aunque aporta la dosis de belleza que le falta a la cinta.<\/p>\n<p><img loading=\"lazy\" class=\"aligncenter size-medium\" src=\"\/\/3.bp.blogspot.com\/-YUOwMu-4ca4\/Ukfy0bk0xSI\/AAAAAAAAG2U\/OGT7foFPtgM\/s1600\/brujas+5.jpg\" alt=\"Cr\u00edtica Las brujas de Zugarramurdi\" width=\"1600\" height=\"681\" \/><\/p>\n<p>En cambio, en ese grupo de se\u00f1oras alocadas, a las que se une una desquiciada\u00a0<strong>Macarena G\u00f3mez<\/strong>, hay que mencionar no a dos mujeres, a dos hombres. Las actuaciones de\u00a0<strong>Santiago Segura<\/strong> y\u00a0<strong>Carlos Areces<\/strong> como brujas, travestidas y de lengua afilada es aut\u00e9nticamente impagable. Ambos est\u00e1n sembrados y se nota que disfrutan dando vida a estas dos cotorras que consiguen hacer subir la segunda mitad de la cinta.<\/p>\n<p>El guion es genial, a excepci\u00f3n del final atropellado y con tufillo a improvisado que siempre desprende\u00a0<strong>De la Iglesia<\/strong>. Los di\u00e1logos son de a\u00fapa, llegando a abordar tem\u00e1ticas como el machismo, la custodia de los hijos, el paro, la crisis, el trabajo&#8230; Un guion rapid\u00edsimo donde se suceden di\u00e1logos a cada cual m\u00e1s surrealista. Pura genialidad.<\/p>\n<p><img loading=\"lazy\" class=\"aligncenter size-medium\" src=\"\/\/3.bp.blogspot.com\/-6SXsQaKPK5U\/Ukfymn0XssI\/AAAAAAAAG2M\/VY9LcwcUiys\/s1600\/brujas+4.jpg\" alt=\"Cr\u00edtica Las brujas de Zugarramurdi\" width=\"1600\" height=\"681\" \/><\/p>\n<p>No es la mejor pel\u00edcula de\u00a0<strong>\u00c1lex De la Iglesia<\/strong>, pero s\u00ed que es una de las m\u00e1s destacadas de su reciente filmograf\u00eda. Una marcianada que esconde mucho debajo de tanta peluca, vestuario llamativo y maquillaje. Humor espa\u00f1ol del siglo XXI, pero sin la chabacaner\u00eda y la tontuna tan habituales en otras pel\u00edculas y series recientes, esto s\u00ed merece la pena.<\/p>\n<p><strong>Lo mejor<\/strong>: El guion y\u00a0<strong>Terele P\u00e1vez<\/strong>.<\/p>\n<p><strong>Lo peor<\/strong>:\u00a0<strong>\u00c1lex De la Iglesia<\/strong> no sabe concluir una pel\u00edcula.<\/p>\n<p><a href=\"https:\/\/static-blogs.diariovasco.com\/wp-content\/uploads\/sites\/71\/2014\/11\/75.png\"><img loading=\"lazy\" class=\"aligncenter size-medium wp-image-94\" src=\"https:\/\/static-blogs.diariovasco.com\/wp-content\/uploads\/sites\/71\/2014\/11\/75-300x30.png\" alt=\"Cr\u00edtica Las brujas de Zugarramurdi\" width=\"300\" height=\"30\" srcset=\"https:\/\/static-blogs.diariovasco.com\/wp-content\/uploads\/sites\/71\/2014\/11\/75-300x30.png 300w, https:\/\/static-blogs.diariovasco.com\/wp-content\/uploads\/sites\/71\/2014\/11\/75.png 564w\" sizes=\"(max-width: 300px) 100vw, 300px\" \/><\/a><\/p>\n<p><iframe loading=\"lazy\" width=\"500\" height=\"281\" src=\"https:\/\/www.youtube.com\/embed\/f3uBdsog0no?feature=oembed\" frameborder=\"0\" allowfullscreen><\/iframe><\/p>\n","protected":false},"excerpt":{"rendered":"<p>Las brujas de Zugarramurdi: Dos parados cometen un atraco y huyen perseguidos por la polic\u00eda y por la ex mujer de uno de ellos. As\u00ed, se adentran en los bosques impenetrables de Navarra y caen en las garras de una horda de mujeres enloquecidas que se alimentan de carne humana.<\/p>\n","protected":false},"author":101,"featured_media":0,"comment_status":"open","ping_status":"closed","sticky":false,"template":"","format":"standard","meta":[],"categories":[8,12,17],"tags":[108,3317,429,3312,439,798,3313,1039,1116,1178,3318,3314,3315,3316,1663,2008,2241,2831,2413],"_links":{"self":[{"href":"https:\/\/blogs.diariovasco.com\/fotograma\/wp-json\/wp\/v2\/posts\/670"}],"collection":[{"href":"https:\/\/blogs.diariovasco.com\/fotograma\/wp-json\/wp\/v2\/posts"}],"about":[{"href":"https:\/\/blogs.diariovasco.com\/fotograma\/wp-json\/wp\/v2\/types\/post"}],"author":[{"embeddable":true,"href":"https:\/\/blogs.diariovasco.com\/fotograma\/wp-json\/wp\/v2\/users\/101"}],"replies":[{"embeddable":true,"href":"https:\/\/blogs.diariovasco.com\/fotograma\/wp-json\/wp\/v2\/comments?post=670"}],"version-history":[{"count":2,"href":"https:\/\/blogs.diariovasco.com\/fotograma\/wp-json\/wp\/v2\/posts\/670\/revisions"}],"predecessor-version":[{"id":672,"href":"https:\/\/blogs.diariovasco.com\/fotograma\/wp-json\/wp\/v2\/posts\/670\/revisions\/672"}],"wp:attachment":[{"href":"https:\/\/blogs.diariovasco.com\/fotograma\/wp-json\/wp\/v2\/media?parent=670"}],"wp:term":[{"taxonomy":"category","embeddable":true,"href":"https:\/\/blogs.diariovasco.com\/fotograma\/wp-json\/wp\/v2\/categories?post=670"},{"taxonomy":"post_tag","embeddable":true,"href":"https:\/\/blogs.diariovasco.com\/fotograma\/wp-json\/wp\/v2\/tags?post=670"}],"curies":[{"name":"wp","href":"https:\/\/api.w.org\/{rel}","templated":true}]}}