{"id":734,"date":"2017-12-28T08:35:19","date_gmt":"2017-12-28T07:35:19","guid":{"rendered":"http:\/\/blogs.diariovasco.com\/fotograma\/?p=734"},"modified":"2020-02-04T16:50:31","modified_gmt":"2020-02-04T15:50:31","slug":"la-lengua-de-las-mariposas","status":"publish","type":"post","link":"https:\/\/blogs.diariovasco.com\/fotograma\/2017\/12\/28\/la-lengua-de-las-mariposas\/","title":{"rendered":"&#8216;La lengua de las mariposas&#8217;, una vez la veas no la podr\u00e1s olvidar"},"content":{"rendered":"<p><strong><img loading=\"lazy\" class=\"alignleft size-medium\" src=\"https:\/\/pics.filmaffinity.com\/La_lengua_de_las_mariposas-220234225-large.jpg\" alt=\"La lengua de las mariposas\" width=\"307\" height=\"453\" \/>LA LENGUA DE LAS MARIPOSAS<\/strong><\/p>\n<p><strong>T\u00edtulo<\/strong> <strong>original<\/strong>: La lengua de las mariposas<\/p>\n<p><strong>A\u00f1o<\/strong>: 1999<\/p>\n<p><strong>Duraci\u00f3n<\/strong>: 97 minutos<\/p>\n<p><strong>Pa\u00eds<\/strong>:\u00a0Espa\u00f1a<\/p>\n<p><strong>Director<\/strong>:\u00a0<span class=\"director\">Jos\u00e9 Luis Cuerda<\/span><\/p>\n<p><strong>Guion<\/strong>:\u00a0<span class=\"nb\">Rafael Azcona,<\/span>\u00a0<span class=\"nb\">Jos\u00e9 Luis Cuerda y<\/span>\u00a0<span class=\"nb\">Manuel Rivas (basado en la novela de Manuel Rivas)<\/span><\/p>\n<p><strong>M\u00fasica<\/strong>:\u00a0<span class=\"nb\">Alejandro Amen\u00e1bar<\/span><\/p>\n<p><strong>Fotograf\u00eda<\/strong>:\u00a0<span class=\"nb\">Javier Salmones<\/span><\/p>\n<p><strong>Reparto<\/strong>:\u00a0<span class=\"cast\">Fernando Fern\u00e1n G\u00f3mez,<\/span>\u00a0<span class=\"cast\">Manuel Lozano,<\/span>\u00a0<span class=\"cast\">Ux\u00eda Blanco,<\/span>\u00a0<span class=\"cast\">Gonzalo Uriarte,<\/span><span class=\"cast\">Alexis de los Santos,<\/span>\u00a0<span class=\"cast\">Jes\u00fas Castej\u00f3n,<\/span>\u00a0<span class=\"cast\">Guillermo Toledo,<\/span>\u00a0<span class=\"cast\">Elena Fern\u00e1ndez,<\/span><span class=\"cast\">Tamar Novas,<\/span>\u00a0<span class=\"cast\">Tat\u00e1n,<\/span>\u00a0<span class=\"cast\">Roberto Vidal Bola\u00f1o,<\/span>\u00a0<span class=\"cast\">Celso Parada,<\/span>\u00a0<span class=\"cast\">Celso Bugallo,<\/span><span class=\"cast\">Antonio Lagares,<\/span>\u00a0<span class=\"cast\">Milagros Jim\u00e9nez,<\/span>\u00a0<span class=\"cast\">Lara L\u00f3pez,<\/span>\u00a0<span class=\"cast\">Alberto Castro,<\/span>\u00a0<span class=\"cast\">Diego Vidal,<\/span><span class=\"cast\">Xos\u00e9 Manuel Olveira,<\/span>\u00a0<span class=\"cast\">Manuel Pi\u00f1eiro,<\/span>\u00a0<span class=\"cast\">Alfonso Cid,<\/span>\u00a0<span class=\"cast\">Jos\u00e9 Ram\u00f3n Vieira y\u00a0<\/span><span class=\"cast\">Antonio P\u00e9rez<\/span><\/p>\n<p><strong>Productora<\/strong>:\u00a0<span class=\"nb\">Sogetel \/ Las Producciones del Escorpi\u00f3n \/ Canal+ Espa\u00f1a \/ Televisi\u00f3n Espa\u00f1ola<\/span><\/p>\n<p><strong>G\u00e9nero<\/strong>: Drama<\/p>\n<p>Situada en 1936, Don Gregorio ense\u00f1ar\u00e1 a Moncho con dedicaci\u00f3n y paciencia toda su sabidur\u00eda en cuanto a los conocimientos, la literatura, la naturaleza, y hasta las mujeres. Pero el trasfondo de la amenaza pol\u00edtica subsistir\u00e1 siempre, especialmente cuando Don Gregorio es atacado por ser considerado un enemigo del r\u00e9gimen fascista. As\u00ed se ir\u00e1 abriendo entre estos dos amigos una brecha, tra\u00edda por la fuerza del contexto que los rodea. (<a href=\"https:\/\/www.filmaffinity.com\/es\/film545489.html\" target=\"_blank\" rel=\"noopener\">FilmAffinity<\/a>)<\/p>\n<p><a href=\"https:\/\/blogs.diariovasco.com\/fotograma\/2020\/02\/04\/asi-en-el-cielo-como-en-la-tierra\/\" target=\"_blank\" rel=\"noopener\"><strong>Jos\u00e9 Luis Cuerda<\/strong><\/a> adapt\u00f3 en 1999 en\u00a0<strong>&#8216;La lengua de las mariposas&#8217;<\/strong> la novela hom\u00f3nima de\u00a0<strong>Manuel Rivas<\/strong>. Se trata de una historia de personajes, enormemente humanista y de una cotidianidad envolvente. Como muy habitualmente ocurre en las historias de\u00a0<a href=\"https:\/\/blogs.diariovasco.com\/fotograma\/2018\/12\/31\/tiempo-despues\/\" target=\"_blank\" rel=\"noopener\"><strong>Cuerda<\/strong><\/a>, el pueblo, en este caso gallego, es un personaje m\u00e1s de la cinta. Dentro de este microcosmos, centrado en los inicios de la Guerra Civil, encontraremos todo lo que podemos ver en tantos y tantos pueblos de Espa\u00f1a.<\/p>\n<p><iframe loading=\"lazy\" width=\"500\" height=\"281\" src=\"https:\/\/www.youtube.com\/embed\/VWUzjlCtdLc?feature=oembed\" frameborder=\"0\" allow=\"accelerometer; autoplay; encrypted-media; gyroscope; picture-in-picture\" allowfullscreen><\/iframe><\/p>\n<p><a href=\"https:\/\/blogs.diariovasco.com\/fotograma\/2018\/04\/24\/amanece-que-no-es-poco\/\" target=\"_blank\" rel=\"noopener\"><strong>Cuerda<\/strong><\/a> nos retrata ese final republicano de la mano de un profesor idealista, que cree en el poder de la educaci\u00f3n y su labor para hacer libres a los alumnos. De ideales anti-fascistas, el personaje de\u00a0<strong>Fernando Fern\u00e1n G\u00f3mez<\/strong> es uno de esos que llega profundamente al alma. Uno de los muchos profesores del cine que hubi\u00e9semos querido tener en nuestros a\u00f1os de estudios.\u00a0Junto a \u00e9l tenemos al jovenc\u00edsimo\u00a0<strong>Manuel Lozano<\/strong>, cuya ilusi\u00f3n e inocencia ser\u00e1n nuestra gu\u00eda a trav\u00e9s de la historia.<\/p>\n<p>La historia nos cuenta la vida en este pueblito gallego donde tenemos a un cacique, una mujer devota, queridas, el bocachancla, el raro&#8230; ya sab\u00e9is a qu\u00e9 me refiero. Cada uno de esos personajes tendr\u00e1 que tomar posici\u00f3n ante la llegada de la Guerra Civil, principal acontecimiento que marca el giro en el devenir de la cinta.<\/p>\n<p><img loading=\"lazy\" class=\"aligncenter size-medium\" src=\"\/\/es.web.img2.acsta.net\/r_1280_720\/pictures\/15\/06\/02\/09\/25\/179300.jpg\" alt=\"La lengua de las mariposas\" width=\"1277\" height=\"720\" \/><\/p>\n<p>Con una sucesi\u00f3n de escenas a las que damos la importancia limitada, vamos adentr\u00e1ndonos de forma inevitable en la naturaleza de dichos personajes. Odiamos al cacique y queremos conversar sin parar con el profesor. Tememos por el futuro que le espera a los ni\u00f1os, queremos saber si el hermano de Moncho consigue ligarse a la china, etc. Este es el verdadero poder de una pel\u00edcula tan sencilla y conmovedora.<\/p>\n<p>Semejante historia no podr\u00eda terminar sin que derramemos alguna que otra lagrimilla. Ese final absolutamente bestial, duro como una bofetada de realidad. El desfile de personajes ante los gritos e insultos de los vecinos es de lo m\u00e1s duro que podemos ver. En unos pocos planos, pocas palabras y miradas que matan,\u00a0<a href=\"https:\/\/blogs.diariovasco.com\/fotograma\/2018\/04\/24\/amanece-que-no-es-poco\/\" target=\"_blank\" rel=\"noopener\"><strong>Cuerda<\/strong><\/a> nos ofrece el m\u00e1s dif\u00edcil todav\u00eda, regalarnos un final con el que jam\u00e1s olvidaremos\u00a0<strong>&#8216;La lengua de las mariposas&#8217;<\/strong>.<\/p>\n<p><img loading=\"lazy\" class=\"aligncenter size-medium\" src=\"\/\/s1.dmcdn.net\/RG0Fd\/1280x720-D-U.jpg\" alt=\"La lengua de las mariposas\" width=\"1280\" height=\"720\" \/><\/p>\n<p><strong>Lo mejor<\/strong>: La relaci\u00f3n entre alumno y profesor.<\/p>\n<p><strong>Lo peor<\/strong><strong>:<\/strong> La triste realidad de encontrarnos ante la incansable capacidad de Espa\u00f1a de dividirse ante cualquier cosa.<\/p>\n<p><a href=\"https:\/\/static-blogs.diariovasco.com\/wp-content\/uploads\/sites\/71\/2014\/11\/9.png\"><img loading=\"lazy\" class=\"aligncenter size-medium wp-image-97\" src=\"https:\/\/static-blogs.diariovasco.com\/wp-content\/uploads\/sites\/71\/2014\/11\/9-300x30.png\" alt=\"La lengua de las mariposas\" width=\"300\" height=\"30\" srcset=\"https:\/\/static-blogs.diariovasco.com\/wp-content\/uploads\/sites\/71\/2014\/11\/9-300x30.png 300w, https:\/\/static-blogs.diariovasco.com\/wp-content\/uploads\/sites\/71\/2014\/11\/9.png 564w\" sizes=\"(max-width: 300px) 100vw, 300px\" \/><\/a><\/p>\n<p><iframe loading=\"lazy\" width=\"500\" height=\"281\" src=\"https:\/\/www.youtube.com\/embed\/JSgUBrnRpAk?feature=oembed\" frameborder=\"0\" allow=\"accelerometer; autoplay; encrypted-media; gyroscope; picture-in-picture\" allowfullscreen><\/iframe><\/p>\n","protected":false},"excerpt":{"rendered":"<p>&#8216;La lengua de las mariposas&#8217; es uno de los m\u00e1s bellos cantos a la libertad que ha dado el cine espa\u00f1ol. Una obra maestra del gran Jos\u00e9 Luis Cuerda<\/p>\n","protected":false},"author":101,"featured_media":2792,"comment_status":"open","ping_status":"closed","sticky":false,"template":"","format":"standard","meta":[],"categories":[11],"tags":[3551,100,3540,3555,3548,3557,3560,3547,3546,3552,3542,3536,3539,3177,3541,3558,3556,3559,3550,3537,3554,3549,3545,3543,3544,3538,3553],"_links":{"self":[{"href":"https:\/\/blogs.diariovasco.com\/fotograma\/wp-json\/wp\/v2\/posts\/734"}],"collection":[{"href":"https:\/\/blogs.diariovasco.com\/fotograma\/wp-json\/wp\/v2\/posts"}],"about":[{"href":"https:\/\/blogs.diariovasco.com\/fotograma\/wp-json\/wp\/v2\/types\/post"}],"author":[{"embeddable":true,"href":"https:\/\/blogs.diariovasco.com\/fotograma\/wp-json\/wp\/v2\/users\/101"}],"replies":[{"embeddable":true,"href":"https:\/\/blogs.diariovasco.com\/fotograma\/wp-json\/wp\/v2\/comments?post=734"}],"version-history":[{"count":4,"href":"https:\/\/blogs.diariovasco.com\/fotograma\/wp-json\/wp\/v2\/posts\/734\/revisions"}],"predecessor-version":[{"id":2794,"href":"https:\/\/blogs.diariovasco.com\/fotograma\/wp-json\/wp\/v2\/posts\/734\/revisions\/2794"}],"wp:featuredmedia":[{"embeddable":true,"href":"https:\/\/blogs.diariovasco.com\/fotograma\/wp-json\/wp\/v2\/media\/2792"}],"wp:attachment":[{"href":"https:\/\/blogs.diariovasco.com\/fotograma\/wp-json\/wp\/v2\/media?parent=734"}],"wp:term":[{"taxonomy":"category","embeddable":true,"href":"https:\/\/blogs.diariovasco.com\/fotograma\/wp-json\/wp\/v2\/categories?post=734"},{"taxonomy":"post_tag","embeddable":true,"href":"https:\/\/blogs.diariovasco.com\/fotograma\/wp-json\/wp\/v2\/tags?post=734"}],"curies":[{"name":"wp","href":"https:\/\/api.w.org\/{rel}","templated":true}]}}