{"id":769,"date":"2017-11-09T08:31:03","date_gmt":"2017-11-09T07:31:03","guid":{"rendered":"http:\/\/blogs.diariovasco.com\/fotograma\/?p=769"},"modified":"2017-11-09T08:31:03","modified_gmt":"2017-11-09T07:31:03","slug":"american-assassin","status":"publish","type":"post","link":"https:\/\/blogs.diariovasco.com\/fotograma\/2017\/11\/09\/american-assassin\/","title":{"rendered":"&#8216;American Assassin&#8217;, olvidable thriller de acci\u00f3n"},"content":{"rendered":"<p><strong><img loading=\"lazy\" class=\"alignleft size-medium\" src=\"https:\/\/pics.filmaffinity.com\/American_Assassin-987203719-large.jpg\" alt=\"\" width=\"307\" height=\"453\" \/>AMERICAN ASSASSIN<\/strong><\/p>\n<p><strong>T\u00edtulo<\/strong> <strong>original<\/strong>: American Assassin<\/p>\n<p><strong>A\u00f1o<\/strong>: 2017<\/p>\n<p><strong>Duraci\u00f3n<\/strong>: 111 minutos<\/p>\n<p><strong>Pa\u00eds<\/strong>:\u00a0Estados Unidos<\/p>\n<p><strong>Director<\/strong>:\u00a0<span class=\"director\">Michael Cuesta<\/span><\/p>\n<p><strong>Guion<\/strong>:\u00a0<span class=\"nb\">Stephen Schiff (Novela: Vince Flynn)<\/span><\/p>\n<p><strong>M\u00fasica<\/strong>:\u00a0<span class=\"nb\">Steven Price<\/span><\/p>\n<p><strong>Fotograf\u00eda<\/strong>:\u00a0<span class=\"nb\">Enrique Chediak<\/span><\/p>\n<p><strong>Reparto<\/strong>:\u00a0<span class=\"cast\">Dylan O&#8217;Brien,<\/span>\u00a0<span class=\"cast\">Michael Keaton,<\/span>\u00a0<span class=\"cast\">Taylor Kitsch,<\/span>\u00a0<span class=\"cast\">Sanaa Lathan,<\/span>\u00a0<span class=\"cast\">Scott Adkins,<\/span><span class=\"cast\">Shiva Negar,<\/span>\u00a0<span class=\"cast\">Trevor White,<\/span>\u00a0<span class=\"cast\">Mohammad Bakri,<\/span>\u00a0<span class=\"cast\">Alaa Safi,<\/span>\u00a0<span class=\"cast\">Tolga Safer,<\/span><span class=\"cast\">Aso Sherabayani y<\/span>\u00a0<span class=\"cast\">Gioacchino Jim Cuffaro<\/span><\/p>\n<p><strong>Productora<\/strong>:\u00a0<span class=\"nb\">CBS Films \/ Di Bonaventura Pictures \/ Lionsgate \/ Nick Wechsler Productions<\/span><\/p>\n<p><strong>G\u00e9nero<\/strong>:\u00a0Thriller \/\u00a0Acci\u00f3n<\/p>\n<p>Tras la muerte de su prometida en un ataque terrorista, Mitch Rapp es reclutado por los Black Ops y entrena bajo la direcci\u00f3n de Stan Hurley, un agente de la CIA. Rapp y Hurley tendr\u00e1n que llevar a cabo una misi\u00f3n para detener una operaci\u00f3n que podr\u00eda desatar el caos a nivel internacional. (<a href=\"https:\/\/www.filmaffinity.com\/es\/film846127.html\" target=\"_blank\">FilmAffinity<\/a>)<\/p>\n<p>Sin demasiadas esperanzas fui al cine a ver\u00a0<strong>&#8216;American Assasin&#8217;<\/strong>, la \u00faltima pel\u00edcula de\u00a0<a href=\"https:\/\/blogs.diariovasco.com\/fotograma\/2015\/01\/16\/birdman-o-la-virtud-de-no-comprender-un-exito-arrollador\/\" target=\"_blank\"><strong>Michael Keaton<\/strong><\/a> y\u00a0<a href=\"https:\/\/blogs.diariovasco.com\/fotograma\/2015\/10\/02\/el-corredor-del-laberinto-las-pruebas-menos-original-y-falto-de-chispa\/\" target=\"_blank\"><strong>Dylan O&#8217;Brien<\/strong><\/a>. El actor de\u00a0<strong>&#8216;Teen Wolf&#8217;<\/strong> y el\u00a0<strong>&#8216;Batman&#8217;<\/strong> original llevan el peso principal de una pel\u00edcula que fuera de ellos dos se desmorona en la monoton\u00eda y el manique\u00edsmo de un g\u00e9nero que no termina de dar con un revulsivo.<\/p>\n<p><img loading=\"lazy\" class=\"aligncenter size-medium\" src=\"https:\/\/pics.filmaffinity.com\/American_Assassin-394182070-large.jpg\" alt=\"\" width=\"1280\" height=\"720\" \/><\/p>\n<p>El cine de acci\u00f3n no tiene en esta adaptaci\u00f3n de la novela de\u00a0<strong>Vince Flynn<\/strong>, novela que no he le\u00eddo y que tampoco leer\u00e9 despu\u00e9s de haber visto la pel\u00edcula, esa pel\u00edcula que consiga reinventar el g\u00e9nero y salir de los c\u00e1nones en los que lleva demasiadas d\u00e9cadas movi\u00e9ndose. Tal vez, y quiz\u00e1 tal vez, suma un nuevo rostro al g\u00e9nero, que no viene nada mal.\u00a0<a href=\"https:\/\/blogs.diariovasco.com\/fotograma\/2016\/12\/01\/marea-negra-una-pequena-joya-para-enmarcar\/\" target=\"_blank\"><strong>Dylan O&#8217;Brien<\/strong><\/a> hace m\u00e9ritos para tenerle en cuenta para futuras pel\u00edculas de acci\u00f3n que le puedan permitir a lucirse algo m\u00e1s con sus no pocas dotes actorales.<\/p>\n<p>Centr\u00e1ndome en la pel\u00edcula, voy a ir directamente a lo que m\u00e1s me ha chirriado y que ha hecho que no me tome demasiado en serio el resto de la cinta. El filme comienza con una escena en una playa.\u00a0<a href=\"https:\/\/blogs.diariovasco.com\/fotograma\/2015\/10\/02\/el-corredor-del-laberinto-las-pruebas-menos-original-y-falto-de-chispa\/\" target=\"_blank\"><strong>Dylan O&#8217;Brien<\/strong><\/a> propone matrimonio a su chica y cuando van a celebrarlo con unas copitas entra un grupo de terroristas isl\u00e1micos y matan a todo bicho viviente. \u00bfTodo bicho viviente? (Como dir\u00edan en\u00a0<strong>&#8216;Ast\u00e9rix&#8217;<\/strong>) No. Un irreductible veintea\u00f1ero moreno que hemos visto en\u00a0<strong>&#8216;<a href=\"https:\/\/blogs.diariovasco.com\/fotograma\/2014\/10\/03\/el-corredor-del-laberinto-buscando-la-salida\/\" target=\"_blank\">El corredor del laberinto<\/a>&#8216;\u00a0<\/strong>o\u00a0<strong>&#8216;<a href=\"https:\/\/blogs.diariovasco.com\/fotograma\/2016\/12\/01\/marea-negra-una-pequena-joya-para-enmarcar\/\" target=\"_blank\">Marea negra<\/a>&#8216;<\/strong> sobrevive para vengarse de todos ellos.<\/p>\n<p><img loading=\"lazy\" class=\"aligncenter size-medium\" src=\"https:\/\/pics.filmaffinity.com\/American_Assassin-346691246-large.jpg\" alt=\"\" width=\"1799\" height=\"1200\" \/><\/p>\n<p>Vale, el argumento de la escena ya es muy peregrina, pero lo es m\u00e1s por un detalle que en Espa\u00f1a nos puede parecer de risa. Esa playa id\u00edlica est\u00e1 en Ibiza. Todo bien, pero vemos que la playa parece m\u00e1s del Caribe o del sudeste asi\u00e1tico, ya que se encuentra rodeada de un frondoso bosque de color verde intenso. No parece una cala ibicenca. Pero bueno, vamos a darles el beneficio de la duda, ya que C\u00e1diz sirve para retratar La Habana, por qu\u00e9 no el Caribe para hacernos creer que est\u00e1n en Espa\u00f1a. Pues no, porque rematan el entorno con el detalle final que lleva al espectador a la carcajada involuntaria: el camarero del chiringuito de la playa lleva puesta la camiseta de la selecci\u00f3n espa\u00f1ola de f\u00fatbol. M\u00e1s que un detalle para convencernos realmente que estamos en Espa\u00f1a es un chiste involuntario que nos lleva al sonrojo m\u00e1s absoluto.<\/p>\n<p>Despu\u00e9s de esto, decid\u00ed tomarme el resto de la pel\u00edcula con cierta guasa. Tras los 10 minutos iniciales, me quedaban 100 por delante y no era plan de que se me hiciera eterno. Pero as\u00ed fue. La pel\u00edcula no ofrece ning\u00fan aliciente que te mantenga atento. Tal vez la secuencia de acci\u00f3n final levanta un poco el vuelo, incluso el ep\u00edlogo, pero ya. Tampoco es un vuelo de grandes alturas, m\u00e1s bien planea un poquito y para no llegar a ning\u00fan sitio.<\/p>\n<p><img loading=\"lazy\" class=\"aligncenter size-medium\" src=\"https:\/\/pics.filmaffinity.com\/American_Assassin-554391515-large.jpg\" alt=\"\" width=\"1799\" height=\"1200\" \/><\/p>\n<p>As\u00ed que, en definitiva, hice muy bien en no ir con demasiadas esperanzas a ver\u00a0<strong>&#8216;American Assassin&#8217;<\/strong>. La nota puede parecer demasiado abultada para lo que he dicho, pero es que cuando no vas con pretensiones es complicado que pase de una nota regular. Ni para bien ni para mal.<\/p>\n<p><strong>Lo mejor<\/strong>: El esfuerzo de\u00a0<a href=\"https:\/\/blogs.diariovasco.com\/fotograma\/2016\/12\/01\/marea-negra-una-pequena-joya-para-enmarcar\/\" target=\"_blank\"><strong>Dylan O&#8217;Brien<\/strong><\/a> y\u00a0<a href=\"https:\/\/blogs.diariovasco.com\/fotograma\/2016\/02\/05\/spotlight-consigue-poner-los-pelos-de-punta\/\" target=\"_blank\"><strong>Michael Keaton<\/strong><\/a>.<\/p>\n<p><strong>Lo peor<\/strong>: Por favor, \u00bfese sitio es Ibiza? \u00bfEra necesaria la camiseta de la roja? NEXT.<\/p>\n<p><a href=\"https:\/\/static-blogs.diariovasco.com\/wp-content\/uploads\/sites\/71\/2014\/11\/45.png\"><img loading=\"lazy\" class=\"aligncenter size-medium wp-image-88\" src=\"https:\/\/static-blogs.diariovasco.com\/wp-content\/uploads\/sites\/71\/2014\/11\/45-300x30.png\" alt=\"4,5\" width=\"300\" height=\"30\" srcset=\"https:\/\/static-blogs.diariovasco.com\/wp-content\/uploads\/sites\/71\/2014\/11\/45-300x30.png 300w, https:\/\/static-blogs.diariovasco.com\/wp-content\/uploads\/sites\/71\/2014\/11\/45.png 564w\" sizes=\"(max-width: 300px) 100vw, 300px\" \/><\/a><\/p>\n<p><iframe loading=\"lazy\" width=\"500\" height=\"281\" src=\"https:\/\/www.youtube.com\/embed\/UXsTawZEJvw?feature=oembed\" frameborder=\"0\" gesture=\"media\" allowfullscreen><\/iframe><\/p>\n","protected":false},"excerpt":{"rendered":"<p>American Assassin: Tras la muerte de su prometida en un ataque terrorista, Mitch Rapp es reclutado por los Black Ops y entrena bajo la direcci\u00f3n de Stan Hurley, un agente de la CIA. Rapp y Hurley tendr\u00e1n que llevar a cabo una misi\u00f3n para detener una operaci\u00f3n que podr\u00eda desatar el caos a nivel internacional.<\/p>\n","protected":false},"author":101,"featured_media":0,"comment_status":"open","ping_status":"closed","sticky":false,"template":"","format":"standard","meta":[],"categories":[2,18],"tags":[82,3674,3673,715,946,3667,1783,3671,3668,2258,3669,2775,3672,3670],"_links":{"self":[{"href":"https:\/\/blogs.diariovasco.com\/fotograma\/wp-json\/wp\/v2\/posts\/769"}],"collection":[{"href":"https:\/\/blogs.diariovasco.com\/fotograma\/wp-json\/wp\/v2\/posts"}],"about":[{"href":"https:\/\/blogs.diariovasco.com\/fotograma\/wp-json\/wp\/v2\/types\/post"}],"author":[{"embeddable":true,"href":"https:\/\/blogs.diariovasco.com\/fotograma\/wp-json\/wp\/v2\/users\/101"}],"replies":[{"embeddable":true,"href":"https:\/\/blogs.diariovasco.com\/fotograma\/wp-json\/wp\/v2\/comments?post=769"}],"version-history":[{"count":2,"href":"https:\/\/blogs.diariovasco.com\/fotograma\/wp-json\/wp\/v2\/posts\/769\/revisions"}],"predecessor-version":[{"id":771,"href":"https:\/\/blogs.diariovasco.com\/fotograma\/wp-json\/wp\/v2\/posts\/769\/revisions\/771"}],"wp:attachment":[{"href":"https:\/\/blogs.diariovasco.com\/fotograma\/wp-json\/wp\/v2\/media?parent=769"}],"wp:term":[{"taxonomy":"category","embeddable":true,"href":"https:\/\/blogs.diariovasco.com\/fotograma\/wp-json\/wp\/v2\/categories?post=769"},{"taxonomy":"post_tag","embeddable":true,"href":"https:\/\/blogs.diariovasco.com\/fotograma\/wp-json\/wp\/v2\/tags?post=769"}],"curies":[{"name":"wp","href":"https:\/\/api.w.org\/{rel}","templated":true}]}}